{"id":33033,"date":"2024-02-10T11:43:48","date_gmt":"2024-02-10T14:43:48","guid":{"rendered":"https:\/\/www.veracel.com.br\/?p=33033"},"modified":"2024-03-05T12:08:49","modified_gmt":"2024-03-05T15:08:49","slug":"veracel-apoia-a-policia-rodoviaria-em-acoes-para-a-seguranca-no-transito-durante-o-carnaval","status":"publish","type":"post","link":"https:\/\/www.veracel.com.br\/en\/veracel-apoia-a-policia-rodoviaria-em-acoes-para-a-seguranca-no-transito-durante-o-carnaval\/","title":{"rendered":"Veracel apoia a Pol\u00edcia Rodovi\u00e1ria em a\u00e7\u00f5es para a seguran\u00e7a no tr\u00e2nsito durante o Carnaval\u00a0"},"content":{"rendered":"<p><em>Companhia tem refor\u00e7ado suas boas pr\u00e1ticas internas e, juntamente com a Pol\u00edcia Rodovi\u00e1ria Federal em Eun\u00e1polis, alerta sobre os desafios das estradas e a import\u00e2ncia da seguran\u00e7a no tr\u00e2nsito durante o carnaval<\/em><\/p>\n<p>&nbsp;<\/p>\n<p>Com a proximidade do Carnaval, a Pol\u00edcia Rodovi\u00e1ria Federal (PRF) intensifica suas a\u00e7\u00f5es voltadas \u00e0 seguran\u00e7a no tr\u00e2nsito em todo o estado da Bahia, destino de muitos turistas durante o feriado. A Veracel Celulose, que tem diversas iniciativas voltadas para o cuidado com seus motoristas e com a seguran\u00e7a nas estradas do Sul da Bahia, junta-se \u00e0 PRF em Eun\u00e1polis, sua regi\u00e3o de opera\u00e7\u00e3o, para conscientizar a comunidade sobre a import\u00e2ncia da dire\u00e7\u00e3o segura, especialmente durante o per\u00edodo festivo.<br \/>\n<u><\/u><u><\/u><\/p>\n<p>&nbsp;<\/p>\n<h2><strong>Desafios nas Estradas: Alerta da PRF para Motoristas no Sul da Bahia<\/strong><\/h2>\n<p>Segundo dados da PRF, a Opera\u00e7\u00e3o Carnaval 2024 nas rodovias da Bahia prev\u00ea um aumento de 10 a 15% no fluxo de ve\u00edculos, em rela\u00e7\u00e3o aos dias normais. Joede Junior Novais Marinho, chefe da Delegacia da PRF em Eun\u00e1polis, destaca que a regi\u00e3o do extremo Sul do estado, onde \u00e9 utilizada principalmente a BR-101, tem caracter\u00edsticas que requerem ainda mais aten\u00e7\u00e3o dos motoristas: \u201cEm nossa regi\u00e3o, a BR-101 \u00e9 de pista simples e com diversos trechos sinuosos, al\u00e9m de ter um fluxo consider\u00e1vel de ve\u00edculos de carga, o que resulta em um tr\u00e2nsito frequentemente lento. Com isso, h\u00e1 muitos casos de condutores impacientes que, de forma imprudente, realizam ultrapassagens em local proibido, ocasionando acidentes\u201d.<u><\/u><u><\/u><\/p>\n<p>Novais destaca ainda que os motoristas tamb\u00e9m tendem a exceder os limites de velocidade permitidos para &#8220;compensar&#8221; a viagem mais lenta. Ambas as pr\u00e1ticas t\u00eam sido identificadas como causas preponderantes dos acidentes ocorridos nesse trecho.<u><\/u><u><\/u><\/p>\n<p>&nbsp;<\/p>\n<h2><strong>Iniciativas da Veracel para Refor\u00e7ar a Seguran\u00e7a Vi\u00e1ria<\/strong><\/h2>\n<p>A Veracel, que opera em 11 munic\u00edpios no Sul da Bahia e tem sua f\u00e1brica em Eun\u00e1polis, conta com ve\u00edculos de transporte de madeira trafegando nas estradas da regi\u00e3o e trabalha em parceria com a PRF de Eun\u00e1polis para apoiar a seguran\u00e7a nas estradas. Durante o m\u00eas de fevereiro, a companhia tem realizado diversas a\u00e7\u00f5es para refor\u00e7ar, tanto para seus colaboradores quanto para o p\u00fablico em geral, as orienta\u00e7\u00f5es em prol de um tr\u00e2nsito mais seguro.<u><\/u><u><\/u><\/p>\n<p>&nbsp;<\/p>\n<h2><strong>Compromisso da Veracel com a Seguran\u00e7a no Tr\u00e2nsito<\/strong><\/h2>\n<p>\u201cSabemos que, al\u00e9m da locomo\u00e7\u00e3o das pessoas da regi\u00e3o e do tr\u00e1fego de cargas intenso, o tr\u00e2nsito fica ainda mais pesado na \u00e9poca de Carnaval aqui na Costa do Descobrimento, por isso, \u00e9 muito importante para a Veracel refor\u00e7ar ainda mais as nossas boas pr\u00e1ticas internas entre os nossos motoristas e apoiar integralmente todas as iniciativas da PRF para levar informa\u00e7\u00f5es \u00e0 comunidade e aos turistas que passam por nossa regi\u00e3o neste per\u00edodo\u201d, destaca Alberto Nascimento, coordenador de Log\u00edstica Florestal da Veracel.<u><\/u><u><\/u><\/p>\n<p>No caso de feriados com alto fluxo de ve\u00edculos, como o do Carnaval, a Veracel segue a restri\u00e7\u00e3o federal de circula\u00e7\u00e3o de tr\u00e2nsito para ve\u00edculos pesados. Neste ano, a limita\u00e7\u00e3o de circula\u00e7\u00e3o totalizar\u00e1 24h sem circula\u00e7\u00e3o de caminh\u00f5es pesados da companhia durante os quatro dias de festa.\u00a0<u><\/u><u><\/u><\/p>\n<p>&nbsp;<\/p>\n<h2><strong>Restri\u00e7\u00f5es de Tr\u00e2nsito para Ve\u00edculos Pesados Durante o Feriado<\/strong><\/h2>\n<p>A restri\u00e7\u00e3o abrange os per\u00edodos de:<\/p>\n<ul>\n<li>sexta-feira (09\/02), das 16h \u00e0s 22h;<\/li>\n<li>s\u00e1bado (10\/02), das 6h \u00e0s 12h;<\/li>\n<li>ter\u00e7a-feira (13\/02), das 16h \u00e0s 22h;<\/li>\n<li>quarta-feira (14\/02), das 6h \u00e0s 12h.<\/li>\n<\/ul>\n<p>A restri\u00e7\u00e3o \u00e9 para todos os ve\u00edculos de carga em pista simples, cujo peso e dimens\u00f5es excedam 2,6 m de largura, 4,4m de altura e 57 toneladas de peso total bruto combinado.\u00a0<u><\/u><u><\/u><\/p>\n<p>Durante o Carnaval, a PRF estar\u00e1 presente de forma ostensiva em locais estrat\u00e9gicos do Sul baiano. Ela ir\u00e1 focar em pontos cr\u00edticos, onde h\u00e1 maior incid\u00eancia de acidentes e infra\u00e7\u00f5es. A fiscaliza\u00e7\u00e3o ser\u00e1 intensificada para acompanhar infra\u00e7\u00f5es como falta do uso do cinto de seguran\u00e7a. Tamb\u00e9m a utiliza\u00e7\u00e3o do celular durante a condu\u00e7\u00e3o, al\u00e9m de ultrapassagens proibidas e embriaguez ao volante.<\/p>\n<p>&nbsp;<\/p>\n<p><strong><a href=\"https:\/\/www.veracel.com.br\/nosso-jeito\/\">Saiba mais sobre o jeito de ser Veracel Celulose<\/a><\/strong><\/p>\n<p><strong><a href=\"https:\/\/www.veracel.com.br\/sustentabilidade\/operacoes-sustentaveis\/\">Conhe\u00e7a as nossas opera\u00e7\u00f5es sustent\u00e1veis<\/a><\/strong><\/p>\n","protected":false},"excerpt":{"rendered":"<p>Companhia tem refor\u00e7ado suas boas pr\u00e1ticas internas e, juntamente com a Pol\u00edcia Rodovi\u00e1ria Federal em Eun\u00e1polis, alerta sobre os desafios das estradas e a import\u00e2ncia da seguran\u00e7a no tr\u00e2nsito durante o carnaval &nbsp; Com a proximidade do Carnaval, a Pol\u00edcia Rodovi\u00e1ria Federal (PRF) intensifica suas a\u00e7\u00f5es voltadas \u00e0 seguran\u00e7a no tr\u00e2nsito em todo o estado [&hellip;]<\/p>\n","protected":false},"author":2,"featured_media":0,"comment_status":"closed","ping_status":"closed","sticky":false,"template":"","format":"standard","meta":{"_acf_changed":false,"footnotes":"","_links_to":"","_links_to_target":""},"categories":[271,211],"tags":[],"class_list":["post-33033","post","type-post","status-publish","format-standard","hentry","category-a-veracel","category-noticias"],"acf":[],"yoast_head":"<!-- This site is optimized with the Yoast SEO Premium plugin v26.7 (Yoast SEO v27.4) - https:\/\/yoast.com\/product\/yoast-seo-premium-wordpress\/ -->\n<title>Seguran\u00e7a no tr\u00e2nsito: Veracel e Pol\u00edcia Rodovi\u00e1ria em a\u00e7\u00e3o<\/title>\n<meta name=\"description\" content=\"A Veracel Celulose tem refor\u00e7ado suas boas pr\u00e1ticas internas e alertado sobre a seguran\u00e7a do tr\u00e2nsito durante o carnaval\" \/>\n<meta name=\"robots\" content=\"index, follow, max-snippet:-1, max-image-preview:large, max-video-preview:-1\" \/>\n<link rel=\"canonical\" href=\"https:\/\/www.veracel.com.br\/veracel-apoia-a-policia-rodoviaria-em-acoes-para-a-seguranca-no-transito-durante-o-carnaval\/\" \/>\n<meta property=\"og:locale\" content=\"en_US\" \/>\n<meta property=\"og:type\" content=\"article\" \/>\n<meta property=\"og:title\" content=\"Veracel apoia a Pol\u00edcia Rodovi\u00e1ria em a\u00e7\u00f5es para a seguran\u00e7a no tr\u00e2nsito durante o Carnaval\u00a0\" \/>\n<meta property=\"og:description\" content=\"A Veracel Celulose tem refor\u00e7ado suas boas pr\u00e1ticas internas e alertado sobre a seguran\u00e7a do tr\u00e2nsito durante o carnaval\" \/>\n<meta property=\"og:url\" content=\"https:\/\/www.veracel.com.br\/veracel-apoia-a-policia-rodoviaria-em-acoes-para-a-seguranca-no-transito-durante-o-carnaval\/\" \/>\n<meta property=\"og:site_name\" content=\"Veracel Celulose\" \/>\n<meta property=\"article:published_time\" content=\"2024-02-10T14:43:48+00:00\" \/>\n<meta property=\"article:modified_time\" content=\"2024-03-05T15:08:49+00:00\" \/>\n<meta name=\"author\" content=\"saulo\" \/>\n<meta name=\"twitter:card\" content=\"summary_large_image\" \/>\n<meta name=\"twitter:label1\" content=\"Written by\" \/>\n\t<meta name=\"twitter:data1\" content=\"saulo\" \/>\n\t<meta name=\"twitter:label2\" content=\"Est. reading time\" \/>\n\t<meta name=\"twitter:data2\" content=\"4 minutes\" \/>\n<script type=\"application\/ld+json\" class=\"yoast-schema-graph\">{\"@context\":\"https:\\\/\\\/schema.org\",\"@graph\":[{\"@type\":\"WebPage\",\"@id\":\"https:\\\/\\\/www.veracel.com.br\\\/veracel-apoia-a-policia-rodoviaria-em-acoes-para-a-seguranca-no-transito-durante-o-carnaval\\\/\",\"url\":\"https:\\\/\\\/www.veracel.com.br\\\/veracel-apoia-a-policia-rodoviaria-em-acoes-para-a-seguranca-no-transito-durante-o-carnaval\\\/\",\"name\":\"Seguran\u00e7a no tr\u00e2nsito: Veracel e Pol\u00edcia Rodovi\u00e1ria em a\u00e7\u00e3o\",\"isPartOf\":{\"@id\":\"https:\\\/\\\/www.veracel.com.br\\\/#website\"},\"datePublished\":\"2024-02-10T14:43:48+00:00\",\"dateModified\":\"2024-03-05T15:08:49+00:00\",\"description\":\"A Veracel Celulose tem refor\u00e7ado suas boas pr\u00e1ticas internas e alertado sobre a seguran\u00e7a do tr\u00e2nsito durante o carnaval\",\"breadcrumb\":{\"@id\":\"https:\\\/\\\/www.veracel.com.br\\\/veracel-apoia-a-policia-rodoviaria-em-acoes-para-a-seguranca-no-transito-durante-o-carnaval\\\/#breadcrumb\"},\"inLanguage\":\"en-US\",\"potentialAction\":[{\"@type\":\"ReadAction\",\"target\":[\"https:\\\/\\\/www.veracel.com.br\\\/veracel-apoia-a-policia-rodoviaria-em-acoes-para-a-seguranca-no-transito-durante-o-carnaval\\\/\"]}]},{\"@type\":\"BreadcrumbList\",\"@id\":\"https:\\\/\\\/www.veracel.com.br\\\/veracel-apoia-a-policia-rodoviaria-em-acoes-para-a-seguranca-no-transito-durante-o-carnaval\\\/#breadcrumb\",\"itemListElement\":[{\"@type\":\"ListItem\",\"position\":1,\"name\":\"Home\",\"item\":\"https:\\\/\\\/www.veracel.com.br\\\/\"},{\"@type\":\"ListItem\",\"position\":2,\"name\":\"Not\u00edcias\",\"item\":\"https:\\\/\\\/www.veracel.com.br\\\/noticias\\\/\"},{\"@type\":\"ListItem\",\"position\":3,\"name\":\"Veracel apoia a Pol\u00edcia Rodovi\u00e1ria em a\u00e7\u00f5es para a seguran\u00e7a no tr\u00e2nsito durante o Carnaval\u00a0\"}]},{\"@type\":\"WebSite\",\"@id\":\"https:\\\/\\\/www.veracel.com.br\\\/#website\",\"url\":\"https:\\\/\\\/www.veracel.com.br\\\/\",\"name\":\"Veracel Celulose\",\"description\":\"Quando crescemos juntos vamos muito mais longe\",\"publisher\":{\"@id\":\"https:\\\/\\\/www.veracel.com.br\\\/#organization\"},\"potentialAction\":[{\"@type\":\"SearchAction\",\"target\":{\"@type\":\"EntryPoint\",\"urlTemplate\":\"https:\\\/\\\/www.veracel.com.br\\\/?s={search_term_string}\"},\"query-input\":{\"@type\":\"PropertyValueSpecification\",\"valueRequired\":true,\"valueName\":\"search_term_string\"}}],\"inLanguage\":\"en-US\"},{\"@type\":\"Organization\",\"@id\":\"https:\\\/\\\/www.veracel.com.br\\\/#organization\",\"name\":\"Veracel Celulose\",\"url\":\"https:\\\/\\\/www.veracel.com.br\\\/\",\"logo\":{\"@type\":\"ImageObject\",\"inLanguage\":\"en-US\",\"@id\":\"https:\\\/\\\/www.veracel.com.br\\\/#\\\/schema\\\/logo\\\/image\\\/\",\"url\":\"https:\\\/\\\/www.veracel.com.br\\\/wp-content\\\/uploads\\\/2024\\\/08\\\/Ativo-1.png\",\"contentUrl\":\"https:\\\/\\\/www.veracel.com.br\\\/wp-content\\\/uploads\\\/2024\\\/08\\\/Ativo-1.png\",\"width\":400,\"height\":121,\"caption\":\"Veracel Celulose\"},\"image\":{\"@id\":\"https:\\\/\\\/www.veracel.com.br\\\/#\\\/schema\\\/logo\\\/image\\\/\"},\"sameAs\":[\"https:\\\/\\\/www.instagram.com\\\/veracelcelulose\",\"https:\\\/\\\/www.linkedin.com\\\/company\\\/veracelcelulose\\\/\",\"https:\\\/\\\/www.youtube.com\\\/user\\\/CanalVeracel\"]}]}<\/script>\n<!-- \/ Yoast SEO Premium plugin. -->","yoast_head_json":{"title":"Seguran\u00e7a no tr\u00e2nsito: Veracel e Pol\u00edcia Rodovi\u00e1ria em a\u00e7\u00e3o","description":"A Veracel Celulose tem refor\u00e7ado suas boas pr\u00e1ticas internas e alertado sobre a seguran\u00e7a do tr\u00e2nsito durante o carnaval","robots":{"index":"index","follow":"follow","max-snippet":"max-snippet:-1","max-image-preview":"max-image-preview:large","max-video-preview":"max-video-preview:-1"},"canonical":"https:\/\/www.veracel.com.br\/veracel-apoia-a-policia-rodoviaria-em-acoes-para-a-seguranca-no-transito-durante-o-carnaval\/","og_locale":"en_US","og_type":"article","og_title":"Veracel apoia a Pol\u00edcia Rodovi\u00e1ria em a\u00e7\u00f5es para a seguran\u00e7a no tr\u00e2nsito durante o Carnaval\u00a0","og_description":"A Veracel Celulose tem refor\u00e7ado suas boas pr\u00e1ticas internas e alertado sobre a seguran\u00e7a do tr\u00e2nsito durante o carnaval","og_url":"https:\/\/www.veracel.com.br\/veracel-apoia-a-policia-rodoviaria-em-acoes-para-a-seguranca-no-transito-durante-o-carnaval\/","og_site_name":"Veracel Celulose","article_published_time":"2024-02-10T14:43:48+00:00","article_modified_time":"2024-03-05T15:08:49+00:00","author":"saulo","twitter_card":"summary_large_image","twitter_misc":{"Written by":"saulo","Est. reading time":"4 minutes"},"schema":{"@context":"https:\/\/schema.org","@graph":[{"@type":"WebPage","@id":"https:\/\/www.veracel.com.br\/veracel-apoia-a-policia-rodoviaria-em-acoes-para-a-seguranca-no-transito-durante-o-carnaval\/","url":"https:\/\/www.veracel.com.br\/veracel-apoia-a-policia-rodoviaria-em-acoes-para-a-seguranca-no-transito-durante-o-carnaval\/","name":"Seguran\u00e7a no tr\u00e2nsito: Veracel e Pol\u00edcia Rodovi\u00e1ria em a\u00e7\u00e3o","isPartOf":{"@id":"https:\/\/www.veracel.com.br\/#website"},"datePublished":"2024-02-10T14:43:48+00:00","dateModified":"2024-03-05T15:08:49+00:00","description":"A Veracel Celulose tem refor\u00e7ado suas boas pr\u00e1ticas internas e alertado sobre a seguran\u00e7a do tr\u00e2nsito durante o carnaval","breadcrumb":{"@id":"https:\/\/www.veracel.com.br\/veracel-apoia-a-policia-rodoviaria-em-acoes-para-a-seguranca-no-transito-durante-o-carnaval\/#breadcrumb"},"inLanguage":"en-US","potentialAction":[{"@type":"ReadAction","target":["https:\/\/www.veracel.com.br\/veracel-apoia-a-policia-rodoviaria-em-acoes-para-a-seguranca-no-transito-durante-o-carnaval\/"]}]},{"@type":"BreadcrumbList","@id":"https:\/\/www.veracel.com.br\/veracel-apoia-a-policia-rodoviaria-em-acoes-para-a-seguranca-no-transito-durante-o-carnaval\/#breadcrumb","itemListElement":[{"@type":"ListItem","position":1,"name":"Home","item":"https:\/\/www.veracel.com.br\/"},{"@type":"ListItem","position":2,"name":"Not\u00edcias","item":"https:\/\/www.veracel.com.br\/noticias\/"},{"@type":"ListItem","position":3,"name":"Veracel apoia a Pol\u00edcia Rodovi\u00e1ria em a\u00e7\u00f5es para a seguran\u00e7a no tr\u00e2nsito durante o Carnaval\u00a0"}]},{"@type":"WebSite","@id":"https:\/\/www.veracel.com.br\/#website","url":"https:\/\/www.veracel.com.br\/","name":"Veracel Celulose","description":"Quando crescemos juntos vamos muito mais longe","publisher":{"@id":"https:\/\/www.veracel.com.br\/#organization"},"potentialAction":[{"@type":"SearchAction","target":{"@type":"EntryPoint","urlTemplate":"https:\/\/www.veracel.com.br\/?s={search_term_string}"},"query-input":{"@type":"PropertyValueSpecification","valueRequired":true,"valueName":"search_term_string"}}],"inLanguage":"en-US"},{"@type":"Organization","@id":"https:\/\/www.veracel.com.br\/#organization","name":"Veracel Celulose","url":"https:\/\/www.veracel.com.br\/","logo":{"@type":"ImageObject","inLanguage":"en-US","@id":"https:\/\/www.veracel.com.br\/#\/schema\/logo\/image\/","url":"https:\/\/www.veracel.com.br\/wp-content\/uploads\/2024\/08\/Ativo-1.png","contentUrl":"https:\/\/www.veracel.com.br\/wp-content\/uploads\/2024\/08\/Ativo-1.png","width":400,"height":121,"caption":"Veracel Celulose"},"image":{"@id":"https:\/\/www.veracel.com.br\/#\/schema\/logo\/image\/"},"sameAs":["https:\/\/www.instagram.com\/veracelcelulose","https:\/\/www.linkedin.com\/company\/veracelcelulose\/","https:\/\/www.youtube.com\/user\/CanalVeracel"]}]}},"_links":{"self":[{"href":"https:\/\/www.veracel.com.br\/en\/wp-json\/wp\/v2\/posts\/33033","targetHints":{"allow":["GET"]}}],"collection":[{"href":"https:\/\/www.veracel.com.br\/en\/wp-json\/wp\/v2\/posts"}],"about":[{"href":"https:\/\/www.veracel.com.br\/en\/wp-json\/wp\/v2\/types\/post"}],"author":[{"embeddable":true,"href":"https:\/\/www.veracel.com.br\/en\/wp-json\/wp\/v2\/users\/2"}],"replies":[{"embeddable":true,"href":"https:\/\/www.veracel.com.br\/en\/wp-json\/wp\/v2\/comments?post=33033"}],"version-history":[{"count":4,"href":"https:\/\/www.veracel.com.br\/en\/wp-json\/wp\/v2\/posts\/33033\/revisions"}],"predecessor-version":[{"id":33037,"href":"https:\/\/www.veracel.com.br\/en\/wp-json\/wp\/v2\/posts\/33033\/revisions\/33037"}],"wp:attachment":[{"href":"https:\/\/www.veracel.com.br\/en\/wp-json\/wp\/v2\/media?parent=33033"}],"wp:term":[{"taxonomy":"category","embeddable":true,"href":"https:\/\/www.veracel.com.br\/en\/wp-json\/wp\/v2\/categories?post=33033"},{"taxonomy":"post_tag","embeddable":true,"href":"https:\/\/www.veracel.com.br\/en\/wp-json\/wp\/v2\/tags?post=33033"}],"curies":[{"name":"wp","href":"https:\/\/api.w.org\/{rel}","templated":true}]}}