{"id":34391,"date":"2024-05-16T16:12:32","date_gmt":"2024-05-16T19:12:32","guid":{"rendered":"https:\/\/www.veracel.com.br\/?p=34391"},"modified":"2024-05-16T16:15:32","modified_gmt":"2024-05-16T19:15:32","slug":"veracel-divulga-seu-relatorio-de-sustentabilidade-de-2023","status":"publish","type":"post","link":"https:\/\/www.veracel.com.br\/en\/veracel-divulga-seu-relatorio-de-sustentabilidade-de-2023\/","title":{"rendered":"Veracel divulga seu Relat\u00f3rio de Sustentabilidade de 2023"},"content":{"rendered":"<p><em>Entre os principais destaques do Relat\u00f3rio de Sustentabilidade de 2023 da Veracel Celulose, est\u00e3o o marco de 20 milh\u00f5es de toneladas de celulose produzidas, o investimento de R$ 9,7 milh\u00f5es em programas sociais, al\u00e9m de iniciativas voltadas \u00e0 prote\u00e7\u00e3o do meio ambiente.<\/em><\/p>\n<p>&nbsp;<\/p>\n<p><img fetchpriority=\"high\" decoding=\"async\" class=\"alignnone wp-image-34394 size-full\" src=\"https:\/\/www.veracel.com.br\/wp-content\/uploads\/2024\/05\/unnamed.png\" alt=\"Relat\u00f3rio de Sustentabilidade 2023 Veracel Celulose\" width=\"847\" height=\"612\" srcset=\"https:\/\/www.veracel.com.br\/wp-content\/uploads\/2024\/05\/unnamed.png 847w, https:\/\/www.veracel.com.br\/wp-content\/uploads\/2024\/05\/unnamed-300x217.png 300w, https:\/\/www.veracel.com.br\/wp-content\/uploads\/2024\/05\/unnamed-768x555.png 768w\" sizes=\"(max-width: 847px) 100vw, 847px\" \/><\/p>\n<p>&nbsp;<\/p>\n<p>A <strong>Veracel Celulose<\/strong> acaba de divulgar seu mais recente <a href=\"https:\/\/www.veracel.com.br\/sustentabilidade\/nossa-guia\/\"><strong>Relat\u00f3rio de Sustentabilidade<\/strong><\/a>, no qual compartilha informa\u00e7\u00f5es relacionadas \u00e0 sua opera\u00e7\u00e3o industrial e florestal, \u00e0s \u00faltimas inova\u00e7\u00f5es implementadas e a seu compromisso socioambiental. Desenvolvido com base no prop\u00f3sito da empresa de ser respons\u00e1vel, inspirar pessoas e valorizar a vida, o Relat\u00f3rio destaca diversos avan\u00e7os e conquistas significativas alcan\u00e7adas pela Veracel no \u00faltimo ano.<\/p>\n<p>&nbsp;<\/p>\n<h2>Resultados Industriais e Operacionais<\/h2>\n<p>Um dos principais destaques apresentados no documento \u00e9 o marco de <strong>20 milh\u00f5es de toneladas de celulose <\/strong>produzidas pela companhia, conquista alcan\u00e7ada dois anos antes do prazo previsto. Esse resultado demonstra a efici\u00eancia e a capacidade de produ\u00e7\u00e3o da empresa, que opera sua f\u00e1brica em Eun\u00e1polis, na Bahia, desde 2005.<\/p>\n<p>O Relat\u00f3rio tamb\u00e9m destaca a realiza\u00e7\u00e3o da maior <strong>Parada Geral<\/strong> da hist\u00f3ria da Veracel, que resultou na inje\u00e7\u00e3o de mais de <strong>R$ 10 milh\u00f5es<\/strong> na economia local e na contrata\u00e7\u00e3o de 3,1 mil trabalhadores durante o per\u00edodo de 19 dias de manuten\u00e7\u00e3o dos ativos da f\u00e1brica.<\/p>\n<p>&nbsp;<\/p>\n<h2>Sustentabilidade e Meio Ambiente<\/h2>\n<p>Do ponto de vista ambiental, a Veracel registrou um recorde no \u00edndice m\u00e9dio anual de uso espec\u00edfico de \u00e1gua, atingindo o \u00edndice de 20,06 (m3\/tsa), um marco que coloca a companhia entre uma das melhores ind\u00fastrias de celulose do mundo na gest\u00e3o respons\u00e1vel dos recursos h\u00eddricos.<\/p>\n<p>Al\u00e9m disso, a empresa, que j\u00e1 era autossuficiente em energia na sua f\u00e1brica, complementou sua matriz energ\u00e9tica com a instala\u00e7\u00e3o de cinco usinas solares equipadas com 2.172 placas fotovoltaicas nas \u00e1reas externas \u00e0 unidade fabril. Com capacidade de gera\u00e7\u00e3o de energia de <strong>1,8 GWh\/ano<\/strong>, essa iniciativa tornou a companhia completamente independente energeticamente, al\u00e9m de evitar a emiss\u00e3o de mais de 230 toneladas de CO2 na atmosfera.<\/p>\n<p>&nbsp;<\/p>\n<h2>Gest\u00e3o Florestal<\/h2>\n<p>Em rela\u00e7\u00e3o a gest\u00e3o florestal, o Relat\u00f3rio da Veracel destaca que a empresa possui mais de 200 mil hectares, sendo mais de 90 mil hectares de \u00e1reas plantadas e mais de 100 mil hectares destinados \u00e0 preserva\u00e7\u00e3o florestal. A companhia tem como premissa proteger um hectare de mata nativa para cada hectare de plantio de eucalipto realizado, e toda a sua produ\u00e7\u00e3o de madeira \u00e9 100% certificada e est\u00e1 em conformidade com padr\u00f5es internacionais.<\/p>\n<p>&nbsp;<\/p>\n<h2>Biodiversidade e Iniciativas Ambientais<\/h2>\n<p>O ano de 2023 tamb\u00e9m foi marcado pelo anivers\u00e1rio de 25 anos da <strong>Reserva Natural do Patrim\u00f4nio Privado Esta\u00e7\u00e3o Veracel<\/strong>, a maior reserva privada de Mata Atl\u00e2ntica do Nordeste brasileiro, e pela inaugura\u00e7\u00e3o do primeiro <strong>Centro de Reabilita\u00e7\u00e3o de Tartarugas Marinhas<\/strong> do Extremo Sul da Bahia, localizado no Terminal Mar\u00edtimo de Belmonte, de onde a companhia transporta sua produ\u00e7\u00e3o de celulose. A Veracel realiza diversas a\u00e7\u00f5es para proteger a biodiversidade marinha local.<\/p>\n<p>&nbsp;<\/p>\n<h2>Gest\u00e3o de Pessoas e Inclus\u00e3o<\/h2>\n<p>Em gest\u00e3o de pessoas, a empresa lan\u00e7ou seu <strong>programa de lideran\u00e7a feminina<\/strong>, e 60% das participantes foram promovidas antes do t\u00e9rmino dessa a\u00e7\u00e3o. As mulheres tamb\u00e9m representaram 50% das contrata\u00e7\u00f5es de 2023. A companhia lan\u00e7ou ainda o <strong>Canal Mulher Veracel<\/strong>, um espa\u00e7o para o acolhimento de den\u00fancias de casos de viol\u00eancia contra a mulher, demonstrando seu engajamento na promo\u00e7\u00e3o de um ambiente de trabalho seguro e inclusivo.<\/p>\n<p>A empresa tamb\u00e9m foi reconhecida pelo sexto ano consecutivo como um \u00f3timo lugar para trabalhar pela consultoria <strong>Great Place to Work (GPTW)<\/strong>. H\u00e1 2.258 pessoas trabalhando na empresa, entre vagas diretas e de terceiros.<\/p>\n<p>&nbsp;<\/p>\n<h2>Desenvolvimento Local e Investimentos<\/h2>\n<p>A Veracel tamb\u00e9m refor\u00e7ou seu compromisso com o desenvolvimento local da regi\u00e3o Sul da Bahia, investindo mais de<strong> R$ 100 milh\u00f5es<\/strong> na finaliza\u00e7\u00e3o das obras da nova rodovia estadual <strong>BA-658<\/strong>, estrat\u00e9gica para o transporte de madeira da empresa, mas que tamb\u00e9m beneficia as comunidades vizinhas e favorece o desenvolvimento da regi\u00e3o. A companhia tamb\u00e9m investiu mais de <strong>R$ 376 milh\u00f5es<\/strong> em fornecedores locais e lan\u00e7ou um <strong>programa de antecipa\u00e7\u00e3o de cr\u00e9ditos<\/strong> para as suas empresas parceiras de pequeno e m\u00e9dio porte.<\/p>\n<p>&nbsp;<\/p>\n<h2>Iniciativas Sociais<\/h2>\n<p>O Relat\u00f3rio destaca ainda as iniciativas sociais da empresa, que beneficiaram mais de 5 mil estudantes e professores de aldeias ind\u00edgenas da regi\u00e3o, por meio do programa <strong>Educa\u00e7\u00e3o \u00e9 Vida<\/strong> da Veracel, que doa materiais escolares para incentivar os estudos e a preserva\u00e7\u00e3o das tradi\u00e7\u00f5es das comunidades ind\u00edgenas da Costa do Descobrimento. A companhia tamb\u00e9m registrou o investimento de <strong>R$ 9,7 milh\u00f5es em a\u00e7\u00f5es sociais<\/strong>, especialmente em iniciativas de apoio ao desenvolvimento da agricultura familiar local, com mais de 1.661 fam\u00edlias beneficiadas, em 35 comunidades.<\/p>\n<p>&nbsp;<\/p>\n<h2>Compromisso com o Futuro<\/h2>\n<blockquote><p>\u201c<strong>O Relat\u00f3rio de Sustentabilidade 2023<\/strong> da Veracel reflete tanto os resultados positivos alcan\u00e7ados pela empresa e por nossas pessoas como tamb\u00e9m o nosso compromisso cont\u00ednuo com a responsabilidade corporativa, a inova\u00e7\u00e3o e o desenvolvimento sustent\u00e1vel. Nossos n\u00fameros mostram como estamos contribuindo para um futuro mais verde e inclusivo para todos\u201d, destaca <strong>Caio Zanardo<\/strong>, diretor presidente da Veracel.<\/p><\/blockquote>\n<p>&nbsp;<\/p>\n<p>Para saber mais, <a href=\"https:\/\/www.veracel.com.br\/sustentabilidade\/nossa-guia\/\"><strong>acesse a p\u00e1gina do Relat\u00f3rio de Sustentabilidade 2023 da Veracel Celulose<\/strong><\/a>.<\/p>\n<p>&nbsp;<\/p>\n","protected":false},"excerpt":{"rendered":"<p>Entre os principais destaques do Relat\u00f3rio de Sustentabilidade de 2023 da Veracel Celulose, est\u00e3o o marco de 20 milh\u00f5es de toneladas de celulose produzidas, o investimento de R$ 9,7 milh\u00f5es em programas sociais, al\u00e9m de iniciativas voltadas \u00e0 prote\u00e7\u00e3o do meio ambiente. &nbsp; &nbsp; A Veracel Celulose acaba de divulgar seu mais recente Relat\u00f3rio de [&hellip;]<\/p>\n","protected":false},"author":2,"featured_media":34392,"comment_status":"closed","ping_status":"closed","sticky":false,"template":"","format":"standard","meta":{"_acf_changed":false,"footnotes":"","_links_to":"","_links_to_target":""},"categories":[271,211],"tags":[],"class_list":["post-34391","post","type-post","status-publish","format-standard","has-post-thumbnail","hentry","category-a-veracel","category-noticias"],"acf":[],"yoast_head":"<!-- This site is optimized with the Yoast SEO Premium plugin v26.7 (Yoast SEO v27.4) - https:\/\/yoast.com\/product\/yoast-seo-premium-wordpress\/ -->\n<title>Relat\u00f3rio de Sustentabilidade Veracel Celulose 2023<\/title>\n<meta name=\"description\" content=\"Veracel Celulose lan\u00e7a seu Relat\u00f3rio de Sustentabilidade 2023 com os resultados ambientais, de governan\u00e7a e sociais do ano. Confira!\" \/>\n<meta name=\"robots\" content=\"index, follow, max-snippet:-1, max-image-preview:large, max-video-preview:-1\" \/>\n<link rel=\"canonical\" href=\"https:\/\/www.veracel.com.br\/veracel-divulga-seu-relatorio-de-sustentabilidade-de-2023\/\" \/>\n<meta property=\"og:locale\" content=\"en_US\" \/>\n<meta property=\"og:type\" content=\"article\" \/>\n<meta property=\"og:title\" content=\"Veracel divulga seu Relat\u00f3rio de Sustentabilidade de 2023\" \/>\n<meta property=\"og:description\" content=\"Veracel Celulose lan\u00e7a seu Relat\u00f3rio de Sustentabilidade 2023 com os resultados ambientais, de governan\u00e7a e sociais do ano. Confira!\" \/>\n<meta property=\"og:url\" content=\"https:\/\/www.veracel.com.br\/veracel-divulga-seu-relatorio-de-sustentabilidade-de-2023\/\" \/>\n<meta property=\"og:site_name\" content=\"Veracel Celulose\" \/>\n<meta property=\"article:published_time\" content=\"2024-05-16T19:12:32+00:00\" \/>\n<meta property=\"article:modified_time\" content=\"2024-05-16T19:15:32+00:00\" \/>\n<meta property=\"og:image\" content=\"https:\/\/www.veracel.com.br\/wp-content\/uploads\/2024\/05\/veracel-celulose-relatorio-sustentabilidade-2023.jpg\" \/>\n\t<meta property=\"og:image:width\" content=\"900\" \/>\n\t<meta property=\"og:image:height\" content=\"506\" \/>\n\t<meta property=\"og:image:type\" content=\"image\/jpeg\" \/>\n<meta name=\"author\" content=\"saulo\" \/>\n<meta name=\"twitter:card\" content=\"summary_large_image\" \/>\n<meta name=\"twitter:label1\" content=\"Written by\" \/>\n\t<meta name=\"twitter:data1\" content=\"saulo\" \/>\n\t<meta name=\"twitter:label2\" content=\"Est. reading time\" \/>\n\t<meta name=\"twitter:data2\" content=\"5 minutes\" \/>\n<script type=\"application\/ld+json\" class=\"yoast-schema-graph\">{\"@context\":\"https:\\\/\\\/schema.org\",\"@graph\":[{\"@type\":\"WebPage\",\"@id\":\"https:\\\/\\\/www.veracel.com.br\\\/veracel-divulga-seu-relatorio-de-sustentabilidade-de-2023\\\/\",\"url\":\"https:\\\/\\\/www.veracel.com.br\\\/veracel-divulga-seu-relatorio-de-sustentabilidade-de-2023\\\/\",\"name\":\"Relat\u00f3rio de Sustentabilidade Veracel Celulose 2023\",\"isPartOf\":{\"@id\":\"https:\\\/\\\/www.veracel.com.br\\\/#website\"},\"primaryImageOfPage\":{\"@id\":\"https:\\\/\\\/www.veracel.com.br\\\/veracel-divulga-seu-relatorio-de-sustentabilidade-de-2023\\\/#primaryimage\"},\"image\":{\"@id\":\"https:\\\/\\\/www.veracel.com.br\\\/veracel-divulga-seu-relatorio-de-sustentabilidade-de-2023\\\/#primaryimage\"},\"thumbnailUrl\":\"https:\\\/\\\/www.veracel.com.br\\\/wp-content\\\/uploads\\\/2024\\\/05\\\/veracel-celulose-relatorio-sustentabilidade-2023.jpg\",\"datePublished\":\"2024-05-16T19:12:32+00:00\",\"dateModified\":\"2024-05-16T19:15:32+00:00\",\"description\":\"Veracel Celulose lan\u00e7a seu Relat\u00f3rio de Sustentabilidade 2023 com os resultados ambientais, de governan\u00e7a e sociais do ano. Confira!\",\"breadcrumb\":{\"@id\":\"https:\\\/\\\/www.veracel.com.br\\\/veracel-divulga-seu-relatorio-de-sustentabilidade-de-2023\\\/#breadcrumb\"},\"inLanguage\":\"en-US\",\"potentialAction\":[{\"@type\":\"ReadAction\",\"target\":[\"https:\\\/\\\/www.veracel.com.br\\\/veracel-divulga-seu-relatorio-de-sustentabilidade-de-2023\\\/\"]}]},{\"@type\":\"ImageObject\",\"inLanguage\":\"en-US\",\"@id\":\"https:\\\/\\\/www.veracel.com.br\\\/veracel-divulga-seu-relatorio-de-sustentabilidade-de-2023\\\/#primaryimage\",\"url\":\"https:\\\/\\\/www.veracel.com.br\\\/wp-content\\\/uploads\\\/2024\\\/05\\\/veracel-celulose-relatorio-sustentabilidade-2023.jpg\",\"contentUrl\":\"https:\\\/\\\/www.veracel.com.br\\\/wp-content\\\/uploads\\\/2024\\\/05\\\/veracel-celulose-relatorio-sustentabilidade-2023.jpg\",\"width\":900,\"height\":506},{\"@type\":\"BreadcrumbList\",\"@id\":\"https:\\\/\\\/www.veracel.com.br\\\/veracel-divulga-seu-relatorio-de-sustentabilidade-de-2023\\\/#breadcrumb\",\"itemListElement\":[{\"@type\":\"ListItem\",\"position\":1,\"name\":\"Home\",\"item\":\"https:\\\/\\\/www.veracel.com.br\\\/\"},{\"@type\":\"ListItem\",\"position\":2,\"name\":\"Not\u00edcias\",\"item\":\"https:\\\/\\\/www.veracel.com.br\\\/noticias\\\/\"},{\"@type\":\"ListItem\",\"position\":3,\"name\":\"Veracel divulga seu Relat\u00f3rio de Sustentabilidade de 2023\"}]},{\"@type\":\"WebSite\",\"@id\":\"https:\\\/\\\/www.veracel.com.br\\\/#website\",\"url\":\"https:\\\/\\\/www.veracel.com.br\\\/\",\"name\":\"Veracel Celulose\",\"description\":\"Quando crescemos juntos vamos muito mais longe\",\"publisher\":{\"@id\":\"https:\\\/\\\/www.veracel.com.br\\\/#organization\"},\"potentialAction\":[{\"@type\":\"SearchAction\",\"target\":{\"@type\":\"EntryPoint\",\"urlTemplate\":\"https:\\\/\\\/www.veracel.com.br\\\/?s={search_term_string}\"},\"query-input\":{\"@type\":\"PropertyValueSpecification\",\"valueRequired\":true,\"valueName\":\"search_term_string\"}}],\"inLanguage\":\"en-US\"},{\"@type\":\"Organization\",\"@id\":\"https:\\\/\\\/www.veracel.com.br\\\/#organization\",\"name\":\"Veracel Celulose\",\"url\":\"https:\\\/\\\/www.veracel.com.br\\\/\",\"logo\":{\"@type\":\"ImageObject\",\"inLanguage\":\"en-US\",\"@id\":\"https:\\\/\\\/www.veracel.com.br\\\/#\\\/schema\\\/logo\\\/image\\\/\",\"url\":\"https:\\\/\\\/www.veracel.com.br\\\/wp-content\\\/uploads\\\/2024\\\/08\\\/Ativo-1.png\",\"contentUrl\":\"https:\\\/\\\/www.veracel.com.br\\\/wp-content\\\/uploads\\\/2024\\\/08\\\/Ativo-1.png\",\"width\":400,\"height\":121,\"caption\":\"Veracel Celulose\"},\"image\":{\"@id\":\"https:\\\/\\\/www.veracel.com.br\\\/#\\\/schema\\\/logo\\\/image\\\/\"},\"sameAs\":[\"https:\\\/\\\/www.instagram.com\\\/veracelcelulose\",\"https:\\\/\\\/www.linkedin.com\\\/company\\\/veracelcelulose\\\/\",\"https:\\\/\\\/www.youtube.com\\\/user\\\/CanalVeracel\"]}]}<\/script>\n<!-- \/ Yoast SEO Premium plugin. -->","yoast_head_json":{"title":"Relat\u00f3rio de Sustentabilidade Veracel Celulose 2023","description":"Veracel Celulose lan\u00e7a seu Relat\u00f3rio de Sustentabilidade 2023 com os resultados ambientais, de governan\u00e7a e sociais do ano. Confira!","robots":{"index":"index","follow":"follow","max-snippet":"max-snippet:-1","max-image-preview":"max-image-preview:large","max-video-preview":"max-video-preview:-1"},"canonical":"https:\/\/www.veracel.com.br\/veracel-divulga-seu-relatorio-de-sustentabilidade-de-2023\/","og_locale":"en_US","og_type":"article","og_title":"Veracel divulga seu Relat\u00f3rio de Sustentabilidade de 2023","og_description":"Veracel Celulose lan\u00e7a seu Relat\u00f3rio de Sustentabilidade 2023 com os resultados ambientais, de governan\u00e7a e sociais do ano. Confira!","og_url":"https:\/\/www.veracel.com.br\/veracel-divulga-seu-relatorio-de-sustentabilidade-de-2023\/","og_site_name":"Veracel Celulose","article_published_time":"2024-05-16T19:12:32+00:00","article_modified_time":"2024-05-16T19:15:32+00:00","og_image":[{"width":900,"height":506,"url":"https:\/\/www.veracel.com.br\/wp-content\/uploads\/2024\/05\/veracel-celulose-relatorio-sustentabilidade-2023.jpg","type":"image\/jpeg"}],"author":"saulo","twitter_card":"summary_large_image","twitter_misc":{"Written by":"saulo","Est. reading time":"5 minutes"},"schema":{"@context":"https:\/\/schema.org","@graph":[{"@type":"WebPage","@id":"https:\/\/www.veracel.com.br\/veracel-divulga-seu-relatorio-de-sustentabilidade-de-2023\/","url":"https:\/\/www.veracel.com.br\/veracel-divulga-seu-relatorio-de-sustentabilidade-de-2023\/","name":"Relat\u00f3rio de Sustentabilidade Veracel Celulose 2023","isPartOf":{"@id":"https:\/\/www.veracel.com.br\/#website"},"primaryImageOfPage":{"@id":"https:\/\/www.veracel.com.br\/veracel-divulga-seu-relatorio-de-sustentabilidade-de-2023\/#primaryimage"},"image":{"@id":"https:\/\/www.veracel.com.br\/veracel-divulga-seu-relatorio-de-sustentabilidade-de-2023\/#primaryimage"},"thumbnailUrl":"https:\/\/www.veracel.com.br\/wp-content\/uploads\/2024\/05\/veracel-celulose-relatorio-sustentabilidade-2023.jpg","datePublished":"2024-05-16T19:12:32+00:00","dateModified":"2024-05-16T19:15:32+00:00","description":"Veracel Celulose lan\u00e7a seu Relat\u00f3rio de Sustentabilidade 2023 com os resultados ambientais, de governan\u00e7a e sociais do ano. Confira!","breadcrumb":{"@id":"https:\/\/www.veracel.com.br\/veracel-divulga-seu-relatorio-de-sustentabilidade-de-2023\/#breadcrumb"},"inLanguage":"en-US","potentialAction":[{"@type":"ReadAction","target":["https:\/\/www.veracel.com.br\/veracel-divulga-seu-relatorio-de-sustentabilidade-de-2023\/"]}]},{"@type":"ImageObject","inLanguage":"en-US","@id":"https:\/\/www.veracel.com.br\/veracel-divulga-seu-relatorio-de-sustentabilidade-de-2023\/#primaryimage","url":"https:\/\/www.veracel.com.br\/wp-content\/uploads\/2024\/05\/veracel-celulose-relatorio-sustentabilidade-2023.jpg","contentUrl":"https:\/\/www.veracel.com.br\/wp-content\/uploads\/2024\/05\/veracel-celulose-relatorio-sustentabilidade-2023.jpg","width":900,"height":506},{"@type":"BreadcrumbList","@id":"https:\/\/www.veracel.com.br\/veracel-divulga-seu-relatorio-de-sustentabilidade-de-2023\/#breadcrumb","itemListElement":[{"@type":"ListItem","position":1,"name":"Home","item":"https:\/\/www.veracel.com.br\/"},{"@type":"ListItem","position":2,"name":"Not\u00edcias","item":"https:\/\/www.veracel.com.br\/noticias\/"},{"@type":"ListItem","position":3,"name":"Veracel divulga seu Relat\u00f3rio de Sustentabilidade de 2023"}]},{"@type":"WebSite","@id":"https:\/\/www.veracel.com.br\/#website","url":"https:\/\/www.veracel.com.br\/","name":"Veracel Celulose","description":"Quando crescemos juntos vamos muito mais longe","publisher":{"@id":"https:\/\/www.veracel.com.br\/#organization"},"potentialAction":[{"@type":"SearchAction","target":{"@type":"EntryPoint","urlTemplate":"https:\/\/www.veracel.com.br\/?s={search_term_string}"},"query-input":{"@type":"PropertyValueSpecification","valueRequired":true,"valueName":"search_term_string"}}],"inLanguage":"en-US"},{"@type":"Organization","@id":"https:\/\/www.veracel.com.br\/#organization","name":"Veracel Celulose","url":"https:\/\/www.veracel.com.br\/","logo":{"@type":"ImageObject","inLanguage":"en-US","@id":"https:\/\/www.veracel.com.br\/#\/schema\/logo\/image\/","url":"https:\/\/www.veracel.com.br\/wp-content\/uploads\/2024\/08\/Ativo-1.png","contentUrl":"https:\/\/www.veracel.com.br\/wp-content\/uploads\/2024\/08\/Ativo-1.png","width":400,"height":121,"caption":"Veracel Celulose"},"image":{"@id":"https:\/\/www.veracel.com.br\/#\/schema\/logo\/image\/"},"sameAs":["https:\/\/www.instagram.com\/veracelcelulose","https:\/\/www.linkedin.com\/company\/veracelcelulose\/","https:\/\/www.youtube.com\/user\/CanalVeracel"]}]}},"_links":{"self":[{"href":"https:\/\/www.veracel.com.br\/en\/wp-json\/wp\/v2\/posts\/34391","targetHints":{"allow":["GET"]}}],"collection":[{"href":"https:\/\/www.veracel.com.br\/en\/wp-json\/wp\/v2\/posts"}],"about":[{"href":"https:\/\/www.veracel.com.br\/en\/wp-json\/wp\/v2\/types\/post"}],"author":[{"embeddable":true,"href":"https:\/\/www.veracel.com.br\/en\/wp-json\/wp\/v2\/users\/2"}],"replies":[{"embeddable":true,"href":"https:\/\/www.veracel.com.br\/en\/wp-json\/wp\/v2\/comments?post=34391"}],"version-history":[{"count":3,"href":"https:\/\/www.veracel.com.br\/en\/wp-json\/wp\/v2\/posts\/34391\/revisions"}],"predecessor-version":[{"id":34398,"href":"https:\/\/www.veracel.com.br\/en\/wp-json\/wp\/v2\/posts\/34391\/revisions\/34398"}],"wp:featuredmedia":[{"embeddable":true,"href":"https:\/\/www.veracel.com.br\/en\/wp-json\/wp\/v2\/media\/34392"}],"wp:attachment":[{"href":"https:\/\/www.veracel.com.br\/en\/wp-json\/wp\/v2\/media?parent=34391"}],"wp:term":[{"taxonomy":"category","embeddable":true,"href":"https:\/\/www.veracel.com.br\/en\/wp-json\/wp\/v2\/categories?post=34391"},{"taxonomy":"post_tag","embeddable":true,"href":"https:\/\/www.veracel.com.br\/en\/wp-json\/wp\/v2\/tags?post=34391"}],"curies":[{"name":"wp","href":"https:\/\/api.w.org\/{rel}","templated":true}]}}