{"id":35171,"date":"2024-07-26T14:28:09","date_gmt":"2024-07-26T17:28:09","guid":{"rendered":"https:\/\/www.veracel.com.br\/?p=35171"},"modified":"2024-07-26T14:29:25","modified_gmt":"2024-07-26T17:29:25","slug":"veracel-celulose-alia-inovacao-e-sustentabilidade-em-sua-producao-de-madeira","status":"publish","type":"post","link":"https:\/\/www.veracel.com.br\/en\/veracel-celulose-alia-inovacao-e-sustentabilidade-em-sua-producao-de-madeira\/","title":{"rendered":"Veracel Celulose alia inova\u00e7\u00e3o e sustentabilidade em sua produ\u00e7\u00e3o de madeira"},"content":{"rendered":"<p><em>Veracel Celulose aposta em inova\u00e7\u00e3o e pr\u00e1ticas sustent\u00e1veis desde o viveiro at\u00e9 a chegada da madeira na f\u00e1brica, impulsionando a economia local e ampliando a efici\u00eancia e a sustentabilidade de seu manejo florestal<\/em><\/p>\n<p>&nbsp;<\/p>\n<p>A Veracel Celulose tem se destacado por sua combina\u00e7\u00e3o inovadora de tecnologia e pr\u00e1ticas sustent\u00e1veis aplicadas desde suas \u00e1reas de viveiro de mudas at\u00e9 as suas florestas de eucalipto. Com isso, a empresa n\u00e3o apenas contribui significativamente para o desenvolvimento da economia local, mas tamb\u00e9m lidera iniciativas que promovem a efici\u00eancia, a sustentabilidade e a inova\u00e7\u00e3o no setor florestal.<\/p>\n<p>Em 2022, o Brasil se consolidou como o maior exportador de celulose do mundo, com a produ\u00e7\u00e3o nacional atingindo 25 milh\u00f5es de toneladas. Esse desempenho setorial \u00e9 sustentado por investimentos cont\u00ednuos em tecnologia e inova\u00e7\u00e3o. A Veracel Celulose, por exemplo, investiu cerca de R$20 milh\u00f5es em transforma\u00e7\u00e3o digital em toda a empresa em 2023, incluindo mais ferramentas de automa\u00e7\u00e3o e intelig\u00eancia artificial em seus processos florestais.<\/p>\n<blockquote><p>\u201cA inova\u00e7\u00e3o \u00e9 essencial para garantir a competitividade do nosso neg\u00f3cio. Em nosso manejo florestal, utilizamos tecnologia para controlar o ambiente de produ\u00e7\u00e3o de mudas, monitorar os plantios, garantir a gest\u00e3o dos insumos e apoiar a tomada de decis\u00e3o por meio do monitoramento dos principais indicadores operacionais. Al\u00e9m disso, temos um robusto programa de pesquisa florestal que atua desde a an\u00e1lise do solo at\u00e9 a sele\u00e7\u00e3o e recomenda\u00e7\u00e3o dos melhores clones de eucalipto\u201d, destaca Julia Camargo, coordenadora de Inova\u00e7\u00e3o e Transforma\u00e7\u00e3o Digital da Veracel Celulose. \u201cNos mantemos sempre atualizados sobre as tend\u00eancias de mercado e estamos sempre implementando ferramentas que fomentem pr\u00e1ticas mais sustent\u00e1veis, com o objetivo de fortalecer a produtividade a e sustentabilidade das nossas opera\u00e7\u00f5es\u201d, finaliza.<\/p>\n<p>&nbsp;<\/p><\/blockquote>\n<h2>Avan\u00e7os no Viveiro de Mudas<\/h2>\n<p>Como exemplo destas iniciativas, a Veracel acaba de implementar um novo software de monitoramento em seu viveiro de mudas. A novidade monitora as vari\u00e1veis e os equipamentos que realizam a irriga\u00e7\u00e3o, controlam a temperatura e a umidade no processo de produ\u00e7\u00e3o das mudas, garantindo condi\u00e7\u00f5es ideais para o desenvolvimento de cada uma.<\/p>\n<blockquote><p>&#8220;Qualquer pequeno desvio de temperatura ou umidade pode trazer impactos significativos,&#8221; destaca Rafael Henrique da Silva, coordenador de Produ\u00e7\u00e3o de Mudas. &#8220;Essa inova\u00e7\u00e3o nos permite atuar de imediato em caso de problemas, aumentando a efici\u00eancia e a qualidade das mudas que se tornar\u00e3o as florestas da companhia\u201d, destaca o coordenador.<\/p>\n<p>&nbsp;<\/p><\/blockquote>\n<h2>Solu\u00e7\u00f5es GIS Personalizadas<\/h2>\n<p>A Veracel tamb\u00e9m adota tecnologias GIS (Geographic Information Systems) personalizadas para melhorar a efici\u00eancia do manejo florestal. Estas ferramentas permitem a coleta e an\u00e1lise de dados geoespaciais, facilitando a gest\u00e3o das opera\u00e7\u00f5es florestais.<\/p>\n<blockquote><p>&#8220;Combinamos diversas ferramentas do ArcGIS Enterprise para criar mapas, aplicativos personalizados e pain\u00e9is de visualiza\u00e7\u00e3o de dados,&#8221; explica Agmeire Marques, Analista S\u00eanior em Geoprocessamento da Veracel. &#8220;Essas solu\u00e7\u00f5es melhoram a precis\u00e3o, rapidez e seguran\u00e7a na informa\u00e7\u00e3o cadastrada, apoiando a tomada de decis\u00f5es.&#8221;<\/p>\n<p>&nbsp;<\/p><\/blockquote>\n<h2>Tecnologia na recomenda\u00e7\u00e3o de plantio<\/h2>\n<p>A Veracel tamb\u00e9m possui a sua ferramenta Ver\u00f3tima, que utiliza advanced analytics, big data e intelig\u00eancia artificial para analisar in\u00fameras vari\u00e1veis, como caracter\u00edsticas das \u00e1reas de plantio, hist\u00f3rico clim\u00e1tico e de solo. Essa inova\u00e7\u00e3o permite definir o clone de eucalipto com melhor desempenho para cada \u00e1rea de plantio, reduzindo a volatilidade da produtividade e os riscos.<br \/>\nA ferramenta \u00e9 fruto de um projeto multidisciplinar, envolvendo equipes de melhoramento gen\u00e9tico, manejo, planejamento florestal e viveiro.<\/p>\n<p>&nbsp;<\/p>\n<h2>Sat\u00e9lites para monitoramento das florestas<\/h2>\n<p>Desde 2021, a Veracel monitora suas florestas de eucalipto utilizando intelig\u00eancia artificial e imagens de sat\u00e9lite. Este sistema identifica anomalias e monitora a infesta\u00e7\u00e3o de plantas daninhas, proporcionando uma vis\u00e3o espacial que reduz o tempo de resposta das equipes em solo e evita perdas de produtividade.<\/p>\n<p>Com mais de 100 mil hectares de florestas plantadas pela Veracel Celulose e seus parceiros, o monitoramento ajuda a direcionar melhor o trabalho das equipes de campo, garantindo que ocorr\u00eancias sejam tratadas rapidamente.<\/p>\n<p>&nbsp;<\/p>\n<h2>Uso de Drones<\/h2>\n<p>Outro exemplo de tecnologia implementada pela Veracel Celulose \u00e9 o uso de drones para diversas finalidades, como: monitoramento de estoque de madeira, avalia\u00e7\u00e3o de res\u00edduos p\u00f3s-colheita, declividade das \u00e1reas, sobreviv\u00eancia e sanidade das florestas, al\u00e9m do levantamento da condi\u00e7\u00e3o das estradas utilizadas para o transporte de madeira e de celulose com a quantifica\u00e7\u00e3o de buracos. Esta tecnologia, junto com o monitoramento autom\u00e1tico de m\u00e1quinas florestais, melhora a efici\u00eancia operacional e a gest\u00e3o da produ\u00e7\u00e3o.<\/p>\n<p>A companhia tamb\u00e9m patenteou o dispenser utilizado em drones para a libera\u00e7\u00e3o de inimigos naturais nas planta\u00e7\u00f5es de eucalipto da empresa. Esse dispenser libera parasitoides que controlam lagartas-desfolhadoras de eucalipto, mantendo a sustentabilidade das florestas plantadas.<\/p>\n<p>&nbsp;<\/p>\n<p>&nbsp;<\/p>\n<p><a href=\"https:\/\/www.veracel.com.br\/sustentabilidade\/operacoes-sustentaveis\/\">Saiba mais sobre as opera\u00e7\u00f5es sustent\u00e1veis da Veracel Celulose<\/a><\/p>\n<p><a href=\"https:\/\/www.veracel.com.br\/sustentabilidade\/nossa-guia\/\">Conhe\u00e7a mais iniciativas inovadoras em nosso Relat\u00f3rio de Sustentabilidade<\/a><\/p>\n<p>&nbsp;<\/p>\n","protected":false},"excerpt":{"rendered":"<p>Veracel Celulose aposta em inova\u00e7\u00e3o e pr\u00e1ticas sustent\u00e1veis desde o viveiro at\u00e9 a chegada da madeira na f\u00e1brica, impulsionando a economia local e ampliando a efici\u00eancia e a sustentabilidade de seu manejo florestal &nbsp; A Veracel Celulose tem se destacado por sua combina\u00e7\u00e3o inovadora de tecnologia e pr\u00e1ticas sustent\u00e1veis aplicadas desde suas \u00e1reas de viveiro [&hellip;]<\/p>\n","protected":false},"author":2,"featured_media":35175,"comment_status":"closed","ping_status":"closed","sticky":false,"template":"","format":"standard","meta":{"_acf_changed":false,"footnotes":"","_links_to":"","_links_to_target":""},"categories":[211,332],"tags":[],"class_list":["post-35171","post","type-post","status-publish","format-standard","has-post-thumbnail","hentry","category-noticias","category-sustentabilidade-veracel"],"acf":[],"yoast_head":"<!-- This site is optimized with the Yoast SEO Premium plugin v26.7 (Yoast SEO v27.4) - https:\/\/yoast.com\/product\/yoast-seo-premium-wordpress\/ -->\n<title>Inova\u00e7\u00e3o e Sustentabilidade na Produ\u00e7\u00e3o de Madeira<\/title>\n<meta name=\"description\" content=\"Veracel combina tecnologia e pr\u00e1ticas sustent\u00e1veis impulsionando a economia local e aprimorando a gest\u00e3o florestal.\" \/>\n<meta name=\"robots\" content=\"index, follow, max-snippet:-1, max-image-preview:large, max-video-preview:-1\" \/>\n<link rel=\"canonical\" href=\"https:\/\/www.veracel.com.br\/veracel-celulose-alia-inovacao-e-sustentabilidade-em-sua-producao-de-madeira\/\" \/>\n<meta property=\"og:locale\" content=\"en_US\" \/>\n<meta property=\"og:type\" content=\"article\" \/>\n<meta property=\"og:title\" content=\"Veracel Celulose alia inova\u00e7\u00e3o e sustentabilidade em sua produ\u00e7\u00e3o de madeira\" \/>\n<meta property=\"og:description\" content=\"Veracel combina tecnologia e pr\u00e1ticas sustent\u00e1veis impulsionando a economia local e aprimorando a gest\u00e3o florestal.\" \/>\n<meta property=\"og:url\" content=\"https:\/\/www.veracel.com.br\/veracel-celulose-alia-inovacao-e-sustentabilidade-em-sua-producao-de-madeira\/\" \/>\n<meta property=\"og:site_name\" content=\"Veracel Celulose\" \/>\n<meta property=\"article:published_time\" content=\"2024-07-26T17:28:09+00:00\" \/>\n<meta property=\"article:modified_time\" content=\"2024-07-26T17:29:25+00:00\" \/>\n<meta property=\"og:image\" content=\"https:\/\/www.veracel.com.br\/wp-content\/uploads\/2024\/07\/invovacao-praticas-sustentaveis-veracel-celulose.jpg\" \/>\n\t<meta property=\"og:image:width\" content=\"1319\" \/>\n\t<meta property=\"og:image:height\" content=\"741\" \/>\n\t<meta property=\"og:image:type\" content=\"image\/jpeg\" \/>\n<meta name=\"author\" content=\"saulo\" \/>\n<meta name=\"twitter:card\" content=\"summary_large_image\" \/>\n<meta name=\"twitter:label1\" content=\"Written by\" \/>\n\t<meta name=\"twitter:data1\" content=\"saulo\" \/>\n\t<meta name=\"twitter:label2\" content=\"Est. reading time\" \/>\n\t<meta name=\"twitter:data2\" content=\"4 minutes\" \/>\n<script type=\"application\/ld+json\" class=\"yoast-schema-graph\">{\"@context\":\"https:\\\/\\\/schema.org\",\"@graph\":[{\"@type\":\"WebPage\",\"@id\":\"https:\\\/\\\/www.veracel.com.br\\\/veracel-celulose-alia-inovacao-e-sustentabilidade-em-sua-producao-de-madeira\\\/\",\"url\":\"https:\\\/\\\/www.veracel.com.br\\\/veracel-celulose-alia-inovacao-e-sustentabilidade-em-sua-producao-de-madeira\\\/\",\"name\":\"Inova\u00e7\u00e3o e Sustentabilidade na Produ\u00e7\u00e3o de Madeira\",\"isPartOf\":{\"@id\":\"https:\\\/\\\/www.veracel.com.br\\\/#website\"},\"primaryImageOfPage\":{\"@id\":\"https:\\\/\\\/www.veracel.com.br\\\/veracel-celulose-alia-inovacao-e-sustentabilidade-em-sua-producao-de-madeira\\\/#primaryimage\"},\"image\":{\"@id\":\"https:\\\/\\\/www.veracel.com.br\\\/veracel-celulose-alia-inovacao-e-sustentabilidade-em-sua-producao-de-madeira\\\/#primaryimage\"},\"thumbnailUrl\":\"https:\\\/\\\/www.veracel.com.br\\\/wp-content\\\/uploads\\\/2024\\\/07\\\/invovacao-praticas-sustentaveis-veracel-celulose.jpg\",\"datePublished\":\"2024-07-26T17:28:09+00:00\",\"dateModified\":\"2024-07-26T17:29:25+00:00\",\"description\":\"Veracel combina tecnologia e pr\u00e1ticas sustent\u00e1veis impulsionando a economia local e aprimorando a gest\u00e3o florestal.\",\"breadcrumb\":{\"@id\":\"https:\\\/\\\/www.veracel.com.br\\\/veracel-celulose-alia-inovacao-e-sustentabilidade-em-sua-producao-de-madeira\\\/#breadcrumb\"},\"inLanguage\":\"en-US\",\"potentialAction\":[{\"@type\":\"ReadAction\",\"target\":[\"https:\\\/\\\/www.veracel.com.br\\\/veracel-celulose-alia-inovacao-e-sustentabilidade-em-sua-producao-de-madeira\\\/\"]}]},{\"@type\":\"ImageObject\",\"inLanguage\":\"en-US\",\"@id\":\"https:\\\/\\\/www.veracel.com.br\\\/veracel-celulose-alia-inovacao-e-sustentabilidade-em-sua-producao-de-madeira\\\/#primaryimage\",\"url\":\"https:\\\/\\\/www.veracel.com.br\\\/wp-content\\\/uploads\\\/2024\\\/07\\\/invovacao-praticas-sustentaveis-veracel-celulose.jpg\",\"contentUrl\":\"https:\\\/\\\/www.veracel.com.br\\\/wp-content\\\/uploads\\\/2024\\\/07\\\/invovacao-praticas-sustentaveis-veracel-celulose.jpg\",\"width\":1319,\"height\":741},{\"@type\":\"BreadcrumbList\",\"@id\":\"https:\\\/\\\/www.veracel.com.br\\\/veracel-celulose-alia-inovacao-e-sustentabilidade-em-sua-producao-de-madeira\\\/#breadcrumb\",\"itemListElement\":[{\"@type\":\"ListItem\",\"position\":1,\"name\":\"Home\",\"item\":\"https:\\\/\\\/www.veracel.com.br\\\/\"},{\"@type\":\"ListItem\",\"position\":2,\"name\":\"Not\u00edcias\",\"item\":\"https:\\\/\\\/www.veracel.com.br\\\/noticias\\\/\"},{\"@type\":\"ListItem\",\"position\":3,\"name\":\"Veracel Celulose alia inova\u00e7\u00e3o e sustentabilidade em sua produ\u00e7\u00e3o de madeira\"}]},{\"@type\":\"WebSite\",\"@id\":\"https:\\\/\\\/www.veracel.com.br\\\/#website\",\"url\":\"https:\\\/\\\/www.veracel.com.br\\\/\",\"name\":\"Veracel Celulose\",\"description\":\"Quando crescemos juntos vamos muito mais longe\",\"publisher\":{\"@id\":\"https:\\\/\\\/www.veracel.com.br\\\/#organization\"},\"potentialAction\":[{\"@type\":\"SearchAction\",\"target\":{\"@type\":\"EntryPoint\",\"urlTemplate\":\"https:\\\/\\\/www.veracel.com.br\\\/?s={search_term_string}\"},\"query-input\":{\"@type\":\"PropertyValueSpecification\",\"valueRequired\":true,\"valueName\":\"search_term_string\"}}],\"inLanguage\":\"en-US\"},{\"@type\":\"Organization\",\"@id\":\"https:\\\/\\\/www.veracel.com.br\\\/#organization\",\"name\":\"Veracel Celulose\",\"url\":\"https:\\\/\\\/www.veracel.com.br\\\/\",\"logo\":{\"@type\":\"ImageObject\",\"inLanguage\":\"en-US\",\"@id\":\"https:\\\/\\\/www.veracel.com.br\\\/#\\\/schema\\\/logo\\\/image\\\/\",\"url\":\"https:\\\/\\\/www.veracel.com.br\\\/wp-content\\\/uploads\\\/2024\\\/08\\\/Ativo-1.png\",\"contentUrl\":\"https:\\\/\\\/www.veracel.com.br\\\/wp-content\\\/uploads\\\/2024\\\/08\\\/Ativo-1.png\",\"width\":400,\"height\":121,\"caption\":\"Veracel Celulose\"},\"image\":{\"@id\":\"https:\\\/\\\/www.veracel.com.br\\\/#\\\/schema\\\/logo\\\/image\\\/\"},\"sameAs\":[\"https:\\\/\\\/www.instagram.com\\\/veracelcelulose\",\"https:\\\/\\\/www.linkedin.com\\\/company\\\/veracelcelulose\\\/\",\"https:\\\/\\\/www.youtube.com\\\/user\\\/CanalVeracel\"]}]}<\/script>\n<!-- \/ Yoast SEO Premium plugin. -->","yoast_head_json":{"title":"Inova\u00e7\u00e3o e Sustentabilidade na Produ\u00e7\u00e3o de Madeira","description":"Veracel combina tecnologia e pr\u00e1ticas sustent\u00e1veis impulsionando a economia local e aprimorando a gest\u00e3o florestal.","robots":{"index":"index","follow":"follow","max-snippet":"max-snippet:-1","max-image-preview":"max-image-preview:large","max-video-preview":"max-video-preview:-1"},"canonical":"https:\/\/www.veracel.com.br\/veracel-celulose-alia-inovacao-e-sustentabilidade-em-sua-producao-de-madeira\/","og_locale":"en_US","og_type":"article","og_title":"Veracel Celulose alia inova\u00e7\u00e3o e sustentabilidade em sua produ\u00e7\u00e3o de madeira","og_description":"Veracel combina tecnologia e pr\u00e1ticas sustent\u00e1veis impulsionando a economia local e aprimorando a gest\u00e3o florestal.","og_url":"https:\/\/www.veracel.com.br\/veracel-celulose-alia-inovacao-e-sustentabilidade-em-sua-producao-de-madeira\/","og_site_name":"Veracel Celulose","article_published_time":"2024-07-26T17:28:09+00:00","article_modified_time":"2024-07-26T17:29:25+00:00","og_image":[{"width":1319,"height":741,"url":"https:\/\/www.veracel.com.br\/wp-content\/uploads\/2024\/07\/invovacao-praticas-sustentaveis-veracel-celulose.jpg","type":"image\/jpeg"}],"author":"saulo","twitter_card":"summary_large_image","twitter_misc":{"Written by":"saulo","Est. reading time":"4 minutes"},"schema":{"@context":"https:\/\/schema.org","@graph":[{"@type":"WebPage","@id":"https:\/\/www.veracel.com.br\/veracel-celulose-alia-inovacao-e-sustentabilidade-em-sua-producao-de-madeira\/","url":"https:\/\/www.veracel.com.br\/veracel-celulose-alia-inovacao-e-sustentabilidade-em-sua-producao-de-madeira\/","name":"Inova\u00e7\u00e3o e Sustentabilidade na Produ\u00e7\u00e3o de Madeira","isPartOf":{"@id":"https:\/\/www.veracel.com.br\/#website"},"primaryImageOfPage":{"@id":"https:\/\/www.veracel.com.br\/veracel-celulose-alia-inovacao-e-sustentabilidade-em-sua-producao-de-madeira\/#primaryimage"},"image":{"@id":"https:\/\/www.veracel.com.br\/veracel-celulose-alia-inovacao-e-sustentabilidade-em-sua-producao-de-madeira\/#primaryimage"},"thumbnailUrl":"https:\/\/www.veracel.com.br\/wp-content\/uploads\/2024\/07\/invovacao-praticas-sustentaveis-veracel-celulose.jpg","datePublished":"2024-07-26T17:28:09+00:00","dateModified":"2024-07-26T17:29:25+00:00","description":"Veracel combina tecnologia e pr\u00e1ticas sustent\u00e1veis impulsionando a economia local e aprimorando a gest\u00e3o florestal.","breadcrumb":{"@id":"https:\/\/www.veracel.com.br\/veracel-celulose-alia-inovacao-e-sustentabilidade-em-sua-producao-de-madeira\/#breadcrumb"},"inLanguage":"en-US","potentialAction":[{"@type":"ReadAction","target":["https:\/\/www.veracel.com.br\/veracel-celulose-alia-inovacao-e-sustentabilidade-em-sua-producao-de-madeira\/"]}]},{"@type":"ImageObject","inLanguage":"en-US","@id":"https:\/\/www.veracel.com.br\/veracel-celulose-alia-inovacao-e-sustentabilidade-em-sua-producao-de-madeira\/#primaryimage","url":"https:\/\/www.veracel.com.br\/wp-content\/uploads\/2024\/07\/invovacao-praticas-sustentaveis-veracel-celulose.jpg","contentUrl":"https:\/\/www.veracel.com.br\/wp-content\/uploads\/2024\/07\/invovacao-praticas-sustentaveis-veracel-celulose.jpg","width":1319,"height":741},{"@type":"BreadcrumbList","@id":"https:\/\/www.veracel.com.br\/veracel-celulose-alia-inovacao-e-sustentabilidade-em-sua-producao-de-madeira\/#breadcrumb","itemListElement":[{"@type":"ListItem","position":1,"name":"Home","item":"https:\/\/www.veracel.com.br\/"},{"@type":"ListItem","position":2,"name":"Not\u00edcias","item":"https:\/\/www.veracel.com.br\/noticias\/"},{"@type":"ListItem","position":3,"name":"Veracel Celulose alia inova\u00e7\u00e3o e sustentabilidade em sua produ\u00e7\u00e3o de madeira"}]},{"@type":"WebSite","@id":"https:\/\/www.veracel.com.br\/#website","url":"https:\/\/www.veracel.com.br\/","name":"Veracel Celulose","description":"Quando crescemos juntos vamos muito mais longe","publisher":{"@id":"https:\/\/www.veracel.com.br\/#organization"},"potentialAction":[{"@type":"SearchAction","target":{"@type":"EntryPoint","urlTemplate":"https:\/\/www.veracel.com.br\/?s={search_term_string}"},"query-input":{"@type":"PropertyValueSpecification","valueRequired":true,"valueName":"search_term_string"}}],"inLanguage":"en-US"},{"@type":"Organization","@id":"https:\/\/www.veracel.com.br\/#organization","name":"Veracel Celulose","url":"https:\/\/www.veracel.com.br\/","logo":{"@type":"ImageObject","inLanguage":"en-US","@id":"https:\/\/www.veracel.com.br\/#\/schema\/logo\/image\/","url":"https:\/\/www.veracel.com.br\/wp-content\/uploads\/2024\/08\/Ativo-1.png","contentUrl":"https:\/\/www.veracel.com.br\/wp-content\/uploads\/2024\/08\/Ativo-1.png","width":400,"height":121,"caption":"Veracel Celulose"},"image":{"@id":"https:\/\/www.veracel.com.br\/#\/schema\/logo\/image\/"},"sameAs":["https:\/\/www.instagram.com\/veracelcelulose","https:\/\/www.linkedin.com\/company\/veracelcelulose\/","https:\/\/www.youtube.com\/user\/CanalVeracel"]}]}},"_links":{"self":[{"href":"https:\/\/www.veracel.com.br\/en\/wp-json\/wp\/v2\/posts\/35171","targetHints":{"allow":["GET"]}}],"collection":[{"href":"https:\/\/www.veracel.com.br\/en\/wp-json\/wp\/v2\/posts"}],"about":[{"href":"https:\/\/www.veracel.com.br\/en\/wp-json\/wp\/v2\/types\/post"}],"author":[{"embeddable":true,"href":"https:\/\/www.veracel.com.br\/en\/wp-json\/wp\/v2\/users\/2"}],"replies":[{"embeddable":true,"href":"https:\/\/www.veracel.com.br\/en\/wp-json\/wp\/v2\/comments?post=35171"}],"version-history":[{"count":2,"href":"https:\/\/www.veracel.com.br\/en\/wp-json\/wp\/v2\/posts\/35171\/revisions"}],"predecessor-version":[{"id":35178,"href":"https:\/\/www.veracel.com.br\/en\/wp-json\/wp\/v2\/posts\/35171\/revisions\/35178"}],"wp:featuredmedia":[{"embeddable":true,"href":"https:\/\/www.veracel.com.br\/en\/wp-json\/wp\/v2\/media\/35175"}],"wp:attachment":[{"href":"https:\/\/www.veracel.com.br\/en\/wp-json\/wp\/v2\/media?parent=35171"}],"wp:term":[{"taxonomy":"category","embeddable":true,"href":"https:\/\/www.veracel.com.br\/en\/wp-json\/wp\/v2\/categories?post=35171"},{"taxonomy":"post_tag","embeddable":true,"href":"https:\/\/www.veracel.com.br\/en\/wp-json\/wp\/v2\/tags?post=35171"}],"curies":[{"name":"wp","href":"https:\/\/api.w.org\/{rel}","templated":true}]}}