{"id":35212,"date":"2024-07-31T09:32:43","date_gmt":"2024-07-31T12:32:43","guid":{"rendered":"https:\/\/www.veracel.com.br\/?p=35212"},"modified":"2024-07-31T10:11:57","modified_gmt":"2024-07-31T13:11:57","slug":"vote-veracel-celulose-premio-sustentabilidade-abtcp","status":"publish","type":"post","link":"https:\/\/www.veracel.com.br\/en\/vote-veracel-celulose-premio-sustentabilidade-abtcp\/","title":{"rendered":"Vote na Veracel Celulose para o Pr\u00eamio ABTCP Destaque em Sustentabilidade!"},"content":{"rendered":"<p><em>A Veracel Celulose est\u00e1 concorrendo ao Pr\u00eamio Destaque em Sustentabilidade da ABTCP &#8211; Associa\u00e7\u00e3o Brasileira T\u00e9cnica de Celulose e Papel! Este reconhecimento \u00e9 um testemunho do nosso trabalho e dedica\u00e7\u00e3o em prol de um futuro sustent\u00e1vel. Mas precisamos da sua ajuda para levar este pr\u00eamio para casa. Acesse o site <strong><a href=\"https:\/\/premiodestaquesdosetor.com.br\/\" target=\"_blank\" rel=\"noopener\">premiodestaquesdosetor.com.br<\/a><\/strong> e vote Veracel Celulose na categoria Sustentabilidade\/Produtor at\u00e9 9 de agosto!<\/em><\/p>\n<p>&nbsp;<\/p>\n<h2>Por que a Veracel Merece seu Voto?<\/h2>\n<h3>N\u00e3o Existe Fora! A\u00e7\u00e3o Coletiva pelo Lixo Marinho no Terminal Mar\u00edtimo de Belmonte<\/h3>\n<p>Inscrevemos nossa inovadora iniciativa de lixo marinho na categoria Sustentabilidade porque ela abrange as \u00e1reas Ambiental, Social e de Governan\u00e7a (ASG), atuando localmente contra um problema global que afeta o meio ambiente e toda a popula\u00e7\u00e3o humana. Ao agir localmente, mitigamos os impactos do lixo nos ecossistemas e nas comunidades que dependem da pesca e do turismo, inclu\u00edmos e conectamos nossos fornecedores, e transformamos um problema global em mat\u00e9ria-prima reutiliz\u00e1vel, aumentando nosso legado para o mundo.<\/p>\n<p><strong>Acesse o site <a href=\"https:\/\/premiodestaquesdosetor.com.br\/\" target=\"_blank\" rel=\"noopener\">premiodestaquesdosetor.com.br<\/a> e vote Veracel Celulose na categoria Sustentabilidade\/Produtor at\u00e9 9 de agosto!<\/strong><\/p>\n<p>&nbsp;<\/p>\n<p><iframe title=\"YouTube video player\" src=\"https:\/\/www.youtube.com\/embed\/r3cMQjUayPI?si=lno9TdiQlJVaHA1X\" width=\"560\" height=\"315\" frameborder=\"0\" allowfullscreen=\"allowfullscreen\"><\/iframe><\/p>\n<p>&nbsp;<\/p>\n<h2>Contexto e Justificativa<\/h2>\n<p>O Terminal Mar\u00edtimo de Belmonte, na Bahia, escoa 1,1 milh\u00e3o de toneladas de celulose por ano, produzidas pela Veracel, que s\u00e3o transportadas at\u00e9 Portocel, no Esp\u00edrito Santo. A \u00e1rea adjacente ao terminal possui quase 2 quil\u00f4metros de praias em \u00e1rea de prote\u00e7\u00e3o ambiental. Observamos uma crescente quantidade de lixo chegando do mar e se acumulando na linha de praia.<\/p>\n<p>&nbsp;<\/p>\n<h2>Descobertas e Impacto do Lixo Marinho<\/h2>\n<p>Em 2023, nossas observa\u00e7\u00f5es revelaram que o lixo provinha de mais de 20 pa\u00edses, al\u00e9m do Brasil, sendo predominantemente garrafas pl\u00e1sticas de \u00e1gua. O lixo pl\u00e1stico, originado de diversas partes do mundo, chega ao oceano Atl\u00e2ntico atrav\u00e9s das correntes oce\u00e2nicas. Esse lixo \u00e9 distribu\u00eddo pelas praias brasileiras principalmente entre abril e setembro, trazido pela Corrente do Brasil. O lixo marinho, especialmente os res\u00edduos pl\u00e1sticos, pode fragmentar-se em micropl\u00e1sticos. Hoje, os micropl\u00e1sticos s\u00e3o encontrados nos tecidos humanos, no sangue e no leite materno, liberando compostos t\u00f3xicos e absorvendo poluentes org\u00e2nicos persistentes e metais pesados. Esses compostos s\u00e3o extremamente prejudiciais \u00e0 sa\u00fade humana e ao meio ambiente. Os pescadores da regi\u00e3o t\u00eam relatado que suas redes trazem mais lixo do que peixe, agravando a situa\u00e7\u00e3o.<\/p>\n<p>&nbsp;<\/p>\n<h2>Iniciativa da Veracel<\/h2>\n<p>A Veracel tem a sustentabilidade como um de seus pilares, com o prop\u00f3sito de ser respons\u00e1vel, inspirar pessoas e valorizar a vida, garantindo a seus clientes confian\u00e7a em um produto que gera valor e inova\u00e7\u00e3o a partir de boas pr\u00e1ticas ASG. Em maio de 2024, iniciamos a coleta, pesagem, triagem e reciclagem do lixo, com periodicidade semanal. Nas quatro primeiras semanas, removemos 138 quilos de lixo da linha de praia. Esse material foi encaminhado \u00e0 f\u00e1brica da Veracel para o Projeto Vida, respons\u00e1vel pela triagem, reciclagem e destina\u00e7\u00e3o apropriada do lixo.<\/p>\n<p>&nbsp;<\/p>\n<h2>Expans\u00e3o e Voluntariado<\/h2>\n<p>Neste processo, envolvemos quatro empresas parceiras. A a\u00e7\u00e3o pretende ser ampliada para 35 quil\u00f4metros de praia, aproveitando a \u00e1rea j\u00e1 monitorada para a desova de tartarugas. Al\u00e9m disso, a pedido dos nossos colaboradores, estamos estruturando a iniciativa para incluir voluntariado, permitindo maior engajamento da comunidade e dos funcion\u00e1rios.<\/p>\n<p>&nbsp;<\/p>\n<h2>Como Votar!<\/h2>\n<p><strong>N\u00e3o perca a chance de fazer parte dessa transforma\u00e7\u00e3o! Vote na Veracel Celulose para o Pr\u00eamio Destaque em Sustentabilidade da ABTCP.<\/strong><\/p>\n<p>Acesse o site <a href=\"https:\/\/premiodestaquesdosetor.com.br\/\" target=\"_blank\" rel=\"noopener\"><strong>premiodestaquesdosetor.com.br<\/strong><\/a> e vote Veracel Celulose na categoria Sustentabilidade\/Produtor at\u00e9 9 de agosto!<\/p>\n<p>&nbsp;<\/p>\n<p>Vamos juntos conquistar mais esse reconhecimento!<\/p>\n","protected":false},"excerpt":{"rendered":"<p>A Veracel Celulose est\u00e1 concorrendo ao Pr\u00eamio Destaque em Sustentabilidade da ABTCP &#8211; Associa\u00e7\u00e3o Brasileira T\u00e9cnica de Celulose e Papel! Este reconhecimento \u00e9 um testemunho do nosso trabalho e dedica\u00e7\u00e3o em prol de um futuro sustent\u00e1vel. Mas precisamos da sua ajuda para levar este pr\u00eamio para casa. Acesse o site premiodestaquesdosetor.com.br e vote Veracel Celulose [&hellip;]<\/p>\n","protected":false},"author":2,"featured_media":35218,"comment_status":"closed","ping_status":"closed","sticky":false,"template":"","format":"standard","meta":{"_acf_changed":false,"footnotes":"","_links_to":"","_links_to_target":""},"categories":[211,332],"tags":[],"class_list":["post-35212","post","type-post","status-publish","format-standard","has-post-thumbnail","hentry","category-noticias","category-sustentabilidade-veracel"],"acf":[],"yoast_head":"<!-- This site is optimized with the Yoast SEO Premium plugin v26.7 (Yoast SEO v27.4) - https:\/\/yoast.com\/product\/yoast-seo-premium-wordpress\/ -->\n<title>Vote na Veracel para o Pr\u00eamio ABTCP em Sustentabilidade!<\/title>\n<meta name=\"description\" content=\"A Veracel Celulose \u00e9 concorrente ao Pr\u00eamio Destaque em Sustentabilidade da ABTCP. Vote agora para apoiar nossa pesquisa sobre o lixo marinho.\" \/>\n<meta name=\"robots\" content=\"index, follow, max-snippet:-1, max-image-preview:large, max-video-preview:-1\" \/>\n<link rel=\"canonical\" href=\"https:\/\/www.veracel.com.br\/vote-veracel-celulose-premio-sustentabilidade-abtcp\/\" \/>\n<meta property=\"og:locale\" content=\"en_US\" \/>\n<meta property=\"og:type\" content=\"article\" \/>\n<meta property=\"og:title\" content=\"Vote na Veracel Celulose para o Pr\u00eamio ABTCP Destaque em Sustentabilidade!\" \/>\n<meta property=\"og:description\" content=\"A Veracel Celulose \u00e9 concorrente ao Pr\u00eamio Destaque em Sustentabilidade da ABTCP. Vote agora para apoiar nossa pesquisa sobre o lixo marinho.\" \/>\n<meta property=\"og:url\" content=\"https:\/\/www.veracel.com.br\/vote-veracel-celulose-premio-sustentabilidade-abtcp\/\" \/>\n<meta property=\"og:site_name\" content=\"Veracel Celulose\" \/>\n<meta property=\"article:published_time\" content=\"2024-07-31T12:32:43+00:00\" \/>\n<meta property=\"article:modified_time\" content=\"2024-07-31T13:11:57+00:00\" \/>\n<meta property=\"og:image\" content=\"https:\/\/www.veracel.com.br\/wp-content\/uploads\/2024\/07\/premio-abtcp-veracel-celulose-2.jpg\" \/>\n\t<meta property=\"og:image:width\" content=\"1000\" \/>\n\t<meta property=\"og:image:height\" content=\"567\" \/>\n\t<meta property=\"og:image:type\" content=\"image\/jpeg\" \/>\n<meta name=\"author\" content=\"saulo\" \/>\n<meta name=\"twitter:card\" content=\"summary_large_image\" \/>\n<meta name=\"twitter:label1\" content=\"Written by\" \/>\n\t<meta name=\"twitter:data1\" content=\"saulo\" \/>\n\t<meta name=\"twitter:label2\" content=\"Est. reading time\" \/>\n\t<meta name=\"twitter:data2\" content=\"4 minutes\" \/>\n<script type=\"application\/ld+json\" class=\"yoast-schema-graph\">{\"@context\":\"https:\\\/\\\/schema.org\",\"@graph\":[{\"@type\":\"WebPage\",\"@id\":\"https:\\\/\\\/www.veracel.com.br\\\/vote-veracel-celulose-premio-sustentabilidade-abtcp\\\/\",\"url\":\"https:\\\/\\\/www.veracel.com.br\\\/vote-veracel-celulose-premio-sustentabilidade-abtcp\\\/\",\"name\":\"Vote na Veracel para o Pr\u00eamio ABTCP em Sustentabilidade!\",\"isPartOf\":{\"@id\":\"https:\\\/\\\/www.veracel.com.br\\\/#website\"},\"primaryImageOfPage\":{\"@id\":\"https:\\\/\\\/www.veracel.com.br\\\/vote-veracel-celulose-premio-sustentabilidade-abtcp\\\/#primaryimage\"},\"image\":{\"@id\":\"https:\\\/\\\/www.veracel.com.br\\\/vote-veracel-celulose-premio-sustentabilidade-abtcp\\\/#primaryimage\"},\"thumbnailUrl\":\"https:\\\/\\\/www.veracel.com.br\\\/wp-content\\\/uploads\\\/2024\\\/07\\\/premio-abtcp-veracel-celulose-2.jpg\",\"datePublished\":\"2024-07-31T12:32:43+00:00\",\"dateModified\":\"2024-07-31T13:11:57+00:00\",\"description\":\"A Veracel Celulose \u00e9 concorrente ao Pr\u00eamio Destaque em Sustentabilidade da ABTCP. Vote agora para apoiar nossa pesquisa sobre o lixo marinho.\",\"breadcrumb\":{\"@id\":\"https:\\\/\\\/www.veracel.com.br\\\/vote-veracel-celulose-premio-sustentabilidade-abtcp\\\/#breadcrumb\"},\"inLanguage\":\"en-US\",\"potentialAction\":[{\"@type\":\"ReadAction\",\"target\":[\"https:\\\/\\\/www.veracel.com.br\\\/vote-veracel-celulose-premio-sustentabilidade-abtcp\\\/\"]}]},{\"@type\":\"ImageObject\",\"inLanguage\":\"en-US\",\"@id\":\"https:\\\/\\\/www.veracel.com.br\\\/vote-veracel-celulose-premio-sustentabilidade-abtcp\\\/#primaryimage\",\"url\":\"https:\\\/\\\/www.veracel.com.br\\\/wp-content\\\/uploads\\\/2024\\\/07\\\/premio-abtcp-veracel-celulose-2.jpg\",\"contentUrl\":\"https:\\\/\\\/www.veracel.com.br\\\/wp-content\\\/uploads\\\/2024\\\/07\\\/premio-abtcp-veracel-celulose-2.jpg\",\"width\":1000,\"height\":567},{\"@type\":\"BreadcrumbList\",\"@id\":\"https:\\\/\\\/www.veracel.com.br\\\/vote-veracel-celulose-premio-sustentabilidade-abtcp\\\/#breadcrumb\",\"itemListElement\":[{\"@type\":\"ListItem\",\"position\":1,\"name\":\"Home\",\"item\":\"https:\\\/\\\/www.veracel.com.br\\\/\"},{\"@type\":\"ListItem\",\"position\":2,\"name\":\"Not\u00edcias\",\"item\":\"https:\\\/\\\/www.veracel.com.br\\\/noticias\\\/\"},{\"@type\":\"ListItem\",\"position\":3,\"name\":\"Vote na Veracel Celulose para o Pr\u00eamio ABTCP Destaque em Sustentabilidade!\"}]},{\"@type\":\"WebSite\",\"@id\":\"https:\\\/\\\/www.veracel.com.br\\\/#website\",\"url\":\"https:\\\/\\\/www.veracel.com.br\\\/\",\"name\":\"Veracel Celulose\",\"description\":\"Quando crescemos juntos vamos muito mais longe\",\"publisher\":{\"@id\":\"https:\\\/\\\/www.veracel.com.br\\\/#organization\"},\"potentialAction\":[{\"@type\":\"SearchAction\",\"target\":{\"@type\":\"EntryPoint\",\"urlTemplate\":\"https:\\\/\\\/www.veracel.com.br\\\/?s={search_term_string}\"},\"query-input\":{\"@type\":\"PropertyValueSpecification\",\"valueRequired\":true,\"valueName\":\"search_term_string\"}}],\"inLanguage\":\"en-US\"},{\"@type\":\"Organization\",\"@id\":\"https:\\\/\\\/www.veracel.com.br\\\/#organization\",\"name\":\"Veracel Celulose\",\"url\":\"https:\\\/\\\/www.veracel.com.br\\\/\",\"logo\":{\"@type\":\"ImageObject\",\"inLanguage\":\"en-US\",\"@id\":\"https:\\\/\\\/www.veracel.com.br\\\/#\\\/schema\\\/logo\\\/image\\\/\",\"url\":\"https:\\\/\\\/www.veracel.com.br\\\/wp-content\\\/uploads\\\/2024\\\/08\\\/Ativo-1.png\",\"contentUrl\":\"https:\\\/\\\/www.veracel.com.br\\\/wp-content\\\/uploads\\\/2024\\\/08\\\/Ativo-1.png\",\"width\":400,\"height\":121,\"caption\":\"Veracel Celulose\"},\"image\":{\"@id\":\"https:\\\/\\\/www.veracel.com.br\\\/#\\\/schema\\\/logo\\\/image\\\/\"},\"sameAs\":[\"https:\\\/\\\/www.instagram.com\\\/veracelcelulose\",\"https:\\\/\\\/www.linkedin.com\\\/company\\\/veracelcelulose\\\/\",\"https:\\\/\\\/www.youtube.com\\\/user\\\/CanalVeracel\"]}]}<\/script>\n<!-- \/ Yoast SEO Premium plugin. -->","yoast_head_json":{"title":"Vote na Veracel para o Pr\u00eamio ABTCP em Sustentabilidade!","description":"A Veracel Celulose \u00e9 concorrente ao Pr\u00eamio Destaque em Sustentabilidade da ABTCP. Vote agora para apoiar nossa pesquisa sobre o lixo marinho.","robots":{"index":"index","follow":"follow","max-snippet":"max-snippet:-1","max-image-preview":"max-image-preview:large","max-video-preview":"max-video-preview:-1"},"canonical":"https:\/\/www.veracel.com.br\/vote-veracel-celulose-premio-sustentabilidade-abtcp\/","og_locale":"en_US","og_type":"article","og_title":"Vote na Veracel Celulose para o Pr\u00eamio ABTCP Destaque em Sustentabilidade!","og_description":"A Veracel Celulose \u00e9 concorrente ao Pr\u00eamio Destaque em Sustentabilidade da ABTCP. Vote agora para apoiar nossa pesquisa sobre o lixo marinho.","og_url":"https:\/\/www.veracel.com.br\/vote-veracel-celulose-premio-sustentabilidade-abtcp\/","og_site_name":"Veracel Celulose","article_published_time":"2024-07-31T12:32:43+00:00","article_modified_time":"2024-07-31T13:11:57+00:00","og_image":[{"width":1000,"height":567,"url":"https:\/\/www.veracel.com.br\/wp-content\/uploads\/2024\/07\/premio-abtcp-veracel-celulose-2.jpg","type":"image\/jpeg"}],"author":"saulo","twitter_card":"summary_large_image","twitter_misc":{"Written by":"saulo","Est. reading time":"4 minutes"},"schema":{"@context":"https:\/\/schema.org","@graph":[{"@type":"WebPage","@id":"https:\/\/www.veracel.com.br\/vote-veracel-celulose-premio-sustentabilidade-abtcp\/","url":"https:\/\/www.veracel.com.br\/vote-veracel-celulose-premio-sustentabilidade-abtcp\/","name":"Vote na Veracel para o Pr\u00eamio ABTCP em Sustentabilidade!","isPartOf":{"@id":"https:\/\/www.veracel.com.br\/#website"},"primaryImageOfPage":{"@id":"https:\/\/www.veracel.com.br\/vote-veracel-celulose-premio-sustentabilidade-abtcp\/#primaryimage"},"image":{"@id":"https:\/\/www.veracel.com.br\/vote-veracel-celulose-premio-sustentabilidade-abtcp\/#primaryimage"},"thumbnailUrl":"https:\/\/www.veracel.com.br\/wp-content\/uploads\/2024\/07\/premio-abtcp-veracel-celulose-2.jpg","datePublished":"2024-07-31T12:32:43+00:00","dateModified":"2024-07-31T13:11:57+00:00","description":"A Veracel Celulose \u00e9 concorrente ao Pr\u00eamio Destaque em Sustentabilidade da ABTCP. Vote agora para apoiar nossa pesquisa sobre o lixo marinho.","breadcrumb":{"@id":"https:\/\/www.veracel.com.br\/vote-veracel-celulose-premio-sustentabilidade-abtcp\/#breadcrumb"},"inLanguage":"en-US","potentialAction":[{"@type":"ReadAction","target":["https:\/\/www.veracel.com.br\/vote-veracel-celulose-premio-sustentabilidade-abtcp\/"]}]},{"@type":"ImageObject","inLanguage":"en-US","@id":"https:\/\/www.veracel.com.br\/vote-veracel-celulose-premio-sustentabilidade-abtcp\/#primaryimage","url":"https:\/\/www.veracel.com.br\/wp-content\/uploads\/2024\/07\/premio-abtcp-veracel-celulose-2.jpg","contentUrl":"https:\/\/www.veracel.com.br\/wp-content\/uploads\/2024\/07\/premio-abtcp-veracel-celulose-2.jpg","width":1000,"height":567},{"@type":"BreadcrumbList","@id":"https:\/\/www.veracel.com.br\/vote-veracel-celulose-premio-sustentabilidade-abtcp\/#breadcrumb","itemListElement":[{"@type":"ListItem","position":1,"name":"Home","item":"https:\/\/www.veracel.com.br\/"},{"@type":"ListItem","position":2,"name":"Not\u00edcias","item":"https:\/\/www.veracel.com.br\/noticias\/"},{"@type":"ListItem","position":3,"name":"Vote na Veracel Celulose para o Pr\u00eamio ABTCP Destaque em Sustentabilidade!"}]},{"@type":"WebSite","@id":"https:\/\/www.veracel.com.br\/#website","url":"https:\/\/www.veracel.com.br\/","name":"Veracel Celulose","description":"Quando crescemos juntos vamos muito mais longe","publisher":{"@id":"https:\/\/www.veracel.com.br\/#organization"},"potentialAction":[{"@type":"SearchAction","target":{"@type":"EntryPoint","urlTemplate":"https:\/\/www.veracel.com.br\/?s={search_term_string}"},"query-input":{"@type":"PropertyValueSpecification","valueRequired":true,"valueName":"search_term_string"}}],"inLanguage":"en-US"},{"@type":"Organization","@id":"https:\/\/www.veracel.com.br\/#organization","name":"Veracel Celulose","url":"https:\/\/www.veracel.com.br\/","logo":{"@type":"ImageObject","inLanguage":"en-US","@id":"https:\/\/www.veracel.com.br\/#\/schema\/logo\/image\/","url":"https:\/\/www.veracel.com.br\/wp-content\/uploads\/2024\/08\/Ativo-1.png","contentUrl":"https:\/\/www.veracel.com.br\/wp-content\/uploads\/2024\/08\/Ativo-1.png","width":400,"height":121,"caption":"Veracel Celulose"},"image":{"@id":"https:\/\/www.veracel.com.br\/#\/schema\/logo\/image\/"},"sameAs":["https:\/\/www.instagram.com\/veracelcelulose","https:\/\/www.linkedin.com\/company\/veracelcelulose\/","https:\/\/www.youtube.com\/user\/CanalVeracel"]}]}},"_links":{"self":[{"href":"https:\/\/www.veracel.com.br\/en\/wp-json\/wp\/v2\/posts\/35212","targetHints":{"allow":["GET"]}}],"collection":[{"href":"https:\/\/www.veracel.com.br\/en\/wp-json\/wp\/v2\/posts"}],"about":[{"href":"https:\/\/www.veracel.com.br\/en\/wp-json\/wp\/v2\/types\/post"}],"author":[{"embeddable":true,"href":"https:\/\/www.veracel.com.br\/en\/wp-json\/wp\/v2\/users\/2"}],"replies":[{"embeddable":true,"href":"https:\/\/www.veracel.com.br\/en\/wp-json\/wp\/v2\/comments?post=35212"}],"version-history":[{"count":5,"href":"https:\/\/www.veracel.com.br\/en\/wp-json\/wp\/v2\/posts\/35212\/revisions"}],"predecessor-version":[{"id":35257,"href":"https:\/\/www.veracel.com.br\/en\/wp-json\/wp\/v2\/posts\/35212\/revisions\/35257"}],"wp:featuredmedia":[{"embeddable":true,"href":"https:\/\/www.veracel.com.br\/en\/wp-json\/wp\/v2\/media\/35218"}],"wp:attachment":[{"href":"https:\/\/www.veracel.com.br\/en\/wp-json\/wp\/v2\/media?parent=35212"}],"wp:term":[{"taxonomy":"category","embeddable":true,"href":"https:\/\/www.veracel.com.br\/en\/wp-json\/wp\/v2\/categories?post=35212"},{"taxonomy":"post_tag","embeddable":true,"href":"https:\/\/www.veracel.com.br\/en\/wp-json\/wp\/v2\/tags?post=35212"}],"curies":[{"name":"wp","href":"https:\/\/api.w.org\/{rel}","templated":true}]}}