{"id":35361,"date":"2024-08-05T15:50:32","date_gmt":"2024-08-05T18:50:32","guid":{"rendered":"https:\/\/www.veracel.com.br\/?p=35361"},"modified":"2024-08-05T15:53:18","modified_gmt":"2024-08-05T18:53:18","slug":"veracel-inicia-a-parada-geral-2024","status":"publish","type":"post","link":"https:\/\/www.veracel.com.br\/en\/veracel-inicia-a-parada-geral-2024\/","title":{"rendered":"Veracel Inicia a Parada Geral 2024 com Expectativa de Movimentar R$5 Milh\u00f5es na Economia do Sul da Bahia"},"content":{"rendered":"<p><em>Com uma expectativa de movimentar R$5 milh\u00f5es na economia do Sul da Bahia, a Parada Geral deste ano ocorrer\u00e1 at\u00e9 16 de agosto com a\u00e7\u00f5es de manuten\u00e7\u00e3o preventiva fundamentais para fortalecer a seguran\u00e7a dos processos e da estabilidade produtiva da f\u00e1brica de celulose<\/em><\/p>\n<p>&nbsp;<\/p>\n<p>A Veracel Celulose realiza entre hoje (05) e 16 de agosto a edi\u00e7\u00e3o de 2024 da Parada Geral (PG) de suas atividades industriais. Durante esse per\u00edodo, as opera\u00e7\u00f5es da f\u00e1brica s\u00e3o interrompidas para o reparo, a manuten\u00e7\u00e3o e o ajuste preventivo dos diversos maquin\u00e1rios. A PG tem como foco a seguran\u00e7a dos processos fabris e, como consequ\u00eancia, a estabilidade da f\u00e1brica, benef\u00edcios para a sua produtividade, al\u00e9m de melhorias nos processos e inova\u00e7\u00f5es. A Veracel prev\u00ea que a Parada ir\u00e1 gerar R$5 milh\u00f5es na economia local, movimentando setores como alimenta\u00e7\u00e3o, hospedagem e transporte, al\u00e9m de abrir mais de 500 vagas tempor\u00e1rias durante o per\u00edodo. No total, a companhia recepcionar\u00e1 2.700 pessoas extras para atender a todas as demandas da PG 24.<\/p>\n<blockquote><p>\u201cA Parada Geral \u00e9 um per\u00edodo fundamental para que possamos atuar preventivamente nas manuten\u00e7\u00f5es e evitar paradas n\u00e3o programadas que impactam a nossa produtividade. No ano passado, batemos a marca de 20 milh\u00f5es de toneladas produzidas dois anos antes do previsto, o que evidencia a efici\u00eancia de nossas opera\u00e7\u00f5es di\u00e1rias e de nossas PGs, fundamentais para manter a estabilidade e a seguran\u00e7a necess\u00e1rias para alcan\u00e7ar nossas metas e abrir espa\u00e7o para, cada vez, mais implantarmos novas tecnologias e inova\u00e7\u00f5es em nosso processo produtivo\u201d, afirma Ari Medeiros, diretor de Opera\u00e7\u00f5es Industriais da Veracel Celulose.<\/p><\/blockquote>\n<p>&nbsp;<\/p>\n<h2>Parada Geral Prioriza Contrata\u00e7\u00e3o Local<\/h2>\n<p>A PG de 2024 mobilizar\u00e1 cerca de 2.700 trabalhadores externos que v\u00e3o atuar na f\u00e1brica para realizar todas as atividades previstas. Deste total, 500 vagas s\u00e3o tempor\u00e1rias e priorizam a contrata\u00e7\u00e3o de pessoas as comunidades vizinhas \u00e0 opera\u00e7\u00e3o da empresa, como Eun\u00e1polis, Porto Seguro, Itapebi, Itagimirim, Belmonte e Santa Cruz Cabr\u00e1lia.<\/p>\n<p>&nbsp;<\/p>\n<h2>Inova\u00e7\u00f5es na Parada Geral 2024 da Veracel Celulose<\/h2>\n<p>Um dos principais destaques na edi\u00e7\u00e3o 2024 da Parada Geral ser\u00e1 a utiliza\u00e7\u00e3o de um rob\u00f4 para a inspe\u00e7\u00e3o e filmagem interna de parte dos tubos da caldeira de recupera\u00e7\u00e3o qu\u00edmica, estrutura utilizada para queima do licor concentrado proveniente do processo de fabrica\u00e7\u00e3o de celulose e que gera energia, aproveitada no pr\u00f3prio processo de fabrica\u00e7\u00e3o da empresa. O uso do rob\u00f4 \u00e9 uma iniciativa in\u00e9dita em Paradas Gerais da Veracel e \u00e9 uma entre diversas inova\u00e7\u00f5es que ser\u00e3o implementadas neste ano nos equipamentos utilizados nas fases do processo de produ\u00e7\u00e3o da celulose.<\/p>\n<p>A PG \u00e9 um evento previsto na NR13 (Norma Regulamentadora), que estabelece a obrigatoriedade na manuten\u00e7\u00e3o de equipamentos de todas as opera\u00e7\u00f5es industriais.<\/p>\n<p>&nbsp;<\/p>\n<p><strong><a href=\"https:\/\/www.veracel.com.br\/suprimentossustentavel\/\">Saiba mais sobre como se tornar um fornecedor da Veracel Celulose<\/a><\/strong><\/p>\n<p><a href=\"https:\/\/www.veracel.com.br\/sustentabilidade\/boa-conduta\/\"><strong>Conhe\u00e7a o nosso C\u00f3digo de Conduta: ele reflete o jeito Veracel de pensar e de agir dentro e fora da empresa<\/strong><\/a><\/p>\n<p>&nbsp;<\/p>\n","protected":false},"excerpt":{"rendered":"<p>Com uma expectativa de movimentar R$5 milh\u00f5es na economia do Sul da Bahia, a Parada Geral deste ano ocorrer\u00e1 at\u00e9 16 de agosto com a\u00e7\u00f5es de manuten\u00e7\u00e3o preventiva fundamentais para fortalecer a seguran\u00e7a dos processos e da estabilidade produtiva da f\u00e1brica de celulose &nbsp; A Veracel Celulose realiza entre hoje (05) e 16 de agosto [&hellip;]<\/p>\n","protected":false},"author":2,"featured_media":35362,"comment_status":"closed","ping_status":"closed","sticky":false,"template":"","format":"standard","meta":{"_acf_changed":false,"footnotes":"","_links_to":"","_links_to_target":""},"categories":[271,211],"tags":[],"class_list":["post-35361","post","type-post","status-publish","format-standard","has-post-thumbnail","hentry","category-a-veracel","category-noticias"],"acf":[],"yoast_head":"<!-- This site is optimized with the Yoast SEO Premium plugin v26.7 (Yoast SEO v27.4) - https:\/\/yoast.com\/product\/yoast-seo-premium-wordpress\/ -->\n<title>Veracel Inicia a Parada Geral 2024<\/title>\n<meta name=\"description\" content=\"A Veracel inicia a Parada Geral 2024, que ir\u00e1 movimentar R$ 5 milh\u00f5es na economia do Sul da Bahia, al\u00e9m de gerar 500 vagas tempor\u00e1rias.\" \/>\n<meta name=\"robots\" content=\"index, follow, max-snippet:-1, max-image-preview:large, max-video-preview:-1\" \/>\n<link rel=\"canonical\" href=\"https:\/\/www.veracel.com.br\/veracel-inicia-a-parada-geral-2024\/\" \/>\n<meta property=\"og:locale\" content=\"en_US\" \/>\n<meta property=\"og:type\" content=\"article\" \/>\n<meta property=\"og:title\" content=\"Veracel Inicia a Parada Geral 2024 com Expectativa de Movimentar R$5 Milh\u00f5es na Economia do Sul da Bahia\" \/>\n<meta property=\"og:description\" content=\"A Veracel inicia a Parada Geral 2024, que ir\u00e1 movimentar R$ 5 milh\u00f5es na economia do Sul da Bahia, al\u00e9m de gerar 500 vagas tempor\u00e1rias.\" \/>\n<meta property=\"og:url\" content=\"https:\/\/www.veracel.com.br\/veracel-inicia-a-parada-geral-2024\/\" \/>\n<meta property=\"og:site_name\" content=\"Veracel Celulose\" \/>\n<meta property=\"article:published_time\" content=\"2024-08-05T18:50:32+00:00\" \/>\n<meta property=\"article:modified_time\" content=\"2024-08-05T18:53:18+00:00\" \/>\n<meta property=\"og:image\" content=\"https:\/\/www.veracel.com.br\/wp-content\/uploads\/2024\/08\/veracel-parada-geral-2024.jpg\" \/>\n\t<meta property=\"og:image:width\" content=\"800\" \/>\n\t<meta property=\"og:image:height\" content=\"533\" \/>\n\t<meta property=\"og:image:type\" content=\"image\/jpeg\" \/>\n<meta name=\"author\" content=\"saulo\" \/>\n<meta name=\"twitter:card\" content=\"summary_large_image\" \/>\n<meta name=\"twitter:label1\" content=\"Written by\" \/>\n\t<meta name=\"twitter:data1\" content=\"saulo\" \/>\n\t<meta name=\"twitter:label2\" content=\"Est. reading time\" \/>\n\t<meta name=\"twitter:data2\" content=\"3 minutes\" \/>\n<script type=\"application\/ld+json\" class=\"yoast-schema-graph\">{\"@context\":\"https:\\\/\\\/schema.org\",\"@graph\":[{\"@type\":\"WebPage\",\"@id\":\"https:\\\/\\\/www.veracel.com.br\\\/veracel-inicia-a-parada-geral-2024\\\/\",\"url\":\"https:\\\/\\\/www.veracel.com.br\\\/veracel-inicia-a-parada-geral-2024\\\/\",\"name\":\"Veracel Inicia a Parada Geral 2024\",\"isPartOf\":{\"@id\":\"https:\\\/\\\/www.veracel.com.br\\\/#website\"},\"primaryImageOfPage\":{\"@id\":\"https:\\\/\\\/www.veracel.com.br\\\/veracel-inicia-a-parada-geral-2024\\\/#primaryimage\"},\"image\":{\"@id\":\"https:\\\/\\\/www.veracel.com.br\\\/veracel-inicia-a-parada-geral-2024\\\/#primaryimage\"},\"thumbnailUrl\":\"https:\\\/\\\/www.veracel.com.br\\\/wp-content\\\/uploads\\\/2024\\\/08\\\/veracel-parada-geral-2024.jpg\",\"datePublished\":\"2024-08-05T18:50:32+00:00\",\"dateModified\":\"2024-08-05T18:53:18+00:00\",\"description\":\"A Veracel inicia a Parada Geral 2024, que ir\u00e1 movimentar R$ 5 milh\u00f5es na economia do Sul da Bahia, al\u00e9m de gerar 500 vagas tempor\u00e1rias.\",\"breadcrumb\":{\"@id\":\"https:\\\/\\\/www.veracel.com.br\\\/veracel-inicia-a-parada-geral-2024\\\/#breadcrumb\"},\"inLanguage\":\"en-US\",\"potentialAction\":[{\"@type\":\"ReadAction\",\"target\":[\"https:\\\/\\\/www.veracel.com.br\\\/veracel-inicia-a-parada-geral-2024\\\/\"]}]},{\"@type\":\"ImageObject\",\"inLanguage\":\"en-US\",\"@id\":\"https:\\\/\\\/www.veracel.com.br\\\/veracel-inicia-a-parada-geral-2024\\\/#primaryimage\",\"url\":\"https:\\\/\\\/www.veracel.com.br\\\/wp-content\\\/uploads\\\/2024\\\/08\\\/veracel-parada-geral-2024.jpg\",\"contentUrl\":\"https:\\\/\\\/www.veracel.com.br\\\/wp-content\\\/uploads\\\/2024\\\/08\\\/veracel-parada-geral-2024.jpg\",\"width\":800,\"height\":533,\"caption\":\"Parada Geral Veracel 2024\"},{\"@type\":\"BreadcrumbList\",\"@id\":\"https:\\\/\\\/www.veracel.com.br\\\/veracel-inicia-a-parada-geral-2024\\\/#breadcrumb\",\"itemListElement\":[{\"@type\":\"ListItem\",\"position\":1,\"name\":\"Home\",\"item\":\"https:\\\/\\\/www.veracel.com.br\\\/\"},{\"@type\":\"ListItem\",\"position\":2,\"name\":\"Not\u00edcias\",\"item\":\"https:\\\/\\\/www.veracel.com.br\\\/noticias\\\/\"},{\"@type\":\"ListItem\",\"position\":3,\"name\":\"Veracel Inicia a Parada Geral 2024 com Expectativa de Movimentar R$5 Milh\u00f5es na Economia do Sul da Bahia\"}]},{\"@type\":\"WebSite\",\"@id\":\"https:\\\/\\\/www.veracel.com.br\\\/#website\",\"url\":\"https:\\\/\\\/www.veracel.com.br\\\/\",\"name\":\"Veracel Celulose\",\"description\":\"Quando crescemos juntos vamos muito mais longe\",\"publisher\":{\"@id\":\"https:\\\/\\\/www.veracel.com.br\\\/#organization\"},\"potentialAction\":[{\"@type\":\"SearchAction\",\"target\":{\"@type\":\"EntryPoint\",\"urlTemplate\":\"https:\\\/\\\/www.veracel.com.br\\\/?s={search_term_string}\"},\"query-input\":{\"@type\":\"PropertyValueSpecification\",\"valueRequired\":true,\"valueName\":\"search_term_string\"}}],\"inLanguage\":\"en-US\"},{\"@type\":\"Organization\",\"@id\":\"https:\\\/\\\/www.veracel.com.br\\\/#organization\",\"name\":\"Veracel Celulose\",\"url\":\"https:\\\/\\\/www.veracel.com.br\\\/\",\"logo\":{\"@type\":\"ImageObject\",\"inLanguage\":\"en-US\",\"@id\":\"https:\\\/\\\/www.veracel.com.br\\\/#\\\/schema\\\/logo\\\/image\\\/\",\"url\":\"https:\\\/\\\/www.veracel.com.br\\\/wp-content\\\/uploads\\\/2024\\\/08\\\/Ativo-1.png\",\"contentUrl\":\"https:\\\/\\\/www.veracel.com.br\\\/wp-content\\\/uploads\\\/2024\\\/08\\\/Ativo-1.png\",\"width\":400,\"height\":121,\"caption\":\"Veracel Celulose\"},\"image\":{\"@id\":\"https:\\\/\\\/www.veracel.com.br\\\/#\\\/schema\\\/logo\\\/image\\\/\"},\"sameAs\":[\"https:\\\/\\\/www.instagram.com\\\/veracelcelulose\",\"https:\\\/\\\/www.linkedin.com\\\/company\\\/veracelcelulose\\\/\",\"https:\\\/\\\/www.youtube.com\\\/user\\\/CanalVeracel\"]}]}<\/script>\n<!-- \/ Yoast SEO Premium plugin. -->","yoast_head_json":{"title":"Veracel Inicia a Parada Geral 2024","description":"A Veracel inicia a Parada Geral 2024, que ir\u00e1 movimentar R$ 5 milh\u00f5es na economia do Sul da Bahia, al\u00e9m de gerar 500 vagas tempor\u00e1rias.","robots":{"index":"index","follow":"follow","max-snippet":"max-snippet:-1","max-image-preview":"max-image-preview:large","max-video-preview":"max-video-preview:-1"},"canonical":"https:\/\/www.veracel.com.br\/veracel-inicia-a-parada-geral-2024\/","og_locale":"en_US","og_type":"article","og_title":"Veracel Inicia a Parada Geral 2024 com Expectativa de Movimentar R$5 Milh\u00f5es na Economia do Sul da Bahia","og_description":"A Veracel inicia a Parada Geral 2024, que ir\u00e1 movimentar R$ 5 milh\u00f5es na economia do Sul da Bahia, al\u00e9m de gerar 500 vagas tempor\u00e1rias.","og_url":"https:\/\/www.veracel.com.br\/veracel-inicia-a-parada-geral-2024\/","og_site_name":"Veracel Celulose","article_published_time":"2024-08-05T18:50:32+00:00","article_modified_time":"2024-08-05T18:53:18+00:00","og_image":[{"width":800,"height":533,"url":"https:\/\/www.veracel.com.br\/wp-content\/uploads\/2024\/08\/veracel-parada-geral-2024.jpg","type":"image\/jpeg"}],"author":"saulo","twitter_card":"summary_large_image","twitter_misc":{"Written by":"saulo","Est. reading time":"3 minutes"},"schema":{"@context":"https:\/\/schema.org","@graph":[{"@type":"WebPage","@id":"https:\/\/www.veracel.com.br\/veracel-inicia-a-parada-geral-2024\/","url":"https:\/\/www.veracel.com.br\/veracel-inicia-a-parada-geral-2024\/","name":"Veracel Inicia a Parada Geral 2024","isPartOf":{"@id":"https:\/\/www.veracel.com.br\/#website"},"primaryImageOfPage":{"@id":"https:\/\/www.veracel.com.br\/veracel-inicia-a-parada-geral-2024\/#primaryimage"},"image":{"@id":"https:\/\/www.veracel.com.br\/veracel-inicia-a-parada-geral-2024\/#primaryimage"},"thumbnailUrl":"https:\/\/www.veracel.com.br\/wp-content\/uploads\/2024\/08\/veracel-parada-geral-2024.jpg","datePublished":"2024-08-05T18:50:32+00:00","dateModified":"2024-08-05T18:53:18+00:00","description":"A Veracel inicia a Parada Geral 2024, que ir\u00e1 movimentar R$ 5 milh\u00f5es na economia do Sul da Bahia, al\u00e9m de gerar 500 vagas tempor\u00e1rias.","breadcrumb":{"@id":"https:\/\/www.veracel.com.br\/veracel-inicia-a-parada-geral-2024\/#breadcrumb"},"inLanguage":"en-US","potentialAction":[{"@type":"ReadAction","target":["https:\/\/www.veracel.com.br\/veracel-inicia-a-parada-geral-2024\/"]}]},{"@type":"ImageObject","inLanguage":"en-US","@id":"https:\/\/www.veracel.com.br\/veracel-inicia-a-parada-geral-2024\/#primaryimage","url":"https:\/\/www.veracel.com.br\/wp-content\/uploads\/2024\/08\/veracel-parada-geral-2024.jpg","contentUrl":"https:\/\/www.veracel.com.br\/wp-content\/uploads\/2024\/08\/veracel-parada-geral-2024.jpg","width":800,"height":533,"caption":"Parada Geral Veracel 2024"},{"@type":"BreadcrumbList","@id":"https:\/\/www.veracel.com.br\/veracel-inicia-a-parada-geral-2024\/#breadcrumb","itemListElement":[{"@type":"ListItem","position":1,"name":"Home","item":"https:\/\/www.veracel.com.br\/"},{"@type":"ListItem","position":2,"name":"Not\u00edcias","item":"https:\/\/www.veracel.com.br\/noticias\/"},{"@type":"ListItem","position":3,"name":"Veracel Inicia a Parada Geral 2024 com Expectativa de Movimentar R$5 Milh\u00f5es na Economia do Sul da Bahia"}]},{"@type":"WebSite","@id":"https:\/\/www.veracel.com.br\/#website","url":"https:\/\/www.veracel.com.br\/","name":"Veracel Celulose","description":"Quando crescemos juntos vamos muito mais longe","publisher":{"@id":"https:\/\/www.veracel.com.br\/#organization"},"potentialAction":[{"@type":"SearchAction","target":{"@type":"EntryPoint","urlTemplate":"https:\/\/www.veracel.com.br\/?s={search_term_string}"},"query-input":{"@type":"PropertyValueSpecification","valueRequired":true,"valueName":"search_term_string"}}],"inLanguage":"en-US"},{"@type":"Organization","@id":"https:\/\/www.veracel.com.br\/#organization","name":"Veracel Celulose","url":"https:\/\/www.veracel.com.br\/","logo":{"@type":"ImageObject","inLanguage":"en-US","@id":"https:\/\/www.veracel.com.br\/#\/schema\/logo\/image\/","url":"https:\/\/www.veracel.com.br\/wp-content\/uploads\/2024\/08\/Ativo-1.png","contentUrl":"https:\/\/www.veracel.com.br\/wp-content\/uploads\/2024\/08\/Ativo-1.png","width":400,"height":121,"caption":"Veracel Celulose"},"image":{"@id":"https:\/\/www.veracel.com.br\/#\/schema\/logo\/image\/"},"sameAs":["https:\/\/www.instagram.com\/veracelcelulose","https:\/\/www.linkedin.com\/company\/veracelcelulose\/","https:\/\/www.youtube.com\/user\/CanalVeracel"]}]}},"_links":{"self":[{"href":"https:\/\/www.veracel.com.br\/en\/wp-json\/wp\/v2\/posts\/35361","targetHints":{"allow":["GET"]}}],"collection":[{"href":"https:\/\/www.veracel.com.br\/en\/wp-json\/wp\/v2\/posts"}],"about":[{"href":"https:\/\/www.veracel.com.br\/en\/wp-json\/wp\/v2\/types\/post"}],"author":[{"embeddable":true,"href":"https:\/\/www.veracel.com.br\/en\/wp-json\/wp\/v2\/users\/2"}],"replies":[{"embeddable":true,"href":"https:\/\/www.veracel.com.br\/en\/wp-json\/wp\/v2\/comments?post=35361"}],"version-history":[{"count":3,"href":"https:\/\/www.veracel.com.br\/en\/wp-json\/wp\/v2\/posts\/35361\/revisions"}],"predecessor-version":[{"id":35366,"href":"https:\/\/www.veracel.com.br\/en\/wp-json\/wp\/v2\/posts\/35361\/revisions\/35366"}],"wp:featuredmedia":[{"embeddable":true,"href":"https:\/\/www.veracel.com.br\/en\/wp-json\/wp\/v2\/media\/35362"}],"wp:attachment":[{"href":"https:\/\/www.veracel.com.br\/en\/wp-json\/wp\/v2\/media?parent=35361"}],"wp:term":[{"taxonomy":"category","embeddable":true,"href":"https:\/\/www.veracel.com.br\/en\/wp-json\/wp\/v2\/categories?post=35361"},{"taxonomy":"post_tag","embeddable":true,"href":"https:\/\/www.veracel.com.br\/en\/wp-json\/wp\/v2\/tags?post=35361"}],"curies":[{"name":"wp","href":"https:\/\/api.w.org\/{rel}","templated":true}]}}