{"id":35944,"date":"2024-10-14T14:19:40","date_gmt":"2024-10-14T17:19:40","guid":{"rendered":"https:\/\/www.veracel.com.br\/?p=35944"},"modified":"2024-10-14T14:21:42","modified_gmt":"2024-10-14T17:21:42","slug":"veracel-realiza-a-segunda-edicao-da-corrida-vera-running","status":"publish","type":"post","link":"https:\/\/www.veracel.com.br\/en\/veracel-realiza-a-segunda-edicao-da-corrida-vera-running\/","title":{"rendered":"Veracel realiza a segunda edi\u00e7\u00e3o da corrida &#8220;Vera Running&#8221;"},"content":{"rendered":"<p><em>A corrida da Veracel Celulose &#8216;Vera Running&#8217; reuniu 650 corredores e arrecadou 4 toneladas de alimentos. <\/em><\/p>\n<p>&nbsp;<\/p>\n<p>A Veracel Celulose promoveu neste domingo (13) a segunda edi\u00e7\u00e3o da &#8220;Vera Running&#8221;, uma corrida e caminhada de rua que reuniu colaboradores da empresa, seus familiares e a comunidade de Eun\u00e1polis e regi\u00e3o. O evento contou com a participa\u00e7\u00e3o de cerca de 650 corredores, al\u00e9m de pessoas que estiveram na torcida e incentivo, fortalecendo o compromisso da empresa com a promo\u00e7\u00e3o da sa\u00fade e o bem-estar.<\/p>\n<p>Os participantes percorreram dist\u00e2ncias de 3 km (caminhada) ou 5 km e 10 km (corrida), promovendo a integra\u00e7\u00e3o entre funcion\u00e1rios e a comunidade local. Al\u00e9m da pr\u00e1tica esportiva, o evento teve um impacto social significativo, com a doa\u00e7\u00e3o de cerca de 4 toneladas de alimentos, arrecadados por meio das inscri\u00e7\u00f5es, para institui\u00e7\u00f5es beneficentes da regi\u00e3o.<\/p>\n<blockquote><p>\u201cA Vera Running, que faz parte do nosso calend\u00e1rio de a\u00e7\u00f5es do M\u00eas da Fam\u00edlia na Veracel, re\u00fane nossos colaboradores, suas fam\u00edlias e a comunidade em um \u00fanico evento, refor\u00e7ando o nosso compromisso com a promo\u00e7\u00e3o de um estilo de vida saud\u00e1vel e a constru\u00e7\u00e3o de la\u00e7os mais fortes enquanto comunidade, al\u00e9m de refletir nossa cultura de cuidar das pessoas para a constru\u00e7\u00e3o de um ambiente de trabalho cada vez mais feliz e produtivo\u201d, explica Kityana Ramos, coordenadora de Rela\u00e7\u00f5es Trabalhistas, Recrutamento e Benef\u00edcios da Veracel.<\/p><\/blockquote>\n<p>Os primeiros colocados em cada categoria receberam pr\u00eamios especiais, e todos os participantes foram reconhecidos com medalhas, refor\u00e7ando o esp\u00edrito de celebra\u00e7\u00e3o e inclus\u00e3o que marcou o evento.<\/p>\n<p>&nbsp;<\/p>\n<h2>Outras A\u00e7\u00f5es do M\u00eas da Fam\u00edlia Veracel<\/h2>\n<p>Durante todo o m\u00eas de outubro, a Veracel Celulose promove uma s\u00e9rie de atividades para celebrar o M\u00eas da Fam\u00edlia. Al\u00e9m da corrida de rua &#8220;Vera Running&#8221;, outras a\u00e7\u00f5es marcaram o calend\u00e1rio com foco na sa\u00fade, bem-estar e integra\u00e7\u00e3o.<\/p>\n<p>As a\u00e7\u00f5es incluiram um Circuito de bem-Estar no M\u00f3dulo de Colheita de Minas Gerais voltado para a avalia\u00e7\u00e3o de sa\u00fade dos funcion\u00e1rios da empresa; torneios de futebol e de beach tennis, al\u00e9m e visita \u00e0 Reserva Particular do Patrim\u00f4nio Natural (RPPN) Esta\u00e7\u00e3o Veracel, que endossa a import\u00e2ncia da conex\u00e3o com o meio ambiente e o impacto positivo que isso traz para o bem estar.<\/p>\n<p>&nbsp;<\/p>\n<h2>Confira algumas fotos da Vera Running 2024<\/h2>\n<div id='gallery-1' class='gallery galleryid-35944 gallery-columns-3 gallery-size-thumbnail'><figure class='gallery-item'>\n\t\t\t<div class='gallery-icon landscape'>\n\t\t\t\t<a href='https:\/\/www.veracel.com.br\/wp-content\/uploads\/2024\/10\/corrida-veracel-vera-running-2024-01.jpg'><img decoding=\"async\" width=\"150\" height=\"150\" src=\"https:\/\/www.veracel.com.br\/wp-content\/uploads\/2024\/10\/corrida-veracel-vera-running-2024-01-150x150.jpg\" class=\"attachment-thumbnail size-thumbnail\" alt=\"\" \/><\/a>\n\t\t\t<\/div><\/figure><figure class='gallery-item'>\n\t\t\t<div class='gallery-icon landscape'>\n\t\t\t\t<a href='https:\/\/www.veracel.com.br\/wp-content\/uploads\/2024\/10\/corrida-veracel-vera-running-2024-03.jpg'><img decoding=\"async\" width=\"150\" height=\"150\" src=\"https:\/\/www.veracel.com.br\/wp-content\/uploads\/2024\/10\/corrida-veracel-vera-running-2024-03-150x150.jpg\" class=\"attachment-thumbnail size-thumbnail\" alt=\"\" \/><\/a>\n\t\t\t<\/div><\/figure><figure class='gallery-item'>\n\t\t\t<div class='gallery-icon landscape'>\n\t\t\t\t<a href='https:\/\/www.veracel.com.br\/wp-content\/uploads\/2024\/10\/corrida-veracel-vera-running-2024-05.jpg'><img decoding=\"async\" width=\"150\" height=\"150\" src=\"https:\/\/www.veracel.com.br\/wp-content\/uploads\/2024\/10\/corrida-veracel-vera-running-2024-05-150x150.jpg\" class=\"attachment-thumbnail size-thumbnail\" alt=\"\" \/><\/a>\n\t\t\t<\/div><\/figure><figure class='gallery-item'>\n\t\t\t<div class='gallery-icon landscape'>\n\t\t\t\t<a href='https:\/\/www.veracel.com.br\/wp-content\/uploads\/2024\/10\/corrida-veracel-vera-running-2024-06.jpg'><img loading=\"lazy\" decoding=\"async\" width=\"150\" height=\"150\" src=\"https:\/\/www.veracel.com.br\/wp-content\/uploads\/2024\/10\/corrida-veracel-vera-running-2024-06-150x150.jpg\" class=\"attachment-thumbnail size-thumbnail\" alt=\"\" \/><\/a>\n\t\t\t<\/div><\/figure><figure class='gallery-item'>\n\t\t\t<div class='gallery-icon landscape'>\n\t\t\t\t<a href='https:\/\/www.veracel.com.br\/wp-content\/uploads\/2024\/10\/corrida-veracel-vera-running-2024-04.jpg'><img loading=\"lazy\" decoding=\"async\" width=\"150\" height=\"150\" src=\"https:\/\/www.veracel.com.br\/wp-content\/uploads\/2024\/10\/corrida-veracel-vera-running-2024-04-150x150.jpg\" class=\"attachment-thumbnail size-thumbnail\" alt=\"\" \/><\/a>\n\t\t\t<\/div><\/figure><figure class='gallery-item'>\n\t\t\t<div class='gallery-icon landscape'>\n\t\t\t\t<a href='https:\/\/www.veracel.com.br\/wp-content\/uploads\/2024\/10\/corrida-veracel-vera-running-2024-02.jpg'><img loading=\"lazy\" decoding=\"async\" width=\"150\" height=\"150\" src=\"https:\/\/www.veracel.com.br\/wp-content\/uploads\/2024\/10\/corrida-veracel-vera-running-2024-02-150x150.jpg\" class=\"attachment-thumbnail size-thumbnail\" alt=\"\" \/><\/a>\n\t\t\t<\/div><\/figure>\n\t\t<\/div>\n\n<p>&nbsp;<\/p>\n","protected":false},"excerpt":{"rendered":"<p>A corrida da Veracel Celulose &#8216;Vera Running&#8217; reuniu 650 corredores e arrecadou 4 toneladas de alimentos. &nbsp; A Veracel Celulose promoveu neste domingo (13) a segunda edi\u00e7\u00e3o da &#8220;Vera Running&#8221;, uma corrida e caminhada de rua que reuniu colaboradores da empresa, seus familiares e a comunidade de Eun\u00e1polis e regi\u00e3o. O evento contou com a [&hellip;]<\/p>\n","protected":false},"author":2,"featured_media":35945,"comment_status":"closed","ping_status":"closed","sticky":false,"template":"","format":"standard","meta":{"_acf_changed":false,"footnotes":"","_links_to":"","_links_to_target":""},"categories":[211],"tags":[],"class_list":["post-35944","post","type-post","status-publish","format-standard","has-post-thumbnail","hentry","category-noticias"],"acf":[],"yoast_head":"<!-- This site is optimized with the Yoast SEO Premium plugin v26.7 (Yoast SEO v27.4) - https:\/\/yoast.com\/product\/yoast-seo-premium-wordpress\/ -->\n<title>Vera Running 2024 re\u00fane 650 corredores<\/title>\n<meta name=\"description\" content=\"A segunda edi\u00e7\u00e3o da Vera Running da Veracel contou com 650 participantes e arrecadou 4 toneladas de alimentos para institui\u00e7\u00f5es beneficentes.\" \/>\n<meta name=\"robots\" content=\"index, follow, max-snippet:-1, max-image-preview:large, max-video-preview:-1\" \/>\n<link rel=\"canonical\" href=\"https:\/\/www.veracel.com.br\/veracel-realiza-a-segunda-edicao-da-corrida-vera-running\/\" \/>\n<meta property=\"og:locale\" content=\"en_US\" \/>\n<meta property=\"og:type\" content=\"article\" \/>\n<meta property=\"og:title\" content=\"Veracel realiza a segunda edi\u00e7\u00e3o da corrida &quot;Vera Running&quot;\" \/>\n<meta property=\"og:description\" content=\"A segunda edi\u00e7\u00e3o da Vera Running da Veracel contou com 650 participantes e arrecadou 4 toneladas de alimentos para institui\u00e7\u00f5es beneficentes.\" \/>\n<meta property=\"og:url\" content=\"https:\/\/www.veracel.com.br\/veracel-realiza-a-segunda-edicao-da-corrida-vera-running\/\" \/>\n<meta property=\"og:site_name\" content=\"Veracel Celulose\" \/>\n<meta property=\"article:published_time\" content=\"2024-10-14T17:19:40+00:00\" \/>\n<meta property=\"article:modified_time\" content=\"2024-10-14T17:21:42+00:00\" \/>\n<meta property=\"og:image\" content=\"https:\/\/www.veracel.com.br\/wp-content\/uploads\/2024\/10\/corrida-veracel-vera-running-2024-01.jpg\" \/>\n\t<meta property=\"og:image:width\" content=\"1500\" \/>\n\t<meta property=\"og:image:height\" content=\"1000\" \/>\n\t<meta property=\"og:image:type\" content=\"image\/jpeg\" \/>\n<meta name=\"author\" content=\"saulo\" \/>\n<meta name=\"twitter:card\" content=\"summary_large_image\" \/>\n<meta name=\"twitter:label1\" content=\"Written by\" \/>\n\t<meta name=\"twitter:data1\" content=\"saulo\" \/>\n\t<meta name=\"twitter:label2\" content=\"Est. reading time\" \/>\n\t<meta name=\"twitter:data2\" content=\"2 minutes\" \/>\n<script type=\"application\/ld+json\" class=\"yoast-schema-graph\">{\"@context\":\"https:\\\/\\\/schema.org\",\"@graph\":[{\"@type\":\"WebPage\",\"@id\":\"https:\\\/\\\/www.veracel.com.br\\\/veracel-realiza-a-segunda-edicao-da-corrida-vera-running\\\/\",\"url\":\"https:\\\/\\\/www.veracel.com.br\\\/veracel-realiza-a-segunda-edicao-da-corrida-vera-running\\\/\",\"name\":\"Vera Running 2024 re\u00fane 650 corredores\",\"isPartOf\":{\"@id\":\"https:\\\/\\\/www.veracel.com.br\\\/#website\"},\"primaryImageOfPage\":{\"@id\":\"https:\\\/\\\/www.veracel.com.br\\\/veracel-realiza-a-segunda-edicao-da-corrida-vera-running\\\/#primaryimage\"},\"image\":{\"@id\":\"https:\\\/\\\/www.veracel.com.br\\\/veracel-realiza-a-segunda-edicao-da-corrida-vera-running\\\/#primaryimage\"},\"thumbnailUrl\":\"https:\\\/\\\/www.veracel.com.br\\\/wp-content\\\/uploads\\\/2024\\\/10\\\/corrida-veracel-vera-running-2024-01.jpg\",\"datePublished\":\"2024-10-14T17:19:40+00:00\",\"dateModified\":\"2024-10-14T17:21:42+00:00\",\"description\":\"A segunda edi\u00e7\u00e3o da Vera Running da Veracel contou com 650 participantes e arrecadou 4 toneladas de alimentos para institui\u00e7\u00f5es beneficentes.\",\"breadcrumb\":{\"@id\":\"https:\\\/\\\/www.veracel.com.br\\\/veracel-realiza-a-segunda-edicao-da-corrida-vera-running\\\/#breadcrumb\"},\"inLanguage\":\"en-US\",\"potentialAction\":[{\"@type\":\"ReadAction\",\"target\":[\"https:\\\/\\\/www.veracel.com.br\\\/veracel-realiza-a-segunda-edicao-da-corrida-vera-running\\\/\"]}]},{\"@type\":\"ImageObject\",\"inLanguage\":\"en-US\",\"@id\":\"https:\\\/\\\/www.veracel.com.br\\\/veracel-realiza-a-segunda-edicao-da-corrida-vera-running\\\/#primaryimage\",\"url\":\"https:\\\/\\\/www.veracel.com.br\\\/wp-content\\\/uploads\\\/2024\\\/10\\\/corrida-veracel-vera-running-2024-01.jpg\",\"contentUrl\":\"https:\\\/\\\/www.veracel.com.br\\\/wp-content\\\/uploads\\\/2024\\\/10\\\/corrida-veracel-vera-running-2024-01.jpg\",\"width\":1500,\"height\":1000},{\"@type\":\"BreadcrumbList\",\"@id\":\"https:\\\/\\\/www.veracel.com.br\\\/veracel-realiza-a-segunda-edicao-da-corrida-vera-running\\\/#breadcrumb\",\"itemListElement\":[{\"@type\":\"ListItem\",\"position\":1,\"name\":\"Home\",\"item\":\"https:\\\/\\\/www.veracel.com.br\\\/\"},{\"@type\":\"ListItem\",\"position\":2,\"name\":\"Not\u00edcias\",\"item\":\"https:\\\/\\\/www.veracel.com.br\\\/noticias\\\/\"},{\"@type\":\"ListItem\",\"position\":3,\"name\":\"Veracel realiza a segunda edi\u00e7\u00e3o da corrida &#8220;Vera Running&#8221;\"}]},{\"@type\":\"WebSite\",\"@id\":\"https:\\\/\\\/www.veracel.com.br\\\/#website\",\"url\":\"https:\\\/\\\/www.veracel.com.br\\\/\",\"name\":\"Veracel Celulose\",\"description\":\"Quando crescemos juntos vamos muito mais longe\",\"publisher\":{\"@id\":\"https:\\\/\\\/www.veracel.com.br\\\/#organization\"},\"potentialAction\":[{\"@type\":\"SearchAction\",\"target\":{\"@type\":\"EntryPoint\",\"urlTemplate\":\"https:\\\/\\\/www.veracel.com.br\\\/?s={search_term_string}\"},\"query-input\":{\"@type\":\"PropertyValueSpecification\",\"valueRequired\":true,\"valueName\":\"search_term_string\"}}],\"inLanguage\":\"en-US\"},{\"@type\":\"Organization\",\"@id\":\"https:\\\/\\\/www.veracel.com.br\\\/#organization\",\"name\":\"Veracel Celulose\",\"url\":\"https:\\\/\\\/www.veracel.com.br\\\/\",\"logo\":{\"@type\":\"ImageObject\",\"inLanguage\":\"en-US\",\"@id\":\"https:\\\/\\\/www.veracel.com.br\\\/#\\\/schema\\\/logo\\\/image\\\/\",\"url\":\"https:\\\/\\\/www.veracel.com.br\\\/wp-content\\\/uploads\\\/2024\\\/08\\\/Ativo-1.png\",\"contentUrl\":\"https:\\\/\\\/www.veracel.com.br\\\/wp-content\\\/uploads\\\/2024\\\/08\\\/Ativo-1.png\",\"width\":400,\"height\":121,\"caption\":\"Veracel Celulose\"},\"image\":{\"@id\":\"https:\\\/\\\/www.veracel.com.br\\\/#\\\/schema\\\/logo\\\/image\\\/\"},\"sameAs\":[\"https:\\\/\\\/www.instagram.com\\\/veracelcelulose\",\"https:\\\/\\\/www.linkedin.com\\\/company\\\/veracelcelulose\\\/\",\"https:\\\/\\\/www.youtube.com\\\/user\\\/CanalVeracel\"]}]}<\/script>\n<!-- \/ Yoast SEO Premium plugin. -->","yoast_head_json":{"title":"Vera Running 2024 re\u00fane 650 corredores","description":"A segunda edi\u00e7\u00e3o da Vera Running da Veracel contou com 650 participantes e arrecadou 4 toneladas de alimentos para institui\u00e7\u00f5es beneficentes.","robots":{"index":"index","follow":"follow","max-snippet":"max-snippet:-1","max-image-preview":"max-image-preview:large","max-video-preview":"max-video-preview:-1"},"canonical":"https:\/\/www.veracel.com.br\/veracel-realiza-a-segunda-edicao-da-corrida-vera-running\/","og_locale":"en_US","og_type":"article","og_title":"Veracel realiza a segunda edi\u00e7\u00e3o da corrida \"Vera Running\"","og_description":"A segunda edi\u00e7\u00e3o da Vera Running da Veracel contou com 650 participantes e arrecadou 4 toneladas de alimentos para institui\u00e7\u00f5es beneficentes.","og_url":"https:\/\/www.veracel.com.br\/veracel-realiza-a-segunda-edicao-da-corrida-vera-running\/","og_site_name":"Veracel Celulose","article_published_time":"2024-10-14T17:19:40+00:00","article_modified_time":"2024-10-14T17:21:42+00:00","og_image":[{"width":1500,"height":1000,"url":"https:\/\/www.veracel.com.br\/wp-content\/uploads\/2024\/10\/corrida-veracel-vera-running-2024-01.jpg","type":"image\/jpeg"}],"author":"saulo","twitter_card":"summary_large_image","twitter_misc":{"Written by":"saulo","Est. reading time":"2 minutes"},"schema":{"@context":"https:\/\/schema.org","@graph":[{"@type":"WebPage","@id":"https:\/\/www.veracel.com.br\/veracel-realiza-a-segunda-edicao-da-corrida-vera-running\/","url":"https:\/\/www.veracel.com.br\/veracel-realiza-a-segunda-edicao-da-corrida-vera-running\/","name":"Vera Running 2024 re\u00fane 650 corredores","isPartOf":{"@id":"https:\/\/www.veracel.com.br\/#website"},"primaryImageOfPage":{"@id":"https:\/\/www.veracel.com.br\/veracel-realiza-a-segunda-edicao-da-corrida-vera-running\/#primaryimage"},"image":{"@id":"https:\/\/www.veracel.com.br\/veracel-realiza-a-segunda-edicao-da-corrida-vera-running\/#primaryimage"},"thumbnailUrl":"https:\/\/www.veracel.com.br\/wp-content\/uploads\/2024\/10\/corrida-veracel-vera-running-2024-01.jpg","datePublished":"2024-10-14T17:19:40+00:00","dateModified":"2024-10-14T17:21:42+00:00","description":"A segunda edi\u00e7\u00e3o da Vera Running da Veracel contou com 650 participantes e arrecadou 4 toneladas de alimentos para institui\u00e7\u00f5es beneficentes.","breadcrumb":{"@id":"https:\/\/www.veracel.com.br\/veracel-realiza-a-segunda-edicao-da-corrida-vera-running\/#breadcrumb"},"inLanguage":"en-US","potentialAction":[{"@type":"ReadAction","target":["https:\/\/www.veracel.com.br\/veracel-realiza-a-segunda-edicao-da-corrida-vera-running\/"]}]},{"@type":"ImageObject","inLanguage":"en-US","@id":"https:\/\/www.veracel.com.br\/veracel-realiza-a-segunda-edicao-da-corrida-vera-running\/#primaryimage","url":"https:\/\/www.veracel.com.br\/wp-content\/uploads\/2024\/10\/corrida-veracel-vera-running-2024-01.jpg","contentUrl":"https:\/\/www.veracel.com.br\/wp-content\/uploads\/2024\/10\/corrida-veracel-vera-running-2024-01.jpg","width":1500,"height":1000},{"@type":"BreadcrumbList","@id":"https:\/\/www.veracel.com.br\/veracel-realiza-a-segunda-edicao-da-corrida-vera-running\/#breadcrumb","itemListElement":[{"@type":"ListItem","position":1,"name":"Home","item":"https:\/\/www.veracel.com.br\/"},{"@type":"ListItem","position":2,"name":"Not\u00edcias","item":"https:\/\/www.veracel.com.br\/noticias\/"},{"@type":"ListItem","position":3,"name":"Veracel realiza a segunda edi\u00e7\u00e3o da corrida &#8220;Vera Running&#8221;"}]},{"@type":"WebSite","@id":"https:\/\/www.veracel.com.br\/#website","url":"https:\/\/www.veracel.com.br\/","name":"Veracel Celulose","description":"Quando crescemos juntos vamos muito mais longe","publisher":{"@id":"https:\/\/www.veracel.com.br\/#organization"},"potentialAction":[{"@type":"SearchAction","target":{"@type":"EntryPoint","urlTemplate":"https:\/\/www.veracel.com.br\/?s={search_term_string}"},"query-input":{"@type":"PropertyValueSpecification","valueRequired":true,"valueName":"search_term_string"}}],"inLanguage":"en-US"},{"@type":"Organization","@id":"https:\/\/www.veracel.com.br\/#organization","name":"Veracel Celulose","url":"https:\/\/www.veracel.com.br\/","logo":{"@type":"ImageObject","inLanguage":"en-US","@id":"https:\/\/www.veracel.com.br\/#\/schema\/logo\/image\/","url":"https:\/\/www.veracel.com.br\/wp-content\/uploads\/2024\/08\/Ativo-1.png","contentUrl":"https:\/\/www.veracel.com.br\/wp-content\/uploads\/2024\/08\/Ativo-1.png","width":400,"height":121,"caption":"Veracel Celulose"},"image":{"@id":"https:\/\/www.veracel.com.br\/#\/schema\/logo\/image\/"},"sameAs":["https:\/\/www.instagram.com\/veracelcelulose","https:\/\/www.linkedin.com\/company\/veracelcelulose\/","https:\/\/www.youtube.com\/user\/CanalVeracel"]}]}},"_links":{"self":[{"href":"https:\/\/www.veracel.com.br\/en\/wp-json\/wp\/v2\/posts\/35944","targetHints":{"allow":["GET"]}}],"collection":[{"href":"https:\/\/www.veracel.com.br\/en\/wp-json\/wp\/v2\/posts"}],"about":[{"href":"https:\/\/www.veracel.com.br\/en\/wp-json\/wp\/v2\/types\/post"}],"author":[{"embeddable":true,"href":"https:\/\/www.veracel.com.br\/en\/wp-json\/wp\/v2\/users\/2"}],"replies":[{"embeddable":true,"href":"https:\/\/www.veracel.com.br\/en\/wp-json\/wp\/v2\/comments?post=35944"}],"version-history":[{"count":2,"href":"https:\/\/www.veracel.com.br\/en\/wp-json\/wp\/v2\/posts\/35944\/revisions"}],"predecessor-version":[{"id":35960,"href":"https:\/\/www.veracel.com.br\/en\/wp-json\/wp\/v2\/posts\/35944\/revisions\/35960"}],"wp:featuredmedia":[{"embeddable":true,"href":"https:\/\/www.veracel.com.br\/en\/wp-json\/wp\/v2\/media\/35945"}],"wp:attachment":[{"href":"https:\/\/www.veracel.com.br\/en\/wp-json\/wp\/v2\/media?parent=35944"}],"wp:term":[{"taxonomy":"category","embeddable":true,"href":"https:\/\/www.veracel.com.br\/en\/wp-json\/wp\/v2\/categories?post=35944"},{"taxonomy":"post_tag","embeddable":true,"href":"https:\/\/www.veracel.com.br\/en\/wp-json\/wp\/v2\/tags?post=35944"}],"curies":[{"name":"wp","href":"https:\/\/api.w.org\/{rel}","templated":true}]}}