{"id":36324,"date":"2024-11-29T14:37:27","date_gmt":"2024-11-29T17:37:27","guid":{"rendered":"https:\/\/www.veracel.com.br\/?p=36324"},"modified":"2024-11-29T14:40:30","modified_gmt":"2024-11-29T17:40:30","slug":"veracel-encontro-fornecedores-2024","status":"publish","type":"post","link":"https:\/\/www.veracel.com.br\/en\/veracel-encontro-fornecedores-2024\/","title":{"rendered":"Veracel promove seu Encontro de Fornecedores de 2024"},"content":{"rendered":"<p><em>O Encontro de Fornecedores 2024 foi marcado pelo lan\u00e7amento do novo C\u00f3digo de Conduta para fornecedores da companhia e refor\u00e7a o compromisso com pr\u00e1ticas \u00e9ticas sustent\u00e1veis na cadeia de prestadores de servi\u00e7o da empresa.<\/em><\/p>\n<p>&nbsp;<\/p>\n<p>A Veracel Celulose realizou nesta quinta-feira (28), em Eun\u00e1polis, Bahia, o seu Encontro de Fornecedores, edi\u00e7\u00e3o de 2024. O evento, conduzido por meio do <a href=\"https:\/\/www.veracel.com.br\/suprimentossustentavel\/\">Programa Suprimentos Sustent\u00e1vel<\/a>, reuniu 80 parceiros e destacou a import\u00e2ncia da sustentabilidade nas opera\u00e7\u00f5es e a constru\u00e7\u00e3o de uma cadeia de suprimentos cada vez mais \u00e9tica e respons\u00e1vel.<\/p>\n<p>Durante o encontro, a Veracel apresentou seu <a href=\"https:\/\/www.veracel.com.br\/wp-content\/uploads\/2023\/05\/veracel-celulose-codigo-conduta-fornecedor-pt.pdf\" target=\"_blank\" rel=\"noopener\">novo C\u00f3digo de Conduta para Fornecedores<\/a>, lan\u00e7ado este ano. O c\u00f3digo estabelece diretrizes claras de boas pr\u00e1ticas, \u00e9tica e sustentabilidade, refor\u00e7ando o compromisso da empresa com uma atua\u00e7\u00e3o transparente e alinhada aos mais altos padr\u00f5es do setor.<\/p>\n<blockquote><p>&#8220;Este evento reafirma nosso compromisso em fortalecer parcerias duradouras, fundamentadas em solu\u00e7\u00f5es inovadoras e pr\u00e1ticas sustent\u00e1veis. Continuamos dedicados ao desenvolvimento econ\u00f4mico, social e ambiental da regi\u00e3o, impulsionados por nossas opera\u00e7\u00f5es e parcerias comerciais, e agradecemos a todos os parceiros presentes&#8221;, afirmou Erico Michalsky Campinhos, gerente de Suprimentos e Log\u00edstica da Veracel Celulose.<\/p><\/blockquote>\n<p>Ao final do encontro, os parceiros da empresa receberam um kit com produtos de comunidades de agricultura familiar apoiadas pela Veracel.<\/p>\n<p>O <a href=\"https:\/\/www.veracel.com.br\/suprimentossustentavel\/\">Programa Suprimentos Sustent\u00e1vel da Veracel<\/a> \u00e9 uma iniciativa da companhia para fomentar uma cadeia produtiva respons\u00e1vel, apoiando o desenvolvimento de pessoas e institui\u00e7\u00f5es, al\u00e9m de ampliar a competitividade das empresas da regi\u00e3o de atua\u00e7\u00e3o da Veracel.<\/p>\n<p>&nbsp;<\/p>\n","protected":false},"excerpt":{"rendered":"<p>O Encontro de Fornecedores 2024 foi marcado pelo lan\u00e7amento do novo C\u00f3digo de Conduta para fornecedores da companhia e refor\u00e7a o compromisso com pr\u00e1ticas \u00e9ticas sustent\u00e1veis na cadeia de prestadores de servi\u00e7o da empresa. &nbsp; A Veracel Celulose realizou nesta quinta-feira (28), em Eun\u00e1polis, Bahia, o seu Encontro de Fornecedores, edi\u00e7\u00e3o de 2024. O evento, [&hellip;]<\/p>\n","protected":false},"author":2,"featured_media":36325,"comment_status":"closed","ping_status":"closed","sticky":false,"template":"","format":"standard","meta":{"_acf_changed":false,"footnotes":"","_links_to":"","_links_to_target":""},"categories":[271,211],"tags":[],"class_list":["post-36324","post","type-post","status-publish","format-standard","has-post-thumbnail","hentry","category-a-veracel","category-noticias"],"acf":[],"yoast_head":"<!-- This site is optimized with the Yoast SEO Premium plugin v26.7 (Yoast SEO v27.4) - https:\/\/yoast.com\/product\/yoast-seo-premium-wordpress\/ -->\n<title>Veracel Promove Encontro de Fornecedores 2024<\/title>\n<meta name=\"description\" content=\"Veracel realiza o Encontro de Fornecedores 2024, destacando a sustentabilidade e lan\u00e7ando o novo C\u00f3digo de Conduta para Fornecedores.\" \/>\n<meta name=\"robots\" content=\"index, follow, max-snippet:-1, max-image-preview:large, max-video-preview:-1\" \/>\n<link rel=\"canonical\" href=\"https:\/\/www.veracel.com.br\/veracel-encontro-fornecedores-2024\/\" \/>\n<meta property=\"og:locale\" content=\"en_US\" \/>\n<meta property=\"og:type\" content=\"article\" \/>\n<meta property=\"og:title\" content=\"Veracel promove seu Encontro de Fornecedores de 2024\" \/>\n<meta property=\"og:description\" content=\"Veracel realiza o Encontro de Fornecedores 2024, destacando a sustentabilidade e lan\u00e7ando o novo C\u00f3digo de Conduta para Fornecedores.\" \/>\n<meta property=\"og:url\" content=\"https:\/\/www.veracel.com.br\/veracel-encontro-fornecedores-2024\/\" \/>\n<meta property=\"og:site_name\" content=\"Veracel Celulose\" \/>\n<meta property=\"article:published_time\" content=\"2024-11-29T17:37:27+00:00\" \/>\n<meta property=\"article:modified_time\" content=\"2024-11-29T17:40:30+00:00\" \/>\n<meta property=\"og:image\" content=\"https:\/\/www.veracel.com.br\/wp-content\/uploads\/2024\/11\/encontro-de-fornecedores-2024-veracel-celulose.jpg\" \/>\n\t<meta property=\"og:image:width\" content=\"800\" \/>\n\t<meta property=\"og:image:height\" content=\"533\" \/>\n\t<meta property=\"og:image:type\" content=\"image\/jpeg\" \/>\n<meta name=\"author\" content=\"saulo\" \/>\n<meta name=\"twitter:card\" content=\"summary_large_image\" \/>\n<meta name=\"twitter:label1\" content=\"Written by\" \/>\n\t<meta name=\"twitter:data1\" content=\"saulo\" \/>\n\t<meta name=\"twitter:label2\" content=\"Est. reading time\" \/>\n\t<meta name=\"twitter:data2\" content=\"2 minutes\" \/>\n<script type=\"application\/ld+json\" class=\"yoast-schema-graph\">{\"@context\":\"https:\\\/\\\/schema.org\",\"@graph\":[{\"@type\":\"WebPage\",\"@id\":\"https:\\\/\\\/www.veracel.com.br\\\/veracel-encontro-fornecedores-2024\\\/\",\"url\":\"https:\\\/\\\/www.veracel.com.br\\\/veracel-encontro-fornecedores-2024\\\/\",\"name\":\"Veracel Promove Encontro de Fornecedores 2024\",\"isPartOf\":{\"@id\":\"https:\\\/\\\/www.veracel.com.br\\\/#website\"},\"primaryImageOfPage\":{\"@id\":\"https:\\\/\\\/www.veracel.com.br\\\/veracel-encontro-fornecedores-2024\\\/#primaryimage\"},\"image\":{\"@id\":\"https:\\\/\\\/www.veracel.com.br\\\/veracel-encontro-fornecedores-2024\\\/#primaryimage\"},\"thumbnailUrl\":\"https:\\\/\\\/www.veracel.com.br\\\/wp-content\\\/uploads\\\/2024\\\/11\\\/encontro-de-fornecedores-2024-veracel-celulose.jpg\",\"datePublished\":\"2024-11-29T17:37:27+00:00\",\"dateModified\":\"2024-11-29T17:40:30+00:00\",\"description\":\"Veracel realiza o Encontro de Fornecedores 2024, destacando a sustentabilidade e lan\u00e7ando o novo C\u00f3digo de Conduta para Fornecedores.\",\"breadcrumb\":{\"@id\":\"https:\\\/\\\/www.veracel.com.br\\\/veracel-encontro-fornecedores-2024\\\/#breadcrumb\"},\"inLanguage\":\"en-US\",\"potentialAction\":[{\"@type\":\"ReadAction\",\"target\":[\"https:\\\/\\\/www.veracel.com.br\\\/veracel-encontro-fornecedores-2024\\\/\"]}]},{\"@type\":\"ImageObject\",\"inLanguage\":\"en-US\",\"@id\":\"https:\\\/\\\/www.veracel.com.br\\\/veracel-encontro-fornecedores-2024\\\/#primaryimage\",\"url\":\"https:\\\/\\\/www.veracel.com.br\\\/wp-content\\\/uploads\\\/2024\\\/11\\\/encontro-de-fornecedores-2024-veracel-celulose.jpg\",\"contentUrl\":\"https:\\\/\\\/www.veracel.com.br\\\/wp-content\\\/uploads\\\/2024\\\/11\\\/encontro-de-fornecedores-2024-veracel-celulose.jpg\",\"width\":800,\"height\":533,\"caption\":\"Encontro de fornecedores 2024 Veracel Celulose\"},{\"@type\":\"BreadcrumbList\",\"@id\":\"https:\\\/\\\/www.veracel.com.br\\\/veracel-encontro-fornecedores-2024\\\/#breadcrumb\",\"itemListElement\":[{\"@type\":\"ListItem\",\"position\":1,\"name\":\"Home\",\"item\":\"https:\\\/\\\/www.veracel.com.br\\\/\"},{\"@type\":\"ListItem\",\"position\":2,\"name\":\"Not\u00edcias\",\"item\":\"https:\\\/\\\/www.veracel.com.br\\\/noticias\\\/\"},{\"@type\":\"ListItem\",\"position\":3,\"name\":\"Veracel promove seu Encontro de Fornecedores de 2024\"}]},{\"@type\":\"WebSite\",\"@id\":\"https:\\\/\\\/www.veracel.com.br\\\/#website\",\"url\":\"https:\\\/\\\/www.veracel.com.br\\\/\",\"name\":\"Veracel Celulose\",\"description\":\"Quando crescemos juntos vamos muito mais longe\",\"publisher\":{\"@id\":\"https:\\\/\\\/www.veracel.com.br\\\/#organization\"},\"potentialAction\":[{\"@type\":\"SearchAction\",\"target\":{\"@type\":\"EntryPoint\",\"urlTemplate\":\"https:\\\/\\\/www.veracel.com.br\\\/?s={search_term_string}\"},\"query-input\":{\"@type\":\"PropertyValueSpecification\",\"valueRequired\":true,\"valueName\":\"search_term_string\"}}],\"inLanguage\":\"en-US\"},{\"@type\":\"Organization\",\"@id\":\"https:\\\/\\\/www.veracel.com.br\\\/#organization\",\"name\":\"Veracel Celulose\",\"url\":\"https:\\\/\\\/www.veracel.com.br\\\/\",\"logo\":{\"@type\":\"ImageObject\",\"inLanguage\":\"en-US\",\"@id\":\"https:\\\/\\\/www.veracel.com.br\\\/#\\\/schema\\\/logo\\\/image\\\/\",\"url\":\"https:\\\/\\\/www.veracel.com.br\\\/wp-content\\\/uploads\\\/2024\\\/08\\\/Ativo-1.png\",\"contentUrl\":\"https:\\\/\\\/www.veracel.com.br\\\/wp-content\\\/uploads\\\/2024\\\/08\\\/Ativo-1.png\",\"width\":400,\"height\":121,\"caption\":\"Veracel Celulose\"},\"image\":{\"@id\":\"https:\\\/\\\/www.veracel.com.br\\\/#\\\/schema\\\/logo\\\/image\\\/\"},\"sameAs\":[\"https:\\\/\\\/www.instagram.com\\\/veracelcelulose\",\"https:\\\/\\\/www.linkedin.com\\\/company\\\/veracelcelulose\\\/\",\"https:\\\/\\\/www.youtube.com\\\/user\\\/CanalVeracel\"]}]}<\/script>\n<!-- \/ Yoast SEO Premium plugin. -->","yoast_head_json":{"title":"Veracel Promove Encontro de Fornecedores 2024","description":"Veracel realiza o Encontro de Fornecedores 2024, destacando a sustentabilidade e lan\u00e7ando o novo C\u00f3digo de Conduta para Fornecedores.","robots":{"index":"index","follow":"follow","max-snippet":"max-snippet:-1","max-image-preview":"max-image-preview:large","max-video-preview":"max-video-preview:-1"},"canonical":"https:\/\/www.veracel.com.br\/veracel-encontro-fornecedores-2024\/","og_locale":"en_US","og_type":"article","og_title":"Veracel promove seu Encontro de Fornecedores de 2024","og_description":"Veracel realiza o Encontro de Fornecedores 2024, destacando a sustentabilidade e lan\u00e7ando o novo C\u00f3digo de Conduta para Fornecedores.","og_url":"https:\/\/www.veracel.com.br\/veracel-encontro-fornecedores-2024\/","og_site_name":"Veracel Celulose","article_published_time":"2024-11-29T17:37:27+00:00","article_modified_time":"2024-11-29T17:40:30+00:00","og_image":[{"width":800,"height":533,"url":"https:\/\/www.veracel.com.br\/wp-content\/uploads\/2024\/11\/encontro-de-fornecedores-2024-veracel-celulose.jpg","type":"image\/jpeg"}],"author":"saulo","twitter_card":"summary_large_image","twitter_misc":{"Written by":"saulo","Est. reading time":"2 minutes"},"schema":{"@context":"https:\/\/schema.org","@graph":[{"@type":"WebPage","@id":"https:\/\/www.veracel.com.br\/veracel-encontro-fornecedores-2024\/","url":"https:\/\/www.veracel.com.br\/veracel-encontro-fornecedores-2024\/","name":"Veracel Promove Encontro de Fornecedores 2024","isPartOf":{"@id":"https:\/\/www.veracel.com.br\/#website"},"primaryImageOfPage":{"@id":"https:\/\/www.veracel.com.br\/veracel-encontro-fornecedores-2024\/#primaryimage"},"image":{"@id":"https:\/\/www.veracel.com.br\/veracel-encontro-fornecedores-2024\/#primaryimage"},"thumbnailUrl":"https:\/\/www.veracel.com.br\/wp-content\/uploads\/2024\/11\/encontro-de-fornecedores-2024-veracel-celulose.jpg","datePublished":"2024-11-29T17:37:27+00:00","dateModified":"2024-11-29T17:40:30+00:00","description":"Veracel realiza o Encontro de Fornecedores 2024, destacando a sustentabilidade e lan\u00e7ando o novo C\u00f3digo de Conduta para Fornecedores.","breadcrumb":{"@id":"https:\/\/www.veracel.com.br\/veracel-encontro-fornecedores-2024\/#breadcrumb"},"inLanguage":"en-US","potentialAction":[{"@type":"ReadAction","target":["https:\/\/www.veracel.com.br\/veracel-encontro-fornecedores-2024\/"]}]},{"@type":"ImageObject","inLanguage":"en-US","@id":"https:\/\/www.veracel.com.br\/veracel-encontro-fornecedores-2024\/#primaryimage","url":"https:\/\/www.veracel.com.br\/wp-content\/uploads\/2024\/11\/encontro-de-fornecedores-2024-veracel-celulose.jpg","contentUrl":"https:\/\/www.veracel.com.br\/wp-content\/uploads\/2024\/11\/encontro-de-fornecedores-2024-veracel-celulose.jpg","width":800,"height":533,"caption":"Encontro de fornecedores 2024 Veracel Celulose"},{"@type":"BreadcrumbList","@id":"https:\/\/www.veracel.com.br\/veracel-encontro-fornecedores-2024\/#breadcrumb","itemListElement":[{"@type":"ListItem","position":1,"name":"Home","item":"https:\/\/www.veracel.com.br\/"},{"@type":"ListItem","position":2,"name":"Not\u00edcias","item":"https:\/\/www.veracel.com.br\/noticias\/"},{"@type":"ListItem","position":3,"name":"Veracel promove seu Encontro de Fornecedores de 2024"}]},{"@type":"WebSite","@id":"https:\/\/www.veracel.com.br\/#website","url":"https:\/\/www.veracel.com.br\/","name":"Veracel Celulose","description":"Quando crescemos juntos vamos muito mais longe","publisher":{"@id":"https:\/\/www.veracel.com.br\/#organization"},"potentialAction":[{"@type":"SearchAction","target":{"@type":"EntryPoint","urlTemplate":"https:\/\/www.veracel.com.br\/?s={search_term_string}"},"query-input":{"@type":"PropertyValueSpecification","valueRequired":true,"valueName":"search_term_string"}}],"inLanguage":"en-US"},{"@type":"Organization","@id":"https:\/\/www.veracel.com.br\/#organization","name":"Veracel Celulose","url":"https:\/\/www.veracel.com.br\/","logo":{"@type":"ImageObject","inLanguage":"en-US","@id":"https:\/\/www.veracel.com.br\/#\/schema\/logo\/image\/","url":"https:\/\/www.veracel.com.br\/wp-content\/uploads\/2024\/08\/Ativo-1.png","contentUrl":"https:\/\/www.veracel.com.br\/wp-content\/uploads\/2024\/08\/Ativo-1.png","width":400,"height":121,"caption":"Veracel Celulose"},"image":{"@id":"https:\/\/www.veracel.com.br\/#\/schema\/logo\/image\/"},"sameAs":["https:\/\/www.instagram.com\/veracelcelulose","https:\/\/www.linkedin.com\/company\/veracelcelulose\/","https:\/\/www.youtube.com\/user\/CanalVeracel"]}]}},"_links":{"self":[{"href":"https:\/\/www.veracel.com.br\/en\/wp-json\/wp\/v2\/posts\/36324","targetHints":{"allow":["GET"]}}],"collection":[{"href":"https:\/\/www.veracel.com.br\/en\/wp-json\/wp\/v2\/posts"}],"about":[{"href":"https:\/\/www.veracel.com.br\/en\/wp-json\/wp\/v2\/types\/post"}],"author":[{"embeddable":true,"href":"https:\/\/www.veracel.com.br\/en\/wp-json\/wp\/v2\/users\/2"}],"replies":[{"embeddable":true,"href":"https:\/\/www.veracel.com.br\/en\/wp-json\/wp\/v2\/comments?post=36324"}],"version-history":[{"count":4,"href":"https:\/\/www.veracel.com.br\/en\/wp-json\/wp\/v2\/posts\/36324\/revisions"}],"predecessor-version":[{"id":36330,"href":"https:\/\/www.veracel.com.br\/en\/wp-json\/wp\/v2\/posts\/36324\/revisions\/36330"}],"wp:featuredmedia":[{"embeddable":true,"href":"https:\/\/www.veracel.com.br\/en\/wp-json\/wp\/v2\/media\/36325"}],"wp:attachment":[{"href":"https:\/\/www.veracel.com.br\/en\/wp-json\/wp\/v2\/media?parent=36324"}],"wp:term":[{"taxonomy":"category","embeddable":true,"href":"https:\/\/www.veracel.com.br\/en\/wp-json\/wp\/v2\/categories?post=36324"},{"taxonomy":"post_tag","embeddable":true,"href":"https:\/\/www.veracel.com.br\/en\/wp-json\/wp\/v2\/tags?post=36324"}],"curies":[{"name":"wp","href":"https:\/\/api.w.org\/{rel}","templated":true}]}}