{"id":36468,"date":"2024-12-11T15:20:21","date_gmt":"2024-12-11T18:20:21","guid":{"rendered":"https:\/\/www.veracel.com.br\/?p=36468"},"modified":"2024-12-11T15:27:01","modified_gmt":"2024-12-11T18:27:01","slug":"veracel-reafirma-compromisso-com-os-direitos-humanos-e-divulga-manifesto","status":"publish","type":"post","link":"https:\/\/www.veracel.com.br\/en\/veracel-reafirma-compromisso-com-os-direitos-humanos-e-divulga-manifesto\/","title":{"rendered":"Veracel reafirma compromisso com os Direitos Humanos e divulga manifesto"},"content":{"rendered":"<p><em>Documento foi lan\u00e7ado ontem (10), Dia Internacional dos Direitos Humanos, e refor\u00e7a as diretrizes da empresa e seu comprometimento com uma atua\u00e7\u00e3o \u00e9tica e sustent\u00e1vel<\/em><\/p>\n<p>&nbsp;<\/p>\n<p>A Veracel Celulose divulgou seu <strong><a href=\"https:\/\/www.veracel.com.br\/compromisso-com-os-direitos-humanos\/\" target=\"_blank\" rel=\"noopener\">Manifesto P\u00fablico de Direitos Humanos<\/a><\/strong>, um documento que reflete o compromisso da empresa com a promo\u00e7\u00e3o da dignidade humana e a gera\u00e7\u00e3o de valor compartilhado. Alinhado aos Princ\u00edpios Orientadores da ONU sobre Empresas e Direitos Humanos (UNGPs), o manifesto destaca as diretrizes que orientam as a\u00e7\u00f5es da companhia, com foco na constru\u00e7\u00e3o de uma sociedade mais justa, equitativa e sustent\u00e1vel.<\/p>\n<p>O objetivo do documento \u00e9 refor\u00e7ar o compromisso da Veracel em adotar pr\u00e1ticas que v\u00e3o al\u00e9m das obriga\u00e7\u00f5es legais, abrangendo toda a sua cadeia de suprimentos, parceiros e as comunidades em que a empresa est\u00e1 inserida. A companhia reafirma seu compromisso em promover pr\u00e1ticas \u00e9ticas e sustent\u00e1veis, visando o respeito e a prote\u00e7\u00e3o dos direitos humanos em todas as suas opera\u00e7\u00f5es.<\/p>\n<blockquote><p>&#8220;Acreditamos que liderar pelo exemplo \u00e9 a chave para gerar impactos positivos. Com este manifesto, refor\u00e7amos nossa responsabilidade em respeitar e promover os direitos humanos em todas as nossas a\u00e7\u00f5es e nas rela\u00e7\u00f5es com nossos parceiros e comunidades locais. O documento \u00e9 o registro do compromisso que a companhia j\u00e1 tem com a promo\u00e7\u00e3o dos direitos humanos, mas tamb\u00e9m reflete nosso desejo cont\u00ednuo de ampliar essas a\u00e7\u00f5es\u201d, destaca Luiz Tapia, Diretor de Sustentabilidade e Responsabilidade Social da Veracel.<\/p>\n<p>&nbsp;<\/p><\/blockquote>\n<h2>Os cinco pilares do Manifesto de Direitos Humanos da Veracel:<\/h2>\n<ul>\n<li>Abrang\u00eancia: A Veracel promove e protege os direitos humanos em todas as suas opera\u00e7\u00f5es, respeitando colaboradores, fornecedores, comunidades locais e grupos tradicionais. A empresa se alinha aos Princ\u00edpios Orientadores da ONU sobre Empresas e Direitos Humanos (UNGPs) e trabalha ativamente para erradicar pr\u00e1ticas como o trabalho for\u00e7ado, obrigat\u00f3rio e infantil em sua regi\u00e3o.<\/li>\n<li>Quest\u00f5es contextuais em Direitos Humanos: A Veracel adota a\u00e7\u00f5es proativas para proteger os direitos humanos em contextos operacionais desafiadores. Iniciativas de Investimento Social Privado (ISP) s\u00e3o parte essencial dessa abordagem, com o objetivo de reduzir desigualdades e fortalecer as comunidades onde a empresa atua.<\/li>\n<li>Due Dilligence: A Veracel implementa processos cont\u00ednuos de due dilligence, com auditorias e avalia\u00e7\u00f5es regulares para identificar e mitigar riscos relacionados aos direitos humanos. Fornecedores e parceiros s\u00e3o orientados e auditados, garantindo a conformidade em toda a cadeia de valor.<\/li>\n<li>Repara\u00e7\u00e3o: A companhia mant\u00e9m um Mecanismo de Queixas e Reclama\u00e7\u00f5es (MQR) acess\u00edvel, garantindo que den\u00fancias sejam tratadas de forma justa e protegida contra retalia\u00e7\u00f5es.<\/li>\n<li>Evolu\u00e7\u00e3o cont\u00ednua: O respeito aos direitos humanos \u00e9 um princ\u00edpio fundamental em sua governan\u00e7a, com o objetivo de garantir o desenvolvimento sustent\u00e1vel para todas as partes interessadas.<\/li>\n<\/ul>\n<blockquote><p>\u201cCom uma governan\u00e7a s\u00f3lida e pr\u00e1ticas respons\u00e1veis, seguiremos garantindo um ambiente seguro, inclusivo e livre de discrimina\u00e7\u00e3o, tanto para as pessoas diretamente envolvidas em nossas opera\u00e7\u00f5es quanto para as comunidades em que estamos inseridos, colaborando ativamente para a erradica\u00e7\u00e3o de pr\u00e1ticas nocivas em nossa regi\u00e3o e contribuindo para uma sociedade mais justa e igualit\u00e1ria\u201d, finaliza Tapia.<\/p><\/blockquote>\n<p>&nbsp;<\/p>\n<p><strong><a href=\"https:\/\/www.veracel.com.br\/compromisso-com-os-direitos-humanos\/\">Confirma a carta completa com o manifesto de direitos humanos da Veracel Celulose.<\/a><\/strong><\/p>\n","protected":false},"excerpt":{"rendered":"<p>Documento foi lan\u00e7ado ontem (10), Dia Internacional dos Direitos Humanos, e refor\u00e7a as diretrizes da empresa e seu comprometimento com uma atua\u00e7\u00e3o \u00e9tica e sustent\u00e1vel &nbsp; A Veracel Celulose divulgou seu Manifesto P\u00fablico de Direitos Humanos, um documento que reflete o compromisso da empresa com a promo\u00e7\u00e3o da dignidade humana e a gera\u00e7\u00e3o de valor [&hellip;]<\/p>\n","protected":false},"author":2,"featured_media":36469,"comment_status":"closed","ping_status":"closed","sticky":false,"template":"","format":"standard","meta":{"_acf_changed":false,"footnotes":"","_links_to":"","_links_to_target":""},"categories":[271,211],"tags":[],"class_list":["post-36468","post","type-post","status-publish","format-standard","has-post-thumbnail","hentry","category-a-veracel","category-noticias"],"acf":[],"yoast_head":"<!-- This site is optimized with the Yoast SEO Premium plugin v26.7 (Yoast SEO v27.4) - https:\/\/yoast.com\/product\/yoast-seo-premium-wordpress\/ -->\n<title>Veracel Reafirma Compromisso com os Direitos Humanos<\/title>\n<meta name=\"description\" content=\"A Veracel refor\u00e7a seu compromisso com os direitos humanos em um manifesto p\u00fablico, alinhando-se aos Princ\u00edpios Orientadores da ONU e promovendo pr\u00e1ticas sustent\u00e1veis e \u00e9ticas.\" \/>\n<meta name=\"robots\" content=\"index, follow, max-snippet:-1, max-image-preview:large, max-video-preview:-1\" \/>\n<link rel=\"canonical\" href=\"https:\/\/www.veracel.com.br\/veracel-reafirma-compromisso-com-os-direitos-humanos-e-divulga-manifesto\/\" \/>\n<meta property=\"og:locale\" content=\"en_US\" \/>\n<meta property=\"og:type\" content=\"article\" \/>\n<meta property=\"og:title\" content=\"Veracel reafirma compromisso com os Direitos Humanos e divulga manifesto\" \/>\n<meta property=\"og:description\" content=\"A Veracel refor\u00e7a seu compromisso com os direitos humanos em um manifesto p\u00fablico, alinhando-se aos Princ\u00edpios Orientadores da ONU e promovendo pr\u00e1ticas sustent\u00e1veis e \u00e9ticas.\" \/>\n<meta property=\"og:url\" content=\"https:\/\/www.veracel.com.br\/veracel-reafirma-compromisso-com-os-direitos-humanos-e-divulga-manifesto\/\" \/>\n<meta property=\"og:site_name\" content=\"Veracel Celulose\" \/>\n<meta property=\"article:published_time\" content=\"2024-12-11T18:20:21+00:00\" \/>\n<meta property=\"article:modified_time\" content=\"2024-12-11T18:27:01+00:00\" \/>\n<meta property=\"og:image\" content=\"https:\/\/www.veracel.com.br\/wp-content\/uploads\/2024\/12\/manifesto-direitos-humanos-veracel-celulose.jpg\" \/>\n\t<meta property=\"og:image:width\" content=\"800\" \/>\n\t<meta property=\"og:image:height\" content=\"483\" \/>\n\t<meta property=\"og:image:type\" content=\"image\/jpeg\" \/>\n<meta name=\"author\" content=\"saulo\" \/>\n<meta name=\"twitter:card\" content=\"summary_large_image\" \/>\n<meta name=\"twitter:label1\" content=\"Written by\" \/>\n\t<meta name=\"twitter:data1\" content=\"saulo\" \/>\n\t<meta name=\"twitter:label2\" content=\"Est. reading time\" \/>\n\t<meta name=\"twitter:data2\" content=\"3 minutes\" \/>\n<script type=\"application\/ld+json\" class=\"yoast-schema-graph\">{\"@context\":\"https:\\\/\\\/schema.org\",\"@graph\":[{\"@type\":\"WebPage\",\"@id\":\"https:\\\/\\\/www.veracel.com.br\\\/veracel-reafirma-compromisso-com-os-direitos-humanos-e-divulga-manifesto\\\/\",\"url\":\"https:\\\/\\\/www.veracel.com.br\\\/veracel-reafirma-compromisso-com-os-direitos-humanos-e-divulga-manifesto\\\/\",\"name\":\"Veracel Reafirma Compromisso com os Direitos Humanos\",\"isPartOf\":{\"@id\":\"https:\\\/\\\/www.veracel.com.br\\\/#website\"},\"primaryImageOfPage\":{\"@id\":\"https:\\\/\\\/www.veracel.com.br\\\/veracel-reafirma-compromisso-com-os-direitos-humanos-e-divulga-manifesto\\\/#primaryimage\"},\"image\":{\"@id\":\"https:\\\/\\\/www.veracel.com.br\\\/veracel-reafirma-compromisso-com-os-direitos-humanos-e-divulga-manifesto\\\/#primaryimage\"},\"thumbnailUrl\":\"https:\\\/\\\/www.veracel.com.br\\\/wp-content\\\/uploads\\\/2024\\\/12\\\/manifesto-direitos-humanos-veracel-celulose.jpg\",\"datePublished\":\"2024-12-11T18:20:21+00:00\",\"dateModified\":\"2024-12-11T18:27:01+00:00\",\"description\":\"A Veracel refor\u00e7a seu compromisso com os direitos humanos em um manifesto p\u00fablico, alinhando-se aos Princ\u00edpios Orientadores da ONU e promovendo pr\u00e1ticas sustent\u00e1veis e \u00e9ticas.\",\"breadcrumb\":{\"@id\":\"https:\\\/\\\/www.veracel.com.br\\\/veracel-reafirma-compromisso-com-os-direitos-humanos-e-divulga-manifesto\\\/#breadcrumb\"},\"inLanguage\":\"en-US\",\"potentialAction\":[{\"@type\":\"ReadAction\",\"target\":[\"https:\\\/\\\/www.veracel.com.br\\\/veracel-reafirma-compromisso-com-os-direitos-humanos-e-divulga-manifesto\\\/\"]}]},{\"@type\":\"ImageObject\",\"inLanguage\":\"en-US\",\"@id\":\"https:\\\/\\\/www.veracel.com.br\\\/veracel-reafirma-compromisso-com-os-direitos-humanos-e-divulga-manifesto\\\/#primaryimage\",\"url\":\"https:\\\/\\\/www.veracel.com.br\\\/wp-content\\\/uploads\\\/2024\\\/12\\\/manifesto-direitos-humanos-veracel-celulose.jpg\",\"contentUrl\":\"https:\\\/\\\/www.veracel.com.br\\\/wp-content\\\/uploads\\\/2024\\\/12\\\/manifesto-direitos-humanos-veracel-celulose.jpg\",\"width\":800,\"height\":483},{\"@type\":\"BreadcrumbList\",\"@id\":\"https:\\\/\\\/www.veracel.com.br\\\/veracel-reafirma-compromisso-com-os-direitos-humanos-e-divulga-manifesto\\\/#breadcrumb\",\"itemListElement\":[{\"@type\":\"ListItem\",\"position\":1,\"name\":\"Home\",\"item\":\"https:\\\/\\\/www.veracel.com.br\\\/\"},{\"@type\":\"ListItem\",\"position\":2,\"name\":\"Not\u00edcias\",\"item\":\"https:\\\/\\\/www.veracel.com.br\\\/noticias\\\/\"},{\"@type\":\"ListItem\",\"position\":3,\"name\":\"Veracel reafirma compromisso com os Direitos Humanos e divulga manifesto\"}]},{\"@type\":\"WebSite\",\"@id\":\"https:\\\/\\\/www.veracel.com.br\\\/#website\",\"url\":\"https:\\\/\\\/www.veracel.com.br\\\/\",\"name\":\"Veracel Celulose\",\"description\":\"Quando crescemos juntos vamos muito mais longe\",\"publisher\":{\"@id\":\"https:\\\/\\\/www.veracel.com.br\\\/#organization\"},\"potentialAction\":[{\"@type\":\"SearchAction\",\"target\":{\"@type\":\"EntryPoint\",\"urlTemplate\":\"https:\\\/\\\/www.veracel.com.br\\\/?s={search_term_string}\"},\"query-input\":{\"@type\":\"PropertyValueSpecification\",\"valueRequired\":true,\"valueName\":\"search_term_string\"}}],\"inLanguage\":\"en-US\"},{\"@type\":\"Organization\",\"@id\":\"https:\\\/\\\/www.veracel.com.br\\\/#organization\",\"name\":\"Veracel Celulose\",\"url\":\"https:\\\/\\\/www.veracel.com.br\\\/\",\"logo\":{\"@type\":\"ImageObject\",\"inLanguage\":\"en-US\",\"@id\":\"https:\\\/\\\/www.veracel.com.br\\\/#\\\/schema\\\/logo\\\/image\\\/\",\"url\":\"https:\\\/\\\/www.veracel.com.br\\\/wp-content\\\/uploads\\\/2024\\\/08\\\/Ativo-1.png\",\"contentUrl\":\"https:\\\/\\\/www.veracel.com.br\\\/wp-content\\\/uploads\\\/2024\\\/08\\\/Ativo-1.png\",\"width\":400,\"height\":121,\"caption\":\"Veracel Celulose\"},\"image\":{\"@id\":\"https:\\\/\\\/www.veracel.com.br\\\/#\\\/schema\\\/logo\\\/image\\\/\"},\"sameAs\":[\"https:\\\/\\\/www.instagram.com\\\/veracelcelulose\",\"https:\\\/\\\/www.linkedin.com\\\/company\\\/veracelcelulose\\\/\",\"https:\\\/\\\/www.youtube.com\\\/user\\\/CanalVeracel\"]}]}<\/script>\n<!-- \/ Yoast SEO Premium plugin. -->","yoast_head_json":{"title":"Veracel Reafirma Compromisso com os Direitos Humanos","description":"A Veracel refor\u00e7a seu compromisso com os direitos humanos em um manifesto p\u00fablico, alinhando-se aos Princ\u00edpios Orientadores da ONU e promovendo pr\u00e1ticas sustent\u00e1veis e \u00e9ticas.","robots":{"index":"index","follow":"follow","max-snippet":"max-snippet:-1","max-image-preview":"max-image-preview:large","max-video-preview":"max-video-preview:-1"},"canonical":"https:\/\/www.veracel.com.br\/veracel-reafirma-compromisso-com-os-direitos-humanos-e-divulga-manifesto\/","og_locale":"en_US","og_type":"article","og_title":"Veracel reafirma compromisso com os Direitos Humanos e divulga manifesto","og_description":"A Veracel refor\u00e7a seu compromisso com os direitos humanos em um manifesto p\u00fablico, alinhando-se aos Princ\u00edpios Orientadores da ONU e promovendo pr\u00e1ticas sustent\u00e1veis e \u00e9ticas.","og_url":"https:\/\/www.veracel.com.br\/veracel-reafirma-compromisso-com-os-direitos-humanos-e-divulga-manifesto\/","og_site_name":"Veracel Celulose","article_published_time":"2024-12-11T18:20:21+00:00","article_modified_time":"2024-12-11T18:27:01+00:00","og_image":[{"width":800,"height":483,"url":"https:\/\/www.veracel.com.br\/wp-content\/uploads\/2024\/12\/manifesto-direitos-humanos-veracel-celulose.jpg","type":"image\/jpeg"}],"author":"saulo","twitter_card":"summary_large_image","twitter_misc":{"Written by":"saulo","Est. reading time":"3 minutes"},"schema":{"@context":"https:\/\/schema.org","@graph":[{"@type":"WebPage","@id":"https:\/\/www.veracel.com.br\/veracel-reafirma-compromisso-com-os-direitos-humanos-e-divulga-manifesto\/","url":"https:\/\/www.veracel.com.br\/veracel-reafirma-compromisso-com-os-direitos-humanos-e-divulga-manifesto\/","name":"Veracel Reafirma Compromisso com os Direitos Humanos","isPartOf":{"@id":"https:\/\/www.veracel.com.br\/#website"},"primaryImageOfPage":{"@id":"https:\/\/www.veracel.com.br\/veracel-reafirma-compromisso-com-os-direitos-humanos-e-divulga-manifesto\/#primaryimage"},"image":{"@id":"https:\/\/www.veracel.com.br\/veracel-reafirma-compromisso-com-os-direitos-humanos-e-divulga-manifesto\/#primaryimage"},"thumbnailUrl":"https:\/\/www.veracel.com.br\/wp-content\/uploads\/2024\/12\/manifesto-direitos-humanos-veracel-celulose.jpg","datePublished":"2024-12-11T18:20:21+00:00","dateModified":"2024-12-11T18:27:01+00:00","description":"A Veracel refor\u00e7a seu compromisso com os direitos humanos em um manifesto p\u00fablico, alinhando-se aos Princ\u00edpios Orientadores da ONU e promovendo pr\u00e1ticas sustent\u00e1veis e \u00e9ticas.","breadcrumb":{"@id":"https:\/\/www.veracel.com.br\/veracel-reafirma-compromisso-com-os-direitos-humanos-e-divulga-manifesto\/#breadcrumb"},"inLanguage":"en-US","potentialAction":[{"@type":"ReadAction","target":["https:\/\/www.veracel.com.br\/veracel-reafirma-compromisso-com-os-direitos-humanos-e-divulga-manifesto\/"]}]},{"@type":"ImageObject","inLanguage":"en-US","@id":"https:\/\/www.veracel.com.br\/veracel-reafirma-compromisso-com-os-direitos-humanos-e-divulga-manifesto\/#primaryimage","url":"https:\/\/www.veracel.com.br\/wp-content\/uploads\/2024\/12\/manifesto-direitos-humanos-veracel-celulose.jpg","contentUrl":"https:\/\/www.veracel.com.br\/wp-content\/uploads\/2024\/12\/manifesto-direitos-humanos-veracel-celulose.jpg","width":800,"height":483},{"@type":"BreadcrumbList","@id":"https:\/\/www.veracel.com.br\/veracel-reafirma-compromisso-com-os-direitos-humanos-e-divulga-manifesto\/#breadcrumb","itemListElement":[{"@type":"ListItem","position":1,"name":"Home","item":"https:\/\/www.veracel.com.br\/"},{"@type":"ListItem","position":2,"name":"Not\u00edcias","item":"https:\/\/www.veracel.com.br\/noticias\/"},{"@type":"ListItem","position":3,"name":"Veracel reafirma compromisso com os Direitos Humanos e divulga manifesto"}]},{"@type":"WebSite","@id":"https:\/\/www.veracel.com.br\/#website","url":"https:\/\/www.veracel.com.br\/","name":"Veracel Celulose","description":"Quando crescemos juntos vamos muito mais longe","publisher":{"@id":"https:\/\/www.veracel.com.br\/#organization"},"potentialAction":[{"@type":"SearchAction","target":{"@type":"EntryPoint","urlTemplate":"https:\/\/www.veracel.com.br\/?s={search_term_string}"},"query-input":{"@type":"PropertyValueSpecification","valueRequired":true,"valueName":"search_term_string"}}],"inLanguage":"en-US"},{"@type":"Organization","@id":"https:\/\/www.veracel.com.br\/#organization","name":"Veracel Celulose","url":"https:\/\/www.veracel.com.br\/","logo":{"@type":"ImageObject","inLanguage":"en-US","@id":"https:\/\/www.veracel.com.br\/#\/schema\/logo\/image\/","url":"https:\/\/www.veracel.com.br\/wp-content\/uploads\/2024\/08\/Ativo-1.png","contentUrl":"https:\/\/www.veracel.com.br\/wp-content\/uploads\/2024\/08\/Ativo-1.png","width":400,"height":121,"caption":"Veracel Celulose"},"image":{"@id":"https:\/\/www.veracel.com.br\/#\/schema\/logo\/image\/"},"sameAs":["https:\/\/www.instagram.com\/veracelcelulose","https:\/\/www.linkedin.com\/company\/veracelcelulose\/","https:\/\/www.youtube.com\/user\/CanalVeracel"]}]}},"_links":{"self":[{"href":"https:\/\/www.veracel.com.br\/en\/wp-json\/wp\/v2\/posts\/36468","targetHints":{"allow":["GET"]}}],"collection":[{"href":"https:\/\/www.veracel.com.br\/en\/wp-json\/wp\/v2\/posts"}],"about":[{"href":"https:\/\/www.veracel.com.br\/en\/wp-json\/wp\/v2\/types\/post"}],"author":[{"embeddable":true,"href":"https:\/\/www.veracel.com.br\/en\/wp-json\/wp\/v2\/users\/2"}],"replies":[{"embeddable":true,"href":"https:\/\/www.veracel.com.br\/en\/wp-json\/wp\/v2\/comments?post=36468"}],"version-history":[{"count":4,"href":"https:\/\/www.veracel.com.br\/en\/wp-json\/wp\/v2\/posts\/36468\/revisions"}],"predecessor-version":[{"id":36474,"href":"https:\/\/www.veracel.com.br\/en\/wp-json\/wp\/v2\/posts\/36468\/revisions\/36474"}],"wp:featuredmedia":[{"embeddable":true,"href":"https:\/\/www.veracel.com.br\/en\/wp-json\/wp\/v2\/media\/36469"}],"wp:attachment":[{"href":"https:\/\/www.veracel.com.br\/en\/wp-json\/wp\/v2\/media?parent=36468"}],"wp:term":[{"taxonomy":"category","embeddable":true,"href":"https:\/\/www.veracel.com.br\/en\/wp-json\/wp\/v2\/categories?post=36468"},{"taxonomy":"post_tag","embeddable":true,"href":"https:\/\/www.veracel.com.br\/en\/wp-json\/wp\/v2\/tags?post=36468"}],"curies":[{"name":"wp","href":"https:\/\/api.w.org\/{rel}","templated":true}]}}