{"id":37236,"date":"2024-12-23T20:35:06","date_gmt":"2024-12-23T23:35:06","guid":{"rendered":"https:\/\/www.veracel.com.br\/?p=37236"},"modified":"2024-12-27T20:38:17","modified_gmt":"2024-12-27T23:38:17","slug":"veracel-divulga-balanco-com-as-principais-acoes-de-2024","status":"publish","type":"post","link":"https:\/\/www.veracel.com.br\/en\/veracel-divulga-balanco-com-as-principais-acoes-de-2024\/","title":{"rendered":"Veracel divulga balan\u00e7o com as principais a\u00e7\u00f5es de 2024"},"content":{"rendered":"<p><em>A empresa, que possui 33 anos de opera\u00e7\u00f5es no extremo sul da Bahia, celebra as iniciativas do ano em sustentabilidade, aumento de produtividade, inova\u00e7\u00e3o e apoio ao desenvolvimento regional, al\u00e9m de refor\u00e7ar seu papel para a economia local e para a prote\u00e7\u00e3o ambiental.<\/em><\/p>\n<p>&nbsp;<\/p>\n<p>A Veracel Celulose encerra 2024 celebrando importantes marcos em sustentabilidade, inova\u00e7\u00e3o e desenvolvimento em sua regi\u00e3o de opera\u00e7\u00e3o, o sul do estado baiano. A empresa, que foi reconhecida neste ano pela s\u00e9tima vez consecutiva como uma das melhores para trabalhar do pa\u00eds pela consultoria Great Place To Work (GPTW), completou 33 anos em 2024, aumentou em 5% sua produtividade florestal e segue sendo um agente de transforma\u00e7\u00e3o para a prote\u00e7\u00e3o do meio ambiente e do desenvolvimento socioecon\u00f4mico local.<\/p>\n<p>&nbsp;<\/p>\n<h2><strong>Avan\u00e7os operacionais e tecnol\u00f3gicos<\/strong><\/h2>\n<p>O ano de 2024 foi marcado por importantes avan\u00e7os operacionais e florestais que deram ainda mais competitividade para a Veracel. A empresa registrou a maior taxa de aproveitamento de mudas no viveiro dos \u00faltimos sete anos, implementou novas tecnologias e inaugurou um viveiro de pesquisa exclusivo para avan\u00e7os em melhoramento gen\u00e9tico para as planta\u00e7\u00f5es de eucalipto da empresa.<\/p>\n<p>O aumento da produtividade florestal em 5% tamb\u00e9m \u00e9 muito estrat\u00e9gico para a Veracel, pois trata-se do resultado de uma otimiza\u00e7\u00e3o de processos que traz mais efici\u00eancia \u00e0 floresta e produz mais madeira, a mat\u00e9ria-prima da celulose, sem a necessidade de plantar novas \u00e1reas.<\/p>\n<p>&nbsp;<\/p>\n<h2><strong>Inova\u00e7\u00e3o no combate a inc\u00eandios e geoprocessamento<\/strong><\/h2>\n<p>A inova\u00e7\u00e3o foi destaque no ano, com a implementa\u00e7\u00e3o de tecnologias de geoprocessamento para facilitar a rotina das equipes florestais e o fortalecimento da preven\u00e7\u00e3o de inc\u00eandios em \u00e1reas da empresa com a constru\u00e7\u00e3o de mais uma torre de monitoramento &#8211; completando 14 em opera\u00e7\u00e3o.<\/p>\n<p>&nbsp;<\/p>\n<h2><strong>Impacto econ\u00f4mico e gera\u00e7\u00e3o de empregos na Bahia<\/strong><\/h2>\n<p>A opera\u00e7\u00e3o da Veracel tamb\u00e9m foi importante para a economia local em 2024. Durante a Parada Geral deste ano, uma manuten\u00e7\u00e3o programada dos ativos da f\u00e1brica, a Veracel gerou cerca de R$ 10 milh\u00f5es para a economia local e criou 500 vagas tempor\u00e1rias para o per\u00edodo.<\/p>\n<p>&nbsp;<\/p>\n<h2><strong>Apoio \u00e0s comunidades ind\u00edgenas e agricultura familiar<\/strong><\/h2>\n<p>No \u00e2mbito social, a Veracel promoveu iniciativas que impactaram diretamente 34 aldeias ind\u00edgenas, como a doa\u00e7\u00e3o de 5,2 mil kits escolares e o patroc\u00ednio de festivais e eventos culturais.<\/p>\n<p>O apoio \u00e0 agricultura familiar, que beneficia mais de 1.600 fam\u00edlias em 35 comunidades com projetos de gera\u00e7\u00e3o de renda, tamb\u00e9m foi ampliado, como os novos aportes em iniciativas em prol do desenvolvimento da apicultura em parceria com associa\u00e7\u00f5es locais, al\u00e9m do fortalecimento das redes de neg\u00f3cios das comunidades agr\u00edcolas apoiadas pela empresa por meio da inser\u00e7\u00e3o de suas produ\u00e7\u00f5es em feiras, exposi\u00e7\u00f5es e eventos gastron\u00f4micos apoiados pela Veracel durante o ano.<\/p>\n<p>&nbsp;<\/p>\n<h2><strong>Parceria com a UFSB: potencial de plantas nativas<\/strong><\/h2>\n<p>Al\u00e9m disso, em parceria com a Universidade Federal do Sul Bahia (UFSB), a Veracel tamb\u00e9m avan\u00e7ou em novas etapas no projeto que explora o potencial de uma planta nativa, antes considerada invasora, para ser transformada em \u00f3leos essenciais. A iniciativa beneficiou comunidades que come\u00e7aram a colher a planta para esta finalidade, gerando uma nova fonte de renda para as fam\u00edlias de agricultores.<\/p>\n<p>&nbsp;<\/p>\n<h2><strong>Preserva\u00e7\u00e3o da biodiversidade e prote\u00e7\u00e3o ambiental<\/strong><\/h2>\n<p>Na \u00e1rea ambiental, projetos de preserva\u00e7\u00e3o e pesquisa em parceria com o Instituto Pr\u00f3-Carn\u00edvoros e ICMBio monitoraram a presen\u00e7a da fauna na Mata Atl\u00e2ntica das \u00e1reas de prote\u00e7\u00e3o da empresa, enquanto o Centro de Reabilita\u00e7\u00e3o de Tartarugas Marinhas (CRTM), fundado pela Veracel e localizado no TMB, celebrou um ano de opera\u00e7\u00e3o e, durante o per\u00edodo, j\u00e1 reabilitou 5 tartarugas que puderam retornar ao mar com sa\u00fade.<\/p>\n<p>&nbsp;<\/p>\n<h2><strong>Reserva Particular do Patrim\u00f4nio Natural Esta\u00e7\u00e3o Veracel: 26 anos de hist\u00f3ria<\/strong><\/h2>\n<p>Tamb\u00e9m em 2024, a Reserva Particular do Patrim\u00f4nio Natural (RPPN) Esta\u00e7\u00e3o Veracel, a maior reserva privada de Mata Atl\u00e2ntica do Nordeste brasileiro, completou 26 anos de hist\u00f3ria com diversas a\u00e7\u00f5es de conserva\u00e7\u00e3o, parcerias com programas de estudo internacionais renomados, a\u00e7\u00f5es de educa\u00e7\u00e3o ambiental e uma forte contribui\u00e7\u00e3o com \u00f3rg\u00e3os ambientais, como o apoio dado para que as 35 araras-vermelhas-grandes pudessem ser soltas pelo Instituto do Meio Ambiente e Recursos H\u00eddricos (Inema) em \u00e1rea pr\u00f3xima \u00e0 reserva.<\/p>\n<p>&nbsp;<\/p>\n<h2><strong>Reconhecimentos e boas pr\u00e1ticas internas<\/strong><\/h2>\n<p>A empresa tamb\u00e9m recebeu, pelo s\u00e9timo ano consecutivo, a certifica\u00e7\u00e3o como uma das melhores empresas para trabalhar do pa\u00eds pela consultoria Great Place To Work (GPTW) e ficou, ainda, entre as 50 melhores ind\u00fastrias para se trabalhar no Brasil pelo ranking da GPTW.<\/p>\n<p>Entre as iniciativas que justificam a conquista est\u00e3o a\u00e7\u00f5es voltadas ao bem-estar de suas equipes, \u00e0 diversidade e inclus\u00e3o, diversos programas voltados ao reconhecimento e desenvolvimento de pessoas e iniciativas de capacita\u00e7\u00e3o em parceria com institui\u00e7\u00f5es de ensino.<\/p>\n<p>&nbsp;<\/p>\n<h2><strong>Um futuro sustent\u00e1vel e pr\u00f3spero<\/strong><\/h2>\n<blockquote><p>\u201cEstamos muito orgulhosos das conquistas que tivemos at\u00e9 aqui e seguiremos, cada vez mais, avan\u00e7ando em nossa jornada de inova\u00e7\u00e3o, cuidado com o meio ambiente e apoio ao desenvolvimento regional. A Veracel tem um papel fundamental na economia da Bahia, levando a celulose produzida no estado para o mundo e conectando a for\u00e7a da nossa ind\u00fastria \u00e0 sustentabilidade e \u00e0s necessidades globais. Seguiremos firmes, com a mesma dedica\u00e7\u00e3o e empenho, buscando sempre melhorar e consolidar o legado que estamos construindo para um futuro mais sustent\u00e1vel e pr\u00f3spero para todos\u201d, destaca Caio Zanardo, diretor-presidente da Veracel.<\/p><\/blockquote>\n<p>&nbsp;<\/p>\n","protected":false},"excerpt":{"rendered":"<p>A empresa, que possui 33 anos de opera\u00e7\u00f5es no extremo sul da Bahia, celebra as iniciativas do ano em sustentabilidade, aumento de produtividade, inova\u00e7\u00e3o e apoio ao desenvolvimento regional, al\u00e9m de refor\u00e7ar seu papel para a economia local e para a prote\u00e7\u00e3o ambiental. &nbsp; A Veracel Celulose encerra 2024 celebrando importantes marcos em sustentabilidade, inova\u00e7\u00e3o [&hellip;]<\/p>\n","protected":false},"author":2,"featured_media":37237,"comment_status":"closed","ping_status":"closed","sticky":false,"template":"","format":"standard","meta":{"_acf_changed":false,"footnotes":"","_links_to":"","_links_to_target":""},"categories":[271,211],"tags":[],"class_list":["post-37236","post","type-post","status-publish","format-standard","has-post-thumbnail","hentry","category-a-veracel","category-noticias"],"acf":[],"yoast_head":"<!-- This site is optimized with the Yoast SEO Premium plugin v26.7 (Yoast SEO v27.4) - https:\/\/yoast.com\/product\/yoast-seo-premium-wordpress\/ -->\n<title>Veracel Divulga as Principais A\u00e7\u00f5es de 2024<\/title>\n<meta name=\"description\" content=\"Veracel encerra 2024 com avan\u00e7os em sustentabilidade, inova\u00e7\u00e3o tecnol\u00f3gica, apoio ao desenvolvimento socioecon\u00f4mico e preserva\u00e7\u00e3o ambiental.\" \/>\n<meta name=\"robots\" content=\"index, follow, max-snippet:-1, max-image-preview:large, max-video-preview:-1\" \/>\n<link rel=\"canonical\" href=\"https:\/\/www.veracel.com.br\/veracel-divulga-balanco-com-as-principais-acoes-de-2024\/\" \/>\n<meta property=\"og:locale\" content=\"en_US\" \/>\n<meta property=\"og:type\" content=\"article\" \/>\n<meta property=\"og:title\" content=\"Veracel divulga balan\u00e7o com as principais a\u00e7\u00f5es de 2024\" \/>\n<meta property=\"og:description\" content=\"Veracel encerra 2024 com avan\u00e7os em sustentabilidade, inova\u00e7\u00e3o tecnol\u00f3gica, apoio ao desenvolvimento socioecon\u00f4mico e preserva\u00e7\u00e3o ambiental.\" \/>\n<meta property=\"og:url\" content=\"https:\/\/www.veracel.com.br\/veracel-divulga-balanco-com-as-principais-acoes-de-2024\/\" \/>\n<meta property=\"og:site_name\" content=\"Veracel Celulose\" \/>\n<meta property=\"article:published_time\" content=\"2024-12-23T23:35:06+00:00\" \/>\n<meta property=\"article:modified_time\" content=\"2024-12-27T23:38:17+00:00\" \/>\n<meta property=\"og:image\" content=\"https:\/\/www.veracel.com.br\/wp-content\/uploads\/2024\/12\/veracel-celulose-acoes-2024.jpg\" \/>\n\t<meta property=\"og:image:width\" content=\"800\" \/>\n\t<meta property=\"og:image:height\" content=\"453\" \/>\n\t<meta property=\"og:image:type\" content=\"image\/jpeg\" \/>\n<meta name=\"author\" content=\"saulo\" \/>\n<meta name=\"twitter:card\" content=\"summary_large_image\" \/>\n<meta name=\"twitter:label1\" content=\"Written by\" \/>\n\t<meta name=\"twitter:data1\" content=\"saulo\" \/>\n\t<meta name=\"twitter:label2\" content=\"Est. reading time\" \/>\n\t<meta name=\"twitter:data2\" content=\"5 minutes\" \/>\n<script type=\"application\/ld+json\" class=\"yoast-schema-graph\">{\"@context\":\"https:\\\/\\\/schema.org\",\"@graph\":[{\"@type\":\"WebPage\",\"@id\":\"https:\\\/\\\/www.veracel.com.br\\\/veracel-divulga-balanco-com-as-principais-acoes-de-2024\\\/\",\"url\":\"https:\\\/\\\/www.veracel.com.br\\\/veracel-divulga-balanco-com-as-principais-acoes-de-2024\\\/\",\"name\":\"Veracel Divulga as Principais A\u00e7\u00f5es de 2024\",\"isPartOf\":{\"@id\":\"https:\\\/\\\/www.veracel.com.br\\\/#website\"},\"primaryImageOfPage\":{\"@id\":\"https:\\\/\\\/www.veracel.com.br\\\/veracel-divulga-balanco-com-as-principais-acoes-de-2024\\\/#primaryimage\"},\"image\":{\"@id\":\"https:\\\/\\\/www.veracel.com.br\\\/veracel-divulga-balanco-com-as-principais-acoes-de-2024\\\/#primaryimage\"},\"thumbnailUrl\":\"https:\\\/\\\/www.veracel.com.br\\\/wp-content\\\/uploads\\\/2024\\\/12\\\/veracel-celulose-acoes-2024.jpg\",\"datePublished\":\"2024-12-23T23:35:06+00:00\",\"dateModified\":\"2024-12-27T23:38:17+00:00\",\"description\":\"Veracel encerra 2024 com avan\u00e7os em sustentabilidade, inova\u00e7\u00e3o tecnol\u00f3gica, apoio ao desenvolvimento socioecon\u00f4mico e preserva\u00e7\u00e3o ambiental.\",\"breadcrumb\":{\"@id\":\"https:\\\/\\\/www.veracel.com.br\\\/veracel-divulga-balanco-com-as-principais-acoes-de-2024\\\/#breadcrumb\"},\"inLanguage\":\"en-US\",\"potentialAction\":[{\"@type\":\"ReadAction\",\"target\":[\"https:\\\/\\\/www.veracel.com.br\\\/veracel-divulga-balanco-com-as-principais-acoes-de-2024\\\/\"]}]},{\"@type\":\"ImageObject\",\"inLanguage\":\"en-US\",\"@id\":\"https:\\\/\\\/www.veracel.com.br\\\/veracel-divulga-balanco-com-as-principais-acoes-de-2024\\\/#primaryimage\",\"url\":\"https:\\\/\\\/www.veracel.com.br\\\/wp-content\\\/uploads\\\/2024\\\/12\\\/veracel-celulose-acoes-2024.jpg\",\"contentUrl\":\"https:\\\/\\\/www.veracel.com.br\\\/wp-content\\\/uploads\\\/2024\\\/12\\\/veracel-celulose-acoes-2024.jpg\",\"width\":800,\"height\":453,\"caption\":\"Fotografia da empresa VERACEL em Eunapolis\\\/BA.\"},{\"@type\":\"BreadcrumbList\",\"@id\":\"https:\\\/\\\/www.veracel.com.br\\\/veracel-divulga-balanco-com-as-principais-acoes-de-2024\\\/#breadcrumb\",\"itemListElement\":[{\"@type\":\"ListItem\",\"position\":1,\"name\":\"Home\",\"item\":\"https:\\\/\\\/www.veracel.com.br\\\/\"},{\"@type\":\"ListItem\",\"position\":2,\"name\":\"Not\u00edcias\",\"item\":\"https:\\\/\\\/www.veracel.com.br\\\/noticias\\\/\"},{\"@type\":\"ListItem\",\"position\":3,\"name\":\"Veracel divulga balan\u00e7o com as principais a\u00e7\u00f5es de 2024\"}]},{\"@type\":\"WebSite\",\"@id\":\"https:\\\/\\\/www.veracel.com.br\\\/#website\",\"url\":\"https:\\\/\\\/www.veracel.com.br\\\/\",\"name\":\"Veracel Celulose\",\"description\":\"Quando crescemos juntos vamos muito mais longe\",\"publisher\":{\"@id\":\"https:\\\/\\\/www.veracel.com.br\\\/#organization\"},\"potentialAction\":[{\"@type\":\"SearchAction\",\"target\":{\"@type\":\"EntryPoint\",\"urlTemplate\":\"https:\\\/\\\/www.veracel.com.br\\\/?s={search_term_string}\"},\"query-input\":{\"@type\":\"PropertyValueSpecification\",\"valueRequired\":true,\"valueName\":\"search_term_string\"}}],\"inLanguage\":\"en-US\"},{\"@type\":\"Organization\",\"@id\":\"https:\\\/\\\/www.veracel.com.br\\\/#organization\",\"name\":\"Veracel Celulose\",\"url\":\"https:\\\/\\\/www.veracel.com.br\\\/\",\"logo\":{\"@type\":\"ImageObject\",\"inLanguage\":\"en-US\",\"@id\":\"https:\\\/\\\/www.veracel.com.br\\\/#\\\/schema\\\/logo\\\/image\\\/\",\"url\":\"https:\\\/\\\/www.veracel.com.br\\\/wp-content\\\/uploads\\\/2024\\\/08\\\/Ativo-1.png\",\"contentUrl\":\"https:\\\/\\\/www.veracel.com.br\\\/wp-content\\\/uploads\\\/2024\\\/08\\\/Ativo-1.png\",\"width\":400,\"height\":121,\"caption\":\"Veracel Celulose\"},\"image\":{\"@id\":\"https:\\\/\\\/www.veracel.com.br\\\/#\\\/schema\\\/logo\\\/image\\\/\"},\"sameAs\":[\"https:\\\/\\\/www.instagram.com\\\/veracelcelulose\",\"https:\\\/\\\/www.linkedin.com\\\/company\\\/veracelcelulose\\\/\",\"https:\\\/\\\/www.youtube.com\\\/user\\\/CanalVeracel\"]}]}<\/script>\n<!-- \/ Yoast SEO Premium plugin. -->","yoast_head_json":{"title":"Veracel Divulga as Principais A\u00e7\u00f5es de 2024","description":"Veracel encerra 2024 com avan\u00e7os em sustentabilidade, inova\u00e7\u00e3o tecnol\u00f3gica, apoio ao desenvolvimento socioecon\u00f4mico e preserva\u00e7\u00e3o ambiental.","robots":{"index":"index","follow":"follow","max-snippet":"max-snippet:-1","max-image-preview":"max-image-preview:large","max-video-preview":"max-video-preview:-1"},"canonical":"https:\/\/www.veracel.com.br\/veracel-divulga-balanco-com-as-principais-acoes-de-2024\/","og_locale":"en_US","og_type":"article","og_title":"Veracel divulga balan\u00e7o com as principais a\u00e7\u00f5es de 2024","og_description":"Veracel encerra 2024 com avan\u00e7os em sustentabilidade, inova\u00e7\u00e3o tecnol\u00f3gica, apoio ao desenvolvimento socioecon\u00f4mico e preserva\u00e7\u00e3o ambiental.","og_url":"https:\/\/www.veracel.com.br\/veracel-divulga-balanco-com-as-principais-acoes-de-2024\/","og_site_name":"Veracel Celulose","article_published_time":"2024-12-23T23:35:06+00:00","article_modified_time":"2024-12-27T23:38:17+00:00","og_image":[{"width":800,"height":453,"url":"https:\/\/www.veracel.com.br\/wp-content\/uploads\/2024\/12\/veracel-celulose-acoes-2024.jpg","type":"image\/jpeg"}],"author":"saulo","twitter_card":"summary_large_image","twitter_misc":{"Written by":"saulo","Est. reading time":"5 minutes"},"schema":{"@context":"https:\/\/schema.org","@graph":[{"@type":"WebPage","@id":"https:\/\/www.veracel.com.br\/veracel-divulga-balanco-com-as-principais-acoes-de-2024\/","url":"https:\/\/www.veracel.com.br\/veracel-divulga-balanco-com-as-principais-acoes-de-2024\/","name":"Veracel Divulga as Principais A\u00e7\u00f5es de 2024","isPartOf":{"@id":"https:\/\/www.veracel.com.br\/#website"},"primaryImageOfPage":{"@id":"https:\/\/www.veracel.com.br\/veracel-divulga-balanco-com-as-principais-acoes-de-2024\/#primaryimage"},"image":{"@id":"https:\/\/www.veracel.com.br\/veracel-divulga-balanco-com-as-principais-acoes-de-2024\/#primaryimage"},"thumbnailUrl":"https:\/\/www.veracel.com.br\/wp-content\/uploads\/2024\/12\/veracel-celulose-acoes-2024.jpg","datePublished":"2024-12-23T23:35:06+00:00","dateModified":"2024-12-27T23:38:17+00:00","description":"Veracel encerra 2024 com avan\u00e7os em sustentabilidade, inova\u00e7\u00e3o tecnol\u00f3gica, apoio ao desenvolvimento socioecon\u00f4mico e preserva\u00e7\u00e3o ambiental.","breadcrumb":{"@id":"https:\/\/www.veracel.com.br\/veracel-divulga-balanco-com-as-principais-acoes-de-2024\/#breadcrumb"},"inLanguage":"en-US","potentialAction":[{"@type":"ReadAction","target":["https:\/\/www.veracel.com.br\/veracel-divulga-balanco-com-as-principais-acoes-de-2024\/"]}]},{"@type":"ImageObject","inLanguage":"en-US","@id":"https:\/\/www.veracel.com.br\/veracel-divulga-balanco-com-as-principais-acoes-de-2024\/#primaryimage","url":"https:\/\/www.veracel.com.br\/wp-content\/uploads\/2024\/12\/veracel-celulose-acoes-2024.jpg","contentUrl":"https:\/\/www.veracel.com.br\/wp-content\/uploads\/2024\/12\/veracel-celulose-acoes-2024.jpg","width":800,"height":453,"caption":"Fotografia da empresa VERACEL em Eunapolis\/BA."},{"@type":"BreadcrumbList","@id":"https:\/\/www.veracel.com.br\/veracel-divulga-balanco-com-as-principais-acoes-de-2024\/#breadcrumb","itemListElement":[{"@type":"ListItem","position":1,"name":"Home","item":"https:\/\/www.veracel.com.br\/"},{"@type":"ListItem","position":2,"name":"Not\u00edcias","item":"https:\/\/www.veracel.com.br\/noticias\/"},{"@type":"ListItem","position":3,"name":"Veracel divulga balan\u00e7o com as principais a\u00e7\u00f5es de 2024"}]},{"@type":"WebSite","@id":"https:\/\/www.veracel.com.br\/#website","url":"https:\/\/www.veracel.com.br\/","name":"Veracel Celulose","description":"Quando crescemos juntos vamos muito mais longe","publisher":{"@id":"https:\/\/www.veracel.com.br\/#organization"},"potentialAction":[{"@type":"SearchAction","target":{"@type":"EntryPoint","urlTemplate":"https:\/\/www.veracel.com.br\/?s={search_term_string}"},"query-input":{"@type":"PropertyValueSpecification","valueRequired":true,"valueName":"search_term_string"}}],"inLanguage":"en-US"},{"@type":"Organization","@id":"https:\/\/www.veracel.com.br\/#organization","name":"Veracel Celulose","url":"https:\/\/www.veracel.com.br\/","logo":{"@type":"ImageObject","inLanguage":"en-US","@id":"https:\/\/www.veracel.com.br\/#\/schema\/logo\/image\/","url":"https:\/\/www.veracel.com.br\/wp-content\/uploads\/2024\/08\/Ativo-1.png","contentUrl":"https:\/\/www.veracel.com.br\/wp-content\/uploads\/2024\/08\/Ativo-1.png","width":400,"height":121,"caption":"Veracel Celulose"},"image":{"@id":"https:\/\/www.veracel.com.br\/#\/schema\/logo\/image\/"},"sameAs":["https:\/\/www.instagram.com\/veracelcelulose","https:\/\/www.linkedin.com\/company\/veracelcelulose\/","https:\/\/www.youtube.com\/user\/CanalVeracel"]}]}},"_links":{"self":[{"href":"https:\/\/www.veracel.com.br\/en\/wp-json\/wp\/v2\/posts\/37236","targetHints":{"allow":["GET"]}}],"collection":[{"href":"https:\/\/www.veracel.com.br\/en\/wp-json\/wp\/v2\/posts"}],"about":[{"href":"https:\/\/www.veracel.com.br\/en\/wp-json\/wp\/v2\/types\/post"}],"author":[{"embeddable":true,"href":"https:\/\/www.veracel.com.br\/en\/wp-json\/wp\/v2\/users\/2"}],"replies":[{"embeddable":true,"href":"https:\/\/www.veracel.com.br\/en\/wp-json\/wp\/v2\/comments?post=37236"}],"version-history":[{"count":1,"href":"https:\/\/www.veracel.com.br\/en\/wp-json\/wp\/v2\/posts\/37236\/revisions"}],"predecessor-version":[{"id":37239,"href":"https:\/\/www.veracel.com.br\/en\/wp-json\/wp\/v2\/posts\/37236\/revisions\/37239"}],"wp:featuredmedia":[{"embeddable":true,"href":"https:\/\/www.veracel.com.br\/en\/wp-json\/wp\/v2\/media\/37237"}],"wp:attachment":[{"href":"https:\/\/www.veracel.com.br\/en\/wp-json\/wp\/v2\/media?parent=37236"}],"wp:term":[{"taxonomy":"category","embeddable":true,"href":"https:\/\/www.veracel.com.br\/en\/wp-json\/wp\/v2\/categories?post=37236"},{"taxonomy":"post_tag","embeddable":true,"href":"https:\/\/www.veracel.com.br\/en\/wp-json\/wp\/v2\/tags?post=37236"}],"curies":[{"name":"wp","href":"https:\/\/api.w.org\/{rel}","templated":true}]}}