{"id":37484,"date":"2025-01-21T07:08:51","date_gmt":"2025-01-21T10:08:51","guid":{"rendered":"https:\/\/www.veracel.com.br\/?p=37484"},"modified":"2025-01-21T07:12:25","modified_gmt":"2025-01-21T10:12:25","slug":"curso-mecanico-maquinas-florestais-veracel-senai","status":"publish","type":"post","link":"https:\/\/www.veracel.com.br\/en\/curso-mecanico-maquinas-florestais-veracel-senai\/","title":{"rendered":"Veracel e SENAI anunciam curso gratuito de mec\u00e2nico(a) de m\u00e1quinas florestais na Bahia"},"content":{"rendered":"<p><em>A Veracel, em parceria com o SENAI, oferece curso gratuito de mec\u00e2nico(a) de m\u00e1quinas florestais, promovendo qualifica\u00e7\u00e3o profissional e inclus\u00e3o na regi\u00e3o Sul da Bahia.<\/em><\/p>\n<p>&nbsp;<\/p>\n<p>Em mais uma parceria de capacita\u00e7\u00e3o profissional com o Servi\u00e7o Nacional de Aprendizagem Industrial (SENAI), da Bahia, a Veracel Celulose acaba de anunciar a abertura de vagas para mais uma edi\u00e7\u00e3o do\u00a0<strong>curso gratuito de mec\u00e2nico(a) de m\u00e1quinas florestais<\/strong>. As inscri\u00e7\u00f5es ser\u00e3o abertas em 20\/01 e ficar\u00e3o dispon\u00edveis pelo <a href=\"https:\/\/inscricoes.senaibahia.com.br\/framehtml\/web\/app\/Edu\/PortalProcessoSeletivo\/?c=1&amp;f=305&amp;ct=47&amp;ps=837&amp;ai=18731&amp;turma=&amp;utm_medium=SITESENAI&amp;utm_source=SITESENAI&amp;utm_campaign=SITESENAI#\/es\/informacoes\" target=\"_blank\" rel=\"noopener\"><strong>site do SENAI<\/strong><\/a>.<\/p>\n<p>&nbsp;<\/p>\n<h2><strong>Como funcionam as etapas do processo seletivo?<\/strong><\/h2>\n<ol>\n<li><strong>Inscri\u00e7\u00e3o online<\/strong> \u2013 Dispon\u00edvel no <a href=\"https:\/\/inscricoes.senaibahia.com.br\/framehtml\/web\/app\/Edu\/PortalProcessoSeletivo\/?c=1&amp;f=305&amp;ct=47&amp;ps=837&amp;ai=18731&amp;turma=&amp;utm_medium=SITESENAI&amp;utm_source=SITESENAI&amp;utm_campaign=SITESENAI#\/es\/informacoes\" target=\"_blank\" rel=\"noopener\"><strong>site do SENAI<\/strong><\/a> de 20\/01 a 27\/01;<\/li>\n<li><strong>An\u00e1lise documental e curricular<\/strong> \u2013 Confer\u00eancia das informa\u00e7\u00f5es fornecidas;<\/li>\n<li><strong>Prova online<\/strong> \u2013 Avalia\u00e7\u00e3o de conhecimentos espec\u00edficos e gerais;<\/li>\n<li><strong>Entrevista t\u00e9cnica<\/strong> \u2013 Avalia\u00e7\u00e3o do perfil e das compet\u00eancias t\u00e9cnicas;<\/li>\n<li><strong>Exames m\u00e9dicos<\/strong> \u2013 Verifica\u00e7\u00e3o de aptid\u00e3o para a realiza\u00e7\u00e3o das atividades do curso.<\/li>\n<\/ol>\n<p>A lista final de aprovados ser\u00e1 divulgada no dia <strong>25\/02<\/strong>, permitindo que os candidatos selecionados j\u00e1 se preparem para o in\u00edcio das aulas.<\/p>\n<p>&nbsp;<\/p>\n<h2>Detalhes do Curso de Mec\u00e2nico(a) de M\u00e1quinas Florestais<\/h2>\n<p>O curso tem dura\u00e7\u00e3o m\u00e9dia de nove meses, com as aulas que ser\u00e3o divididas em dois momentos: os primeiros meses do curso t\u00eam foco te\u00f3rico, com aulas realizadas presencialmente no SENAI Eun\u00e1polis. J\u00e1 o segundo momento \u00e9 realizado dentro da pr\u00f3pria Veracel, com introdu\u00e7\u00e3o \u00e0 parte pr\u00e1tica. Ambos possuem carga hor\u00e1ria de 8h di\u00e1rias. O curso faz parte do programa de Forma\u00e7\u00e3o de M\u00e3o de Obra da Veracel, que teve in\u00edcio em 2022 e j\u00e1 est\u00e1 em sua quarta edi\u00e7\u00e3o.<\/p>\n<p>&nbsp;<\/p>\n<blockquote><p>\u201cO programa de Forma\u00e7\u00e3o de M\u00e3o de Obra \u00e9 um grande diferencial para estimular o desenvolvimento regional, j\u00e1 que oferecemos a possibilidade de inserir a m\u00e3o de obra feminina em \u00e1reas tradicionalmente ocupadas por homens. Al\u00e9m de oferecer uma oportunidade para que diversos p\u00fablicos iniciem a sua trajet\u00f3ria no mercado florestal, um vetor da economia baiana, atuamos em alinhamento com os nossos pilares de Diversidade e Inclus\u00e3o para promover oportunidades mais justas, destaca Odair Jango, Coordenador Desenvolvimento Organizacional da Veracel.<\/p><\/blockquote>\n<p>&nbsp;<\/p>\n<h2><strong>Diferenciais da Veracel\u00a0<\/strong><\/h2>\n<p>A Veracel n\u00e3o s\u00f3 investe na capacita\u00e7\u00e3o profissional, como tamb\u00e9m se destaca como uma das melhores empresas para trabalhar no Brasil. Em 2024, a companhia foi reconhecida pela <a href=\"https:\/\/www.veracel.com.br\/veracel-conquista-pela-setima-vez-consecutiva-a-certificacao-great-place-to-work-gptw\/\"><strong>Great Place to Work (GPTW)<\/strong><\/a> pelo s\u00e9timo ano consecutivo.<\/p>\n<p>Os colaboradores da Veracel contam com uma s\u00e9rie de benef\u00edcios:<\/p>\n<ul>\n<li>Sal\u00e1rios compat\u00edveis com o mercado;<\/li>\n<li>Assist\u00eancia m\u00e9dica e odontol\u00f3gica;<\/li>\n<li>Previd\u00eancia privada;<\/li>\n<li>Vale-alimenta\u00e7\u00e3o;<\/li>\n<li>Gympass e gin\u00e1stica laboral;<\/li>\n<li>Programa de remunera\u00e7\u00e3o vari\u00e1vel;<\/li>\n<li>Restaurante interno;<\/li>\n<li>Cesta de Natal.<\/li>\n<\/ul>\n<p>&nbsp;<\/p>\n<h2><strong>Como se inscrever no curso?<\/strong><\/h2>\n<p>Est\u00e1 pronto para aproveitar essa oportunidade? Siga os passos abaixo para se inscrever no curso de mec\u00e2nico(a) de m\u00e1quinas florestais:<\/p>\n<ol>\n<li>Acesse o site do <a href=\"https:\/\/inscricoes.senaibahia.com.br\/framehtml\/web\/app\/Edu\/PortalProcessoSeletivo\/?c=1&amp;f=305&amp;ct=47&amp;ps=837&amp;ai=18731&amp;turma=&amp;utm_medium=SITESENAI&amp;utm_source=SITESENAI&amp;utm_campaign=SITESENAI#\/es\/informacoes\" target=\"_blank\" rel=\"noopener\"><strong>SENAI Bahia<\/strong><\/a> entre os dias <strong>20\/01 e 27\/01<\/strong>;<\/li>\n<li>Preencha o formul\u00e1rio de inscri\u00e7\u00e3o com seus dados pessoais e envie os documentos solicitados;<\/li>\n<li>Aguarde as pr\u00f3ximas etapas do processo seletivo.<\/li>\n<\/ol>\n<p>&nbsp;<\/p>\n<p>&nbsp;<\/p>\n","protected":false},"excerpt":{"rendered":"<p>A Veracel, em parceria com o SENAI, oferece curso gratuito de mec\u00e2nico(a) de m\u00e1quinas florestais, promovendo qualifica\u00e7\u00e3o profissional e inclus\u00e3o na regi\u00e3o Sul da Bahia. &nbsp; Em mais uma parceria de capacita\u00e7\u00e3o profissional com o Servi\u00e7o Nacional de Aprendizagem Industrial (SENAI), da Bahia, a Veracel Celulose acaba de anunciar a abertura de vagas para mais [&hellip;]<\/p>\n","protected":false},"author":2,"featured_media":37485,"comment_status":"closed","ping_status":"closed","sticky":false,"template":"","format":"standard","meta":{"_acf_changed":false,"footnotes":"","_links_to":"","_links_to_target":""},"categories":[271,211],"tags":[],"class_list":["post-37484","post","type-post","status-publish","format-standard","has-post-thumbnail","hentry","category-a-veracel","category-noticias"],"acf":[],"yoast_head":"<!-- This site is optimized with the Yoast SEO Premium plugin v26.7 (Yoast SEO v27.4) - https:\/\/yoast.com\/product\/yoast-seo-premium-wordpress\/ -->\n<title>Curso gratuito de Mec\u00e2nico(a) de M\u00e1quinas Florestais<\/title>\n<meta name=\"description\" content=\"Inscreva-se no curso gratuito de mec\u00e2nico(a) de m\u00e1quinas florestais, oferecido pela Veracel em parceria com o SENAI.\" \/>\n<meta name=\"robots\" content=\"index, follow, max-snippet:-1, max-image-preview:large, max-video-preview:-1\" \/>\n<link rel=\"canonical\" href=\"https:\/\/www.veracel.com.br\/curso-mecanico-maquinas-florestais-veracel-senai\/\" \/>\n<meta property=\"og:locale\" content=\"en_US\" \/>\n<meta property=\"og:type\" content=\"article\" \/>\n<meta property=\"og:title\" content=\"Veracel e SENAI anunciam curso gratuito de mec\u00e2nico(a) de m\u00e1quinas florestais na Bahia\" \/>\n<meta property=\"og:description\" content=\"Inscreva-se no curso gratuito de mec\u00e2nico(a) de m\u00e1quinas florestais, oferecido pela Veracel em parceria com o SENAI.\" \/>\n<meta property=\"og:url\" content=\"https:\/\/www.veracel.com.br\/curso-mecanico-maquinas-florestais-veracel-senai\/\" \/>\n<meta property=\"og:site_name\" content=\"Veracel Celulose\" \/>\n<meta property=\"article:published_time\" content=\"2025-01-21T10:08:51+00:00\" \/>\n<meta property=\"article:modified_time\" content=\"2025-01-21T10:12:25+00:00\" \/>\n<meta property=\"og:image\" content=\"https:\/\/www.veracel.com.br\/wp-content\/uploads\/2025\/01\/curso-mecanico-mecanica-maquinas-florestais-veracel-senai.jpg\" \/>\n\t<meta property=\"og:image:width\" content=\"800\" \/>\n\t<meta property=\"og:image:height\" content=\"533\" \/>\n\t<meta property=\"og:image:type\" content=\"image\/jpeg\" \/>\n<meta name=\"author\" content=\"saulo\" \/>\n<meta name=\"twitter:card\" content=\"summary_large_image\" \/>\n<meta name=\"twitter:label1\" content=\"Written by\" \/>\n\t<meta name=\"twitter:data1\" content=\"saulo\" \/>\n\t<meta name=\"twitter:label2\" content=\"Est. reading time\" \/>\n\t<meta name=\"twitter:data2\" content=\"3 minutes\" \/>\n<script type=\"application\/ld+json\" class=\"yoast-schema-graph\">{\"@context\":\"https:\\\/\\\/schema.org\",\"@graph\":[{\"@type\":\"WebPage\",\"@id\":\"https:\\\/\\\/www.veracel.com.br\\\/curso-mecanico-maquinas-florestais-veracel-senai\\\/\",\"url\":\"https:\\\/\\\/www.veracel.com.br\\\/curso-mecanico-maquinas-florestais-veracel-senai\\\/\",\"name\":\"Curso gratuito de Mec\u00e2nico(a) de M\u00e1quinas Florestais\",\"isPartOf\":{\"@id\":\"https:\\\/\\\/www.veracel.com.br\\\/#website\"},\"primaryImageOfPage\":{\"@id\":\"https:\\\/\\\/www.veracel.com.br\\\/curso-mecanico-maquinas-florestais-veracel-senai\\\/#primaryimage\"},\"image\":{\"@id\":\"https:\\\/\\\/www.veracel.com.br\\\/curso-mecanico-maquinas-florestais-veracel-senai\\\/#primaryimage\"},\"thumbnailUrl\":\"https:\\\/\\\/www.veracel.com.br\\\/wp-content\\\/uploads\\\/2025\\\/01\\\/curso-mecanico-mecanica-maquinas-florestais-veracel-senai.jpg\",\"datePublished\":\"2025-01-21T10:08:51+00:00\",\"dateModified\":\"2025-01-21T10:12:25+00:00\",\"description\":\"Inscreva-se no curso gratuito de mec\u00e2nico(a) de m\u00e1quinas florestais, oferecido pela Veracel em parceria com o SENAI.\",\"breadcrumb\":{\"@id\":\"https:\\\/\\\/www.veracel.com.br\\\/curso-mecanico-maquinas-florestais-veracel-senai\\\/#breadcrumb\"},\"inLanguage\":\"en-US\",\"potentialAction\":[{\"@type\":\"ReadAction\",\"target\":[\"https:\\\/\\\/www.veracel.com.br\\\/curso-mecanico-maquinas-florestais-veracel-senai\\\/\"]}]},{\"@type\":\"ImageObject\",\"inLanguage\":\"en-US\",\"@id\":\"https:\\\/\\\/www.veracel.com.br\\\/curso-mecanico-maquinas-florestais-veracel-senai\\\/#primaryimage\",\"url\":\"https:\\\/\\\/www.veracel.com.br\\\/wp-content\\\/uploads\\\/2025\\\/01\\\/curso-mecanico-mecanica-maquinas-florestais-veracel-senai.jpg\",\"contentUrl\":\"https:\\\/\\\/www.veracel.com.br\\\/wp-content\\\/uploads\\\/2025\\\/01\\\/curso-mecanico-mecanica-maquinas-florestais-veracel-senai.jpg\",\"width\":800,\"height\":533},{\"@type\":\"BreadcrumbList\",\"@id\":\"https:\\\/\\\/www.veracel.com.br\\\/curso-mecanico-maquinas-florestais-veracel-senai\\\/#breadcrumb\",\"itemListElement\":[{\"@type\":\"ListItem\",\"position\":1,\"name\":\"Home\",\"item\":\"https:\\\/\\\/www.veracel.com.br\\\/\"},{\"@type\":\"ListItem\",\"position\":2,\"name\":\"Not\u00edcias\",\"item\":\"https:\\\/\\\/www.veracel.com.br\\\/noticias\\\/\"},{\"@type\":\"ListItem\",\"position\":3,\"name\":\"Veracel e SENAI anunciam curso gratuito de mec\u00e2nico(a) de m\u00e1quinas florestais na Bahia\"}]},{\"@type\":\"WebSite\",\"@id\":\"https:\\\/\\\/www.veracel.com.br\\\/#website\",\"url\":\"https:\\\/\\\/www.veracel.com.br\\\/\",\"name\":\"Veracel Celulose\",\"description\":\"Quando crescemos juntos vamos muito mais longe\",\"publisher\":{\"@id\":\"https:\\\/\\\/www.veracel.com.br\\\/#organization\"},\"potentialAction\":[{\"@type\":\"SearchAction\",\"target\":{\"@type\":\"EntryPoint\",\"urlTemplate\":\"https:\\\/\\\/www.veracel.com.br\\\/?s={search_term_string}\"},\"query-input\":{\"@type\":\"PropertyValueSpecification\",\"valueRequired\":true,\"valueName\":\"search_term_string\"}}],\"inLanguage\":\"en-US\"},{\"@type\":\"Organization\",\"@id\":\"https:\\\/\\\/www.veracel.com.br\\\/#organization\",\"name\":\"Veracel Celulose\",\"url\":\"https:\\\/\\\/www.veracel.com.br\\\/\",\"logo\":{\"@type\":\"ImageObject\",\"inLanguage\":\"en-US\",\"@id\":\"https:\\\/\\\/www.veracel.com.br\\\/#\\\/schema\\\/logo\\\/image\\\/\",\"url\":\"https:\\\/\\\/www.veracel.com.br\\\/wp-content\\\/uploads\\\/2024\\\/08\\\/Ativo-1.png\",\"contentUrl\":\"https:\\\/\\\/www.veracel.com.br\\\/wp-content\\\/uploads\\\/2024\\\/08\\\/Ativo-1.png\",\"width\":400,\"height\":121,\"caption\":\"Veracel Celulose\"},\"image\":{\"@id\":\"https:\\\/\\\/www.veracel.com.br\\\/#\\\/schema\\\/logo\\\/image\\\/\"},\"sameAs\":[\"https:\\\/\\\/www.instagram.com\\\/veracelcelulose\",\"https:\\\/\\\/www.linkedin.com\\\/company\\\/veracelcelulose\\\/\",\"https:\\\/\\\/www.youtube.com\\\/user\\\/CanalVeracel\"]}]}<\/script>\n<!-- \/ Yoast SEO Premium plugin. -->","yoast_head_json":{"title":"Curso gratuito de Mec\u00e2nico(a) de M\u00e1quinas Florestais","description":"Inscreva-se no curso gratuito de mec\u00e2nico(a) de m\u00e1quinas florestais, oferecido pela Veracel em parceria com o SENAI.","robots":{"index":"index","follow":"follow","max-snippet":"max-snippet:-1","max-image-preview":"max-image-preview:large","max-video-preview":"max-video-preview:-1"},"canonical":"https:\/\/www.veracel.com.br\/curso-mecanico-maquinas-florestais-veracel-senai\/","og_locale":"en_US","og_type":"article","og_title":"Veracel e SENAI anunciam curso gratuito de mec\u00e2nico(a) de m\u00e1quinas florestais na Bahia","og_description":"Inscreva-se no curso gratuito de mec\u00e2nico(a) de m\u00e1quinas florestais, oferecido pela Veracel em parceria com o SENAI.","og_url":"https:\/\/www.veracel.com.br\/curso-mecanico-maquinas-florestais-veracel-senai\/","og_site_name":"Veracel Celulose","article_published_time":"2025-01-21T10:08:51+00:00","article_modified_time":"2025-01-21T10:12:25+00:00","og_image":[{"width":800,"height":533,"url":"https:\/\/www.veracel.com.br\/wp-content\/uploads\/2025\/01\/curso-mecanico-mecanica-maquinas-florestais-veracel-senai.jpg","type":"image\/jpeg"}],"author":"saulo","twitter_card":"summary_large_image","twitter_misc":{"Written by":"saulo","Est. reading time":"3 minutes"},"schema":{"@context":"https:\/\/schema.org","@graph":[{"@type":"WebPage","@id":"https:\/\/www.veracel.com.br\/curso-mecanico-maquinas-florestais-veracel-senai\/","url":"https:\/\/www.veracel.com.br\/curso-mecanico-maquinas-florestais-veracel-senai\/","name":"Curso gratuito de Mec\u00e2nico(a) de M\u00e1quinas Florestais","isPartOf":{"@id":"https:\/\/www.veracel.com.br\/#website"},"primaryImageOfPage":{"@id":"https:\/\/www.veracel.com.br\/curso-mecanico-maquinas-florestais-veracel-senai\/#primaryimage"},"image":{"@id":"https:\/\/www.veracel.com.br\/curso-mecanico-maquinas-florestais-veracel-senai\/#primaryimage"},"thumbnailUrl":"https:\/\/www.veracel.com.br\/wp-content\/uploads\/2025\/01\/curso-mecanico-mecanica-maquinas-florestais-veracel-senai.jpg","datePublished":"2025-01-21T10:08:51+00:00","dateModified":"2025-01-21T10:12:25+00:00","description":"Inscreva-se no curso gratuito de mec\u00e2nico(a) de m\u00e1quinas florestais, oferecido pela Veracel em parceria com o SENAI.","breadcrumb":{"@id":"https:\/\/www.veracel.com.br\/curso-mecanico-maquinas-florestais-veracel-senai\/#breadcrumb"},"inLanguage":"en-US","potentialAction":[{"@type":"ReadAction","target":["https:\/\/www.veracel.com.br\/curso-mecanico-maquinas-florestais-veracel-senai\/"]}]},{"@type":"ImageObject","inLanguage":"en-US","@id":"https:\/\/www.veracel.com.br\/curso-mecanico-maquinas-florestais-veracel-senai\/#primaryimage","url":"https:\/\/www.veracel.com.br\/wp-content\/uploads\/2025\/01\/curso-mecanico-mecanica-maquinas-florestais-veracel-senai.jpg","contentUrl":"https:\/\/www.veracel.com.br\/wp-content\/uploads\/2025\/01\/curso-mecanico-mecanica-maquinas-florestais-veracel-senai.jpg","width":800,"height":533},{"@type":"BreadcrumbList","@id":"https:\/\/www.veracel.com.br\/curso-mecanico-maquinas-florestais-veracel-senai\/#breadcrumb","itemListElement":[{"@type":"ListItem","position":1,"name":"Home","item":"https:\/\/www.veracel.com.br\/"},{"@type":"ListItem","position":2,"name":"Not\u00edcias","item":"https:\/\/www.veracel.com.br\/noticias\/"},{"@type":"ListItem","position":3,"name":"Veracel e SENAI anunciam curso gratuito de mec\u00e2nico(a) de m\u00e1quinas florestais na Bahia"}]},{"@type":"WebSite","@id":"https:\/\/www.veracel.com.br\/#website","url":"https:\/\/www.veracel.com.br\/","name":"Veracel Celulose","description":"Quando crescemos juntos vamos muito mais longe","publisher":{"@id":"https:\/\/www.veracel.com.br\/#organization"},"potentialAction":[{"@type":"SearchAction","target":{"@type":"EntryPoint","urlTemplate":"https:\/\/www.veracel.com.br\/?s={search_term_string}"},"query-input":{"@type":"PropertyValueSpecification","valueRequired":true,"valueName":"search_term_string"}}],"inLanguage":"en-US"},{"@type":"Organization","@id":"https:\/\/www.veracel.com.br\/#organization","name":"Veracel Celulose","url":"https:\/\/www.veracel.com.br\/","logo":{"@type":"ImageObject","inLanguage":"en-US","@id":"https:\/\/www.veracel.com.br\/#\/schema\/logo\/image\/","url":"https:\/\/www.veracel.com.br\/wp-content\/uploads\/2024\/08\/Ativo-1.png","contentUrl":"https:\/\/www.veracel.com.br\/wp-content\/uploads\/2024\/08\/Ativo-1.png","width":400,"height":121,"caption":"Veracel Celulose"},"image":{"@id":"https:\/\/www.veracel.com.br\/#\/schema\/logo\/image\/"},"sameAs":["https:\/\/www.instagram.com\/veracelcelulose","https:\/\/www.linkedin.com\/company\/veracelcelulose\/","https:\/\/www.youtube.com\/user\/CanalVeracel"]}]}},"_links":{"self":[{"href":"https:\/\/www.veracel.com.br\/en\/wp-json\/wp\/v2\/posts\/37484","targetHints":{"allow":["GET"]}}],"collection":[{"href":"https:\/\/www.veracel.com.br\/en\/wp-json\/wp\/v2\/posts"}],"about":[{"href":"https:\/\/www.veracel.com.br\/en\/wp-json\/wp\/v2\/types\/post"}],"author":[{"embeddable":true,"href":"https:\/\/www.veracel.com.br\/en\/wp-json\/wp\/v2\/users\/2"}],"replies":[{"embeddable":true,"href":"https:\/\/www.veracel.com.br\/en\/wp-json\/wp\/v2\/comments?post=37484"}],"version-history":[{"count":5,"href":"https:\/\/www.veracel.com.br\/en\/wp-json\/wp\/v2\/posts\/37484\/revisions"}],"predecessor-version":[{"id":37491,"href":"https:\/\/www.veracel.com.br\/en\/wp-json\/wp\/v2\/posts\/37484\/revisions\/37491"}],"wp:featuredmedia":[{"embeddable":true,"href":"https:\/\/www.veracel.com.br\/en\/wp-json\/wp\/v2\/media\/37485"}],"wp:attachment":[{"href":"https:\/\/www.veracel.com.br\/en\/wp-json\/wp\/v2\/media?parent=37484"}],"wp:term":[{"taxonomy":"category","embeddable":true,"href":"https:\/\/www.veracel.com.br\/en\/wp-json\/wp\/v2\/categories?post=37484"},{"taxonomy":"post_tag","embeddable":true,"href":"https:\/\/www.veracel.com.br\/en\/wp-json\/wp\/v2\/tags?post=37484"}],"curies":[{"name":"wp","href":"https:\/\/api.w.org\/{rel}","templated":true}]}}