{"id":38640,"date":"2025-03-10T14:32:49","date_gmt":"2025-03-10T17:32:49","guid":{"rendered":"https:\/\/www.veracel.com.br\/?p=38640"},"modified":"2025-03-10T14:32:49","modified_gmt":"2025-03-10T17:32:49","slug":"veracel-celulose-pacto-global-sustentabilidade","status":"publish","type":"post","link":"https:\/\/www.veracel.com.br\/en\/veracel-celulose-pacto-global-sustentabilidade\/","title":{"rendered":"Veracel Celulose anuncia a participa\u00e7\u00e3o no Pacto Global-Rede Brasil e refor\u00e7a compromisso com a Sustentabilidade e Direitos Humanos"},"content":{"rendered":"<p><em>A participa\u00e7\u00e3o no Pacto Global-Rede Brasil, \u00e9 mais uma das a\u00e7\u00f5es da empresa voltadas para a sustentabilidade e a promo\u00e7\u00e3o dos direitos humanos<\/em><\/p>\n<p>&nbsp;<\/p>\n<p>A Veracel Celulose foi anunciada como participante do <a href=\"https:\/\/www.pactoglobal.org.br\/\" target=\"_blank\" rel=\"noopener\">Pacto Global-Rede Brasil<\/a>, a rede local da maior iniciativa de sustentabilidade corporativa do mundo, o Pacto Global das Na\u00e7\u00f5es Unidas (ONU), que re\u00fane empresas e organiza\u00e7\u00f5es comprometidas com princ\u00edpios universais de direitos humanos, trabalho, meio ambiente e combate \u00e0 corrup\u00e7\u00e3o. O programa tem mais de 20 mil participantes, distribu\u00eddos em 62 redes, que cobrem 77 pa\u00edses.<\/p>\n<blockquote><p>\u201cAo aderirmos a essa iniciativa, refor\u00e7amos nosso compromisso em conduzir os nossos neg\u00f3cios de forma \u00e9tica, sustent\u00e1vel e socialmente respons\u00e1vel, alinhando-nos \u00e0s melhores pr\u00e1ticas globais e garantindo a entrega de valor para o meio ambiente e a comunidade&#8221;, celebra Caio Zanardo, diretor-presidente da Veracel.<\/p><\/blockquote>\n<p>&nbsp;<\/p>\n<h2>O que \u00e9 o Pacto Global-Rede Brasil e qual sua import\u00e2ncia?<\/h2>\n<p>As empresas e organiza\u00e7\u00f5es participantes da iniciativa se comprometem a alinhar suas estrat\u00e9gias e opera\u00e7\u00f5es com dez princ\u00edpios universais, abrangendo \u00e1reas cruciais como direitos humanos, trabalho, meio ambiente e combate \u00e0 corrup\u00e7\u00e3o. \u00a0A ades\u00e3o \u00e0 plataforma ainda incentiva a busca cont\u00ednua por melhorias e a transpar\u00eancia na comunica\u00e7\u00e3o dos progressos, demonstrando um compromisso com um futuro mais justo e sustent\u00e1vel.<\/p>\n<p>&nbsp;<\/p>\n<h2>Veracel refor\u00e7a compromisso com direitos humanos e boas pr\u00e1ticas<\/h2>\n<p>A empresa tamb\u00e9m confirmou a sua participa\u00e7\u00e3o no Grupo de Trabalho Florestal sobre Direitos Humanos no setor florestal, uma iniciativa em parceria com a <a href=\"https:\/\/www.iba.org\/\" target=\"_blank\" rel=\"noopener\">Ind\u00fastria Brasileira de \u00c1rvores (Ib\u00e1)<\/a>. A atua\u00e7\u00e3o desse grupo visa colaborar ativamente para o desenvolvimento de diretrizes que promovam melhores condi\u00e7\u00f5es de trabalho e o respeito aos direitos humanos dentro do setor de \u00e1rvores plantadas.<\/p>\n<p>Ainda em 2025, a empresa tamb\u00e9m avan\u00e7ar\u00e1 em um processo de Due Diligence em Direitos Humanos, com a realiza\u00e7\u00e3o de uma Avalia\u00e7\u00e3o de Impacto conduzida por uma consultoria internacional. O trabalho ir\u00e1 documentar a atua\u00e7\u00e3o da companhia no que diz respeito aos direitos humanos e mapear\u00e1 oportunidades de melhorias para que a empresa desenvolva um trabalho ainda mais abrangente.<\/p>\n<p>Outra iniciativa que tamb\u00e9m est\u00e1 prevista para esse ano \u00e9 a realiza\u00e7\u00e3o de uma Semana de Direitos Humanos, um evento interno para a conscientiza\u00e7\u00e3o e reflex\u00f5es de suas equipes sobre o tema. O evento est\u00e1 sendo planejado com a contribui\u00e7\u00e3o de diversas \u00e1reas da empresa.<\/p>\n<p>Em dezembro do ano passado, a companhia tamb\u00e9m divulgou o seu\u00a0<a href=\"https:\/\/www.veracel.com.br\/compromisso-com-os-direitos-humanos\/\" target=\"_blank\" rel=\"noopener\">Manifesto P\u00fablico de Direitos Humanos<\/a>, um documento que reflete o compromisso da empresa com a promo\u00e7\u00e3o da dignidade humana e a gera\u00e7\u00e3o de valor compartilhado. Alinhado aos Princ\u00edpios Orientadores da ONU sobre Empresas e Direitos Humanos (UNGPs), o manifesto destaca as diretrizes que orientam as a\u00e7\u00f5es da companhia, com foco na constru\u00e7\u00e3o de uma sociedade mais justa, equitativa e sustent\u00e1vel.<\/p>\n<p>Al\u00e9m disso, desde 2021, a Veracel \u00e9 uma das signat\u00e1rias do Pacto Empresarial pela Integridade e Contra a Corrup\u00e7\u00e3o, iniciativa do Instituto Ethos de Empresas e Responsabilidade Social reconhecida mundialmente e que tem como objetivo unir corpora\u00e7\u00f5es para promover um mercado mais \u00edntegro e \u00e9tico e erradicar o suborno e a corrup\u00e7\u00e3o.<\/p>\n<p>&nbsp;<\/p>\n<h2>Apoio \u00e0s comunidades ind\u00edgenas e desenvolvimento regional<\/h2>\n<p>A Veracel Celulose tamb\u00e9m realiza diversas a\u00e7\u00f5es e programas para o apoio das comunidades da regi\u00e3o Sul da Bahia para o acesso \u00e0 terra, o desenvolvimento social e o apoio \u00e0 tradicionalidade dos povos origin\u00e1rios da regi\u00e3o. Anualmente, a companhia investe uma m\u00e9dia de R$9 milh\u00f5es em a\u00e7\u00f5es de apoio \u00e0 agricultura familiar, beneficiando mais de 1.500 fam\u00edlias com projetos de gera\u00e7\u00e3o de renda e com iniciativas que promovem o desenvolvimento sustent\u00e1vel e a seguran\u00e7a alimentar.<\/p>\n<p>A empresa, que \u00e9 vizinha de 34 comunidades ind\u00edgenas em sua opera\u00e7\u00e3o, ainda apoia atividades culturais como os Jogos Ind\u00edgenas Patax\u00f3 e o Festival Aragwaks\u00e3, al\u00e9m de doar, h\u00e1 14 anos, kits escolares para estudantes de escolas em comunidades ind\u00edgenas.<\/p>\n<p>&nbsp;<\/p>\n<h2>Conserva\u00e7\u00e3o ambiental: preserva\u00e7\u00e3o da Mata Atl\u00e2ntica e reflorestamento<\/h2>\n<p>Al\u00e9m das diversas iniciativas sociais, a Veracel mant\u00e9m a <a href=\"https:\/\/www.veracel.com.br\/rppn-estacao-veracel\/\">maior reserva privada de Mata Atl\u00e2ntica do Nordeste brasileiro<\/a> e tem como premissa preservar um hectare de mata nativa para cada um hectare de plantio de eucalipto. Desde sua chegada ao sul da Bahia, h\u00e1 mais de tr\u00eas d\u00e9cadas, a empresa contribui para a prote\u00e7\u00e3o ambiental e o reflorestamento da regi\u00e3o e j\u00e1 restaurou mais de 8 mil hectares em suas \u00e1reas, o equivalente a mais de 8 mil campos de futebol, com mais de 5 milh\u00f5es de mudas de esp\u00e9cies nativas.<\/p>\n<p>&nbsp;<\/p>\n<p>&nbsp;<\/p>\n","protected":false},"excerpt":{"rendered":"<p>A participa\u00e7\u00e3o no Pacto Global-Rede Brasil, \u00e9 mais uma das a\u00e7\u00f5es da empresa voltadas para a sustentabilidade e a promo\u00e7\u00e3o dos direitos humanos &nbsp; A Veracel Celulose foi anunciada como participante do Pacto Global-Rede Brasil, a rede local da maior iniciativa de sustentabilidade corporativa do mundo, o Pacto Global das Na\u00e7\u00f5es Unidas (ONU), que re\u00fane [&hellip;]<\/p>\n","protected":false},"author":2,"featured_media":38641,"comment_status":"closed","ping_status":"closed","sticky":false,"template":"","format":"standard","meta":{"_acf_changed":false,"footnotes":"","_links_to":"","_links_to_target":""},"categories":[211,332],"tags":[],"class_list":["post-38640","post","type-post","status-publish","format-standard","has-post-thumbnail","hentry","category-noticias","category-sustentabilidade-veracel"],"acf":[],"yoast_head":"<!-- This site is optimized with the Yoast SEO Premium plugin v26.7 (Yoast SEO v27.4) - https:\/\/yoast.com\/product\/yoast-seo-premium-wordpress\/ -->\n<title>Veracel Celulose adere ao Pacto Global da ONU<\/title>\n<meta name=\"description\" content=\"A Veracel agora faz parte do Pacto Global-Rede Brasil, refor\u00e7ando o compromisso com sustentabilidade, direitos humanos e combate \u00e0 corrup\u00e7\u00e3o.\" \/>\n<meta name=\"robots\" content=\"index, follow, max-snippet:-1, max-image-preview:large, max-video-preview:-1\" \/>\n<link rel=\"canonical\" href=\"https:\/\/www.veracel.com.br\/veracel-celulose-pacto-global-sustentabilidade\/\" \/>\n<meta property=\"og:locale\" content=\"en_US\" \/>\n<meta property=\"og:type\" content=\"article\" \/>\n<meta property=\"og:title\" content=\"Veracel Celulose anuncia a participa\u00e7\u00e3o no Pacto Global-Rede Brasil e refor\u00e7a compromisso com a Sustentabilidade e Direitos Humanos\" \/>\n<meta property=\"og:description\" content=\"A Veracel agora faz parte do Pacto Global-Rede Brasil, refor\u00e7ando o compromisso com sustentabilidade, direitos humanos e combate \u00e0 corrup\u00e7\u00e3o.\" \/>\n<meta property=\"og:url\" content=\"https:\/\/www.veracel.com.br\/veracel-celulose-pacto-global-sustentabilidade\/\" \/>\n<meta property=\"og:site_name\" content=\"Veracel Celulose\" \/>\n<meta property=\"article:published_time\" content=\"2025-03-10T17:32:49+00:00\" \/>\n<meta property=\"og:image\" content=\"https:\/\/www.veracel.com.br\/wp-content\/uploads\/2025\/03\/veracel-celulose-pacto-global-onu.jpg\" \/>\n\t<meta property=\"og:image:width\" content=\"800\" \/>\n\t<meta property=\"og:image:height\" content=\"533\" \/>\n\t<meta property=\"og:image:type\" content=\"image\/jpeg\" \/>\n<meta name=\"author\" content=\"saulo\" \/>\n<meta name=\"twitter:card\" content=\"summary_large_image\" \/>\n<meta name=\"twitter:label1\" content=\"Written by\" \/>\n\t<meta name=\"twitter:data1\" content=\"saulo\" \/>\n\t<meta name=\"twitter:label2\" content=\"Est. reading time\" \/>\n\t<meta name=\"twitter:data2\" content=\"4 minutes\" \/>\n<script type=\"application\/ld+json\" class=\"yoast-schema-graph\">{\"@context\":\"https:\\\/\\\/schema.org\",\"@graph\":[{\"@type\":\"WebPage\",\"@id\":\"https:\\\/\\\/www.veracel.com.br\\\/veracel-celulose-pacto-global-sustentabilidade\\\/\",\"url\":\"https:\\\/\\\/www.veracel.com.br\\\/veracel-celulose-pacto-global-sustentabilidade\\\/\",\"name\":\"Veracel Celulose adere ao Pacto Global da ONU\",\"isPartOf\":{\"@id\":\"https:\\\/\\\/www.veracel.com.br\\\/#website\"},\"primaryImageOfPage\":{\"@id\":\"https:\\\/\\\/www.veracel.com.br\\\/veracel-celulose-pacto-global-sustentabilidade\\\/#primaryimage\"},\"image\":{\"@id\":\"https:\\\/\\\/www.veracel.com.br\\\/veracel-celulose-pacto-global-sustentabilidade\\\/#primaryimage\"},\"thumbnailUrl\":\"https:\\\/\\\/www.veracel.com.br\\\/wp-content\\\/uploads\\\/2025\\\/03\\\/veracel-celulose-pacto-global-onu.jpg\",\"datePublished\":\"2025-03-10T17:32:49+00:00\",\"description\":\"A Veracel agora faz parte do Pacto Global-Rede Brasil, refor\u00e7ando o compromisso com sustentabilidade, direitos humanos e combate \u00e0 corrup\u00e7\u00e3o.\",\"breadcrumb\":{\"@id\":\"https:\\\/\\\/www.veracel.com.br\\\/veracel-celulose-pacto-global-sustentabilidade\\\/#breadcrumb\"},\"inLanguage\":\"en-US\",\"potentialAction\":[{\"@type\":\"ReadAction\",\"target\":[\"https:\\\/\\\/www.veracel.com.br\\\/veracel-celulose-pacto-global-sustentabilidade\\\/\"]}]},{\"@type\":\"ImageObject\",\"inLanguage\":\"en-US\",\"@id\":\"https:\\\/\\\/www.veracel.com.br\\\/veracel-celulose-pacto-global-sustentabilidade\\\/#primaryimage\",\"url\":\"https:\\\/\\\/www.veracel.com.br\\\/wp-content\\\/uploads\\\/2025\\\/03\\\/veracel-celulose-pacto-global-onu.jpg\",\"contentUrl\":\"https:\\\/\\\/www.veracel.com.br\\\/wp-content\\\/uploads\\\/2025\\\/03\\\/veracel-celulose-pacto-global-onu.jpg\",\"width\":800,\"height\":533,\"caption\":\"Veracel Celulose Pacto Global ONU\"},{\"@type\":\"BreadcrumbList\",\"@id\":\"https:\\\/\\\/www.veracel.com.br\\\/veracel-celulose-pacto-global-sustentabilidade\\\/#breadcrumb\",\"itemListElement\":[{\"@type\":\"ListItem\",\"position\":1,\"name\":\"Home\",\"item\":\"https:\\\/\\\/www.veracel.com.br\\\/\"},{\"@type\":\"ListItem\",\"position\":2,\"name\":\"Not\u00edcias\",\"item\":\"https:\\\/\\\/www.veracel.com.br\\\/noticias\\\/\"},{\"@type\":\"ListItem\",\"position\":3,\"name\":\"Veracel Celulose anuncia a participa\u00e7\u00e3o no Pacto Global-Rede Brasil e refor\u00e7a compromisso com a Sustentabilidade e Direitos Humanos\"}]},{\"@type\":\"WebSite\",\"@id\":\"https:\\\/\\\/www.veracel.com.br\\\/#website\",\"url\":\"https:\\\/\\\/www.veracel.com.br\\\/\",\"name\":\"Veracel Celulose\",\"description\":\"Quando crescemos juntos vamos muito mais longe\",\"publisher\":{\"@id\":\"https:\\\/\\\/www.veracel.com.br\\\/#organization\"},\"potentialAction\":[{\"@type\":\"SearchAction\",\"target\":{\"@type\":\"EntryPoint\",\"urlTemplate\":\"https:\\\/\\\/www.veracel.com.br\\\/?s={search_term_string}\"},\"query-input\":{\"@type\":\"PropertyValueSpecification\",\"valueRequired\":true,\"valueName\":\"search_term_string\"}}],\"inLanguage\":\"en-US\"},{\"@type\":\"Organization\",\"@id\":\"https:\\\/\\\/www.veracel.com.br\\\/#organization\",\"name\":\"Veracel Celulose\",\"url\":\"https:\\\/\\\/www.veracel.com.br\\\/\",\"logo\":{\"@type\":\"ImageObject\",\"inLanguage\":\"en-US\",\"@id\":\"https:\\\/\\\/www.veracel.com.br\\\/#\\\/schema\\\/logo\\\/image\\\/\",\"url\":\"https:\\\/\\\/www.veracel.com.br\\\/wp-content\\\/uploads\\\/2024\\\/08\\\/Ativo-1.png\",\"contentUrl\":\"https:\\\/\\\/www.veracel.com.br\\\/wp-content\\\/uploads\\\/2024\\\/08\\\/Ativo-1.png\",\"width\":400,\"height\":121,\"caption\":\"Veracel Celulose\"},\"image\":{\"@id\":\"https:\\\/\\\/www.veracel.com.br\\\/#\\\/schema\\\/logo\\\/image\\\/\"},\"sameAs\":[\"https:\\\/\\\/www.instagram.com\\\/veracelcelulose\",\"https:\\\/\\\/www.linkedin.com\\\/company\\\/veracelcelulose\\\/\",\"https:\\\/\\\/www.youtube.com\\\/user\\\/CanalVeracel\"]}]}<\/script>\n<!-- \/ Yoast SEO Premium plugin. -->","yoast_head_json":{"title":"Veracel Celulose adere ao Pacto Global da ONU","description":"A Veracel agora faz parte do Pacto Global-Rede Brasil, refor\u00e7ando o compromisso com sustentabilidade, direitos humanos e combate \u00e0 corrup\u00e7\u00e3o.","robots":{"index":"index","follow":"follow","max-snippet":"max-snippet:-1","max-image-preview":"max-image-preview:large","max-video-preview":"max-video-preview:-1"},"canonical":"https:\/\/www.veracel.com.br\/veracel-celulose-pacto-global-sustentabilidade\/","og_locale":"en_US","og_type":"article","og_title":"Veracel Celulose anuncia a participa\u00e7\u00e3o no Pacto Global-Rede Brasil e refor\u00e7a compromisso com a Sustentabilidade e Direitos Humanos","og_description":"A Veracel agora faz parte do Pacto Global-Rede Brasil, refor\u00e7ando o compromisso com sustentabilidade, direitos humanos e combate \u00e0 corrup\u00e7\u00e3o.","og_url":"https:\/\/www.veracel.com.br\/veracel-celulose-pacto-global-sustentabilidade\/","og_site_name":"Veracel Celulose","article_published_time":"2025-03-10T17:32:49+00:00","og_image":[{"width":800,"height":533,"url":"https:\/\/www.veracel.com.br\/wp-content\/uploads\/2025\/03\/veracel-celulose-pacto-global-onu.jpg","type":"image\/jpeg"}],"author":"saulo","twitter_card":"summary_large_image","twitter_misc":{"Written by":"saulo","Est. reading time":"4 minutes"},"schema":{"@context":"https:\/\/schema.org","@graph":[{"@type":"WebPage","@id":"https:\/\/www.veracel.com.br\/veracel-celulose-pacto-global-sustentabilidade\/","url":"https:\/\/www.veracel.com.br\/veracel-celulose-pacto-global-sustentabilidade\/","name":"Veracel Celulose adere ao Pacto Global da ONU","isPartOf":{"@id":"https:\/\/www.veracel.com.br\/#website"},"primaryImageOfPage":{"@id":"https:\/\/www.veracel.com.br\/veracel-celulose-pacto-global-sustentabilidade\/#primaryimage"},"image":{"@id":"https:\/\/www.veracel.com.br\/veracel-celulose-pacto-global-sustentabilidade\/#primaryimage"},"thumbnailUrl":"https:\/\/www.veracel.com.br\/wp-content\/uploads\/2025\/03\/veracel-celulose-pacto-global-onu.jpg","datePublished":"2025-03-10T17:32:49+00:00","description":"A Veracel agora faz parte do Pacto Global-Rede Brasil, refor\u00e7ando o compromisso com sustentabilidade, direitos humanos e combate \u00e0 corrup\u00e7\u00e3o.","breadcrumb":{"@id":"https:\/\/www.veracel.com.br\/veracel-celulose-pacto-global-sustentabilidade\/#breadcrumb"},"inLanguage":"en-US","potentialAction":[{"@type":"ReadAction","target":["https:\/\/www.veracel.com.br\/veracel-celulose-pacto-global-sustentabilidade\/"]}]},{"@type":"ImageObject","inLanguage":"en-US","@id":"https:\/\/www.veracel.com.br\/veracel-celulose-pacto-global-sustentabilidade\/#primaryimage","url":"https:\/\/www.veracel.com.br\/wp-content\/uploads\/2025\/03\/veracel-celulose-pacto-global-onu.jpg","contentUrl":"https:\/\/www.veracel.com.br\/wp-content\/uploads\/2025\/03\/veracel-celulose-pacto-global-onu.jpg","width":800,"height":533,"caption":"Veracel Celulose Pacto Global ONU"},{"@type":"BreadcrumbList","@id":"https:\/\/www.veracel.com.br\/veracel-celulose-pacto-global-sustentabilidade\/#breadcrumb","itemListElement":[{"@type":"ListItem","position":1,"name":"Home","item":"https:\/\/www.veracel.com.br\/"},{"@type":"ListItem","position":2,"name":"Not\u00edcias","item":"https:\/\/www.veracel.com.br\/noticias\/"},{"@type":"ListItem","position":3,"name":"Veracel Celulose anuncia a participa\u00e7\u00e3o no Pacto Global-Rede Brasil e refor\u00e7a compromisso com a Sustentabilidade e Direitos Humanos"}]},{"@type":"WebSite","@id":"https:\/\/www.veracel.com.br\/#website","url":"https:\/\/www.veracel.com.br\/","name":"Veracel Celulose","description":"Quando crescemos juntos vamos muito mais longe","publisher":{"@id":"https:\/\/www.veracel.com.br\/#organization"},"potentialAction":[{"@type":"SearchAction","target":{"@type":"EntryPoint","urlTemplate":"https:\/\/www.veracel.com.br\/?s={search_term_string}"},"query-input":{"@type":"PropertyValueSpecification","valueRequired":true,"valueName":"search_term_string"}}],"inLanguage":"en-US"},{"@type":"Organization","@id":"https:\/\/www.veracel.com.br\/#organization","name":"Veracel Celulose","url":"https:\/\/www.veracel.com.br\/","logo":{"@type":"ImageObject","inLanguage":"en-US","@id":"https:\/\/www.veracel.com.br\/#\/schema\/logo\/image\/","url":"https:\/\/www.veracel.com.br\/wp-content\/uploads\/2024\/08\/Ativo-1.png","contentUrl":"https:\/\/www.veracel.com.br\/wp-content\/uploads\/2024\/08\/Ativo-1.png","width":400,"height":121,"caption":"Veracel Celulose"},"image":{"@id":"https:\/\/www.veracel.com.br\/#\/schema\/logo\/image\/"},"sameAs":["https:\/\/www.instagram.com\/veracelcelulose","https:\/\/www.linkedin.com\/company\/veracelcelulose\/","https:\/\/www.youtube.com\/user\/CanalVeracel"]}]}},"_links":{"self":[{"href":"https:\/\/www.veracel.com.br\/en\/wp-json\/wp\/v2\/posts\/38640","targetHints":{"allow":["GET"]}}],"collection":[{"href":"https:\/\/www.veracel.com.br\/en\/wp-json\/wp\/v2\/posts"}],"about":[{"href":"https:\/\/www.veracel.com.br\/en\/wp-json\/wp\/v2\/types\/post"}],"author":[{"embeddable":true,"href":"https:\/\/www.veracel.com.br\/en\/wp-json\/wp\/v2\/users\/2"}],"replies":[{"embeddable":true,"href":"https:\/\/www.veracel.com.br\/en\/wp-json\/wp\/v2\/comments?post=38640"}],"version-history":[{"count":1,"href":"https:\/\/www.veracel.com.br\/en\/wp-json\/wp\/v2\/posts\/38640\/revisions"}],"predecessor-version":[{"id":38643,"href":"https:\/\/www.veracel.com.br\/en\/wp-json\/wp\/v2\/posts\/38640\/revisions\/38643"}],"wp:featuredmedia":[{"embeddable":true,"href":"https:\/\/www.veracel.com.br\/en\/wp-json\/wp\/v2\/media\/38641"}],"wp:attachment":[{"href":"https:\/\/www.veracel.com.br\/en\/wp-json\/wp\/v2\/media?parent=38640"}],"wp:term":[{"taxonomy":"category","embeddable":true,"href":"https:\/\/www.veracel.com.br\/en\/wp-json\/wp\/v2\/categories?post=38640"},{"taxonomy":"post_tag","embeddable":true,"href":"https:\/\/www.veracel.com.br\/en\/wp-json\/wp\/v2\/tags?post=38640"}],"curies":[{"name":"wp","href":"https:\/\/api.w.org\/{rel}","templated":true}]}}