{"id":38810,"date":"2025-04-03T15:19:56","date_gmt":"2025-04-03T18:19:56","guid":{"rendered":"https:\/\/www.veracel.com.br\/?p=38810"},"modified":"2025-04-03T15:29:37","modified_gmt":"2025-04-03T18:29:37","slug":"vagas-da-veracel","status":"publish","type":"post","link":"https:\/\/www.veracel.com.br\/en\/vagas-da-veracel\/","title":{"rendered":"Vagas da Veracel: Trabalhe em uma das Melhores Empresas na Bahia"},"content":{"rendered":"<p>Se voc\u00ea est\u00e1 procurando pelas vagas da Veracel, trabalho em Eun\u00e1polis ou busca uma oportunidade de carreira na \u00e1rea florestal, industrial, log\u00edstica ou administrativa, esta pode ser sua chance de fazer parte de uma empresa reconhecida nacionalmente pela valoriza\u00e7\u00e3o das pessoas e pelo compromisso com a sustentabilidade.<\/p>\n<p>H\u00e1 sempre novas vagas de trabalho na Veracel e oportunidades de se cadastrar no banco de talentos ativo para profissionais que querem construir uma trajet\u00f3ria s\u00f3lida e de impacto.<\/p>\n<h2>Vagas na Veracel: oportunidades em diferentes \u00e1reas e formatos<\/h2>\n<p>A Veracel tem sede em Eun\u00e1polis, no extremo sul da Bahia, e opera em 11 munic\u00edpios da regi\u00e3o da Costa do Descobrimento. Regularmente, s\u00e3o abertas vagas efetivas, est\u00e1gios, programas de jovem aprendiz e bancos de talentos \u2014 inclusive exclusivos para pessoas com defici\u00eancia (PcD).<\/p>\n<p>Atualmente, as vagas e oportunidades em destaque podem ser acessadas no Portal de Vagas da Veracel, onde se pode fazer inscri\u00e7\u00e3o ou cadastrar seu curr\u00edculo para o banco de talentos.<\/p>\n<h5><a href=\"https:\/\/vemparaaveracel.gupy.io\/\" target=\"_blank\" rel=\"noopener\">\ud83d\udc49 Acesse o portal de Vagas da Veracel<\/a>.<\/h5>\n<h2>Por que trabalhar na Veracel?<\/h2>\n<p>A Veracel \u00e9 certificada pelo selo Great Place to Work (GPTW) h\u00e1 sete anos consecutivos e est\u00e1 entre as 10 melhores empresas para trabalhar no agroneg\u00f3cio brasileiro e entre as melhores empresas para trabalhar na Bahia.<\/p>\n<p>O ambiente de trabalho \u00e9 reconhecido por sua cultura colaborativa, respeito \u00e0s pessoas, diversidade, inclus\u00e3o e incentivo ao crescimento profissional.<\/p>\n<h3>Benef\u00edcios de ser Veracel:<\/h3>\n<ul>\n<li><strong>Planos de sa\u00fade e odontol\u00f3gico<\/strong><\/li>\n<li><strong>Participa\u00e7\u00e3o nos lucros<\/strong><\/li>\n<li><strong>Incentivos \u00e0 educa\u00e7\u00e3o (gradua\u00e7\u00e3o, p\u00f3s e cursos t\u00e9cnicos)<\/strong><\/li>\n<li><strong>Modelos de trabalho presencial, h\u00edbrido e remoto<\/strong><\/li>\n<li><strong>Programas internos de desenvolvimento de carreira<\/strong><\/li>\n<\/ul>\n<h2>Relatos de quem cresceu com a Veracel<\/h2>\n<blockquote><p><img fetchpriority=\"high\" decoding=\"async\" class=\"alignnone size-full wp-image-38814\" src=\"https:\/\/www.veracel.com.br\/wp-content\/uploads\/2025\/04\/depoimento-colaborador-veracel-celulose.png\" alt=\"\" width=\"704\" height=\"420\" srcset=\"https:\/\/www.veracel.com.br\/wp-content\/uploads\/2025\/04\/depoimento-colaborador-veracel-celulose.png 704w, https:\/\/www.veracel.com.br\/wp-content\/uploads\/2025\/04\/depoimento-colaborador-veracel-celulose-300x179.png 300w, https:\/\/www.veracel.com.br\/wp-content\/uploads\/2025\/04\/depoimento-colaborador-veracel-celulose-200x119.png 200w\" sizes=\"(max-width: 704px) 100vw, 704px\" \/><\/p>\n<p>\u201cEntrei na Veracel com 19 anos, na Produ\u00e7\u00e3o de Mudas, e hoje atuo com Pesquisa Florestal. Tive muito incentivo para estudar e j\u00e1 completei 6 anos na empresa.\u201d<\/p>\n<p><strong>\u2014 Paulino Marques de Brito Neto, Auxiliar de Pesquisa Florestal I<\/strong><\/p>\n<p><img decoding=\"async\" class=\"alignnone size-full wp-image-38812\" src=\"https:\/\/www.veracel.com.br\/wp-content\/uploads\/2025\/04\/depoimento-colaboradora-veracel-celulose.png\" alt=\"\" width=\"704\" height=\"420\" srcset=\"https:\/\/www.veracel.com.br\/wp-content\/uploads\/2025\/04\/depoimento-colaboradora-veracel-celulose.png 704w, https:\/\/www.veracel.com.br\/wp-content\/uploads\/2025\/04\/depoimento-colaboradora-veracel-celulose-300x179.png 300w, https:\/\/www.veracel.com.br\/wp-content\/uploads\/2025\/04\/depoimento-colaboradora-veracel-celulose-200x119.png 200w\" sizes=\"(max-width: 704px) 100vw, 704px\" \/><\/p>\n<p>\u201cFui a primeira mulher Operadora de \u00c1rea de Caldeira e Recupera\u00e7\u00e3o Qu\u00edmica do Brasil, ap\u00f3s me formar no curso t\u00e9cnico promovido pela Veracel. A empresa me ajudou a romper barreiras.\u201d<\/p>\n<p><strong>\u2014 Luciana Pereira Cardoso, Operadora de \u00c1rea II<\/strong><\/p><\/blockquote>\n<p>Esses s\u00e3o apenas alguns exemplos de como a Veracel acredita nas pessoas e promove transforma\u00e7\u00f5es reais por meio do trabalho.<\/p>\n<h2>\u00c1reas de atua\u00e7\u00e3o profissional na Veracel Celulose<\/h2>\n<p>Se voc\u00ea quer entender melhor onde pode construir sua carreira dentro da empresa, conhe\u00e7a as principais \u00e1reas de atua\u00e7\u00e3o e onde est\u00e3o a maior parte das vagas de trabalho na Veracel:<\/p>\n<h3>Setor Florestal<\/h3>\n<p>Produ\u00e7\u00e3o sustent\u00e1vel de eucalipto com manejo certificado (FSC\u00ae C017612 e CERFLOR), abastecendo a f\u00e1brica com mat\u00e9ria-prima de alta qualidade para a produ\u00e7\u00e3o de celulose.<\/p>\n<p><a href=\"https:\/\/www.veracel.com.br\/como-e-trabalhar-na-veracel-na-area-florestal\/\" target=\"_blank\" rel=\"noopener\">Saiba como \u00e9 trabalhar no setor florestal da Veracel Celulose<\/a><\/p>\n<h3>Setor Industrial<\/h3>\n<p>F\u00e1brica com capacidade para 1,1 milh\u00e3o de toneladas\/ano de celulose, com tecnologia de ponta, foco na sustentabilidade e efici\u00eancia operacional.<\/p>\n<h3>Setor de Log\u00edstica<\/h3>\n<p>100% da celulose \u00e9 transportada da f\u00e1brica de forma inteligente at\u00e9 o Terminal Mar\u00edtimo de Belmonte. De l\u00e1 segue via barca\u00e7as at\u00e9 Portocel (Aracruz &#8211; ES) onde \u00e9 enviada para todo o mundo.<\/p>\n<h3>Setor Administrativo<\/h3>\n<p>Setores como Recursos Humanos, Tecnologia, Jur\u00eddico, Comunica\u00e7\u00e3o, Meio Ambiente, Suprimentos e mais \u2014 com foco em gest\u00e3o estrat\u00e9gica, pessoas e resultados.<\/p>\n<h2>Crescimento e forma\u00e7\u00e3o: Ciclo de Gente Veracel.<\/h2>\n<p><strong>A Veracel tem um modelo de gest\u00e3o de pessoas chamado <a href=\"https:\/\/www.veracel.com.br\/vagas\/\" target=\"_blank\" rel=\"noopener\">Ciclo de Gente<\/a>, que atua com:<\/strong><\/p>\n<ul>\n<li><strong>Gest\u00e3o de Clima Organizacional<\/strong><\/li>\n<li><strong>Avalia\u00e7\u00e3o de Performance<\/strong><\/li>\n<li><strong>Planos de Carreira e Sucess\u00e3o<\/strong><\/li>\n<li><strong>Educa\u00e7\u00e3o corporativa com foco no neg\u00f3cio e no ser humano<\/strong><\/li>\n<li><strong>Parcerias com institui\u00e7\u00f5es de ensino e capacita\u00e7\u00e3o locais<\/strong><\/li>\n<\/ul>\n<p>A empresa investe fortemente na forma\u00e7\u00e3o de talentos da regi\u00e3o, promovendo cursos t\u00e9cnicos e a\u00e7\u00f5es de capacita\u00e7\u00e3o continuada. <strong><em>Tudo isso integrado aos valores e prop\u00f3sito da Veracel: ser respons\u00e1vel, valorizar a vida e inspirar pessoas.<\/em><\/strong><\/p>\n<h2>Como se candidatar \u00e0s vagas da Veracel Celulose<\/h2>\n<p>Se voc\u00ea se identifica com os valores da Veracel e quer fazer parte de um time que atua com impacto positivo na sociedade e no meio ambiente, o primeiro passo \u00e9 acessar o nosso portal de vagas e se cadastrar:<\/p>\n<h5><a href=\"https:\/\/vemparaaveracel.gupy.io\/\" target=\"_blank\" rel=\"noopener\">\ud83d\udc49 Acesse agora e envie seu curr\u00edculo<\/a><\/h5>\n<h2>Sobre a Veracel Celulose<\/h2>\n<p>A Veracel Celulose \u00e9 uma empresa de bioeconomia que opera com integra\u00e7\u00e3o entre florestas, ind\u00fastria e log\u00edstica. Com produ\u00e7\u00e3o anual m\u00e9dia de 1,1 milh\u00e3o de toneladas de celulose, emprega mais de 3.200 profissionais pr\u00f3prios e terceiros e atua na Bahia. A empresa \u00e9 refer\u00eancia em sustentabilidade, inova\u00e7\u00e3o e responsabilidade social no setor florestal e industrial brasileiro.<\/p>\n<h5><a href=\"https:\/\/vemparaaveracel.gupy.io\/\" target=\"_blank\" rel=\"noopener\">Quer fazer parte dessa transforma\u00e7\u00e3o? Cadastre-se no portal de vagas da Veracel e acompanhe novas oportunidades.<\/a><\/h5>\n","protected":false},"excerpt":{"rendered":"<p>Se voc\u00ea est\u00e1 procurando pelas vagas da Veracel, trabalho em Eun\u00e1polis ou busca uma oportunidade de carreira na \u00e1rea florestal, industrial, log\u00edstica ou administrativa, esta pode ser sua chance de fazer parte de uma empresa reconhecida nacionalmente pela valoriza\u00e7\u00e3o das pessoas e pelo compromisso com a sustentabilidade. H\u00e1 sempre novas vagas de trabalho na Veracel [&hellip;]<\/p>\n","protected":false},"author":2,"featured_media":38816,"comment_status":"closed","ping_status":"closed","sticky":false,"template":"","format":"standard","meta":{"_acf_changed":false,"footnotes":"","_links_to":"","_links_to_target":""},"categories":[399],"tags":[],"class_list":["post-38810","post","type-post","status-publish","format-standard","has-post-thumbnail","hentry","category-trabalho-veracel"],"acf":[],"yoast_head":"<!-- This site is optimized with the Yoast SEO Premium plugin v26.7 (Yoast SEO v27.4) - https:\/\/yoast.com\/product\/yoast-seo-premium-wordpress\/ -->\n<title>Vagas da Veracel: Trabalhe em uma das Melhores Empresas na Bahia - Veracel Celulose<\/title>\n<meta name=\"description\" content=\"Se voc\u00ea est\u00e1 procurando as vagas da Veracel esta pode ser sua chance de fazer parte de uma empresa reconhecida.\" \/>\n<meta name=\"robots\" content=\"index, follow, max-snippet:-1, max-image-preview:large, max-video-preview:-1\" \/>\n<link rel=\"canonical\" href=\"https:\/\/www.veracel.com.br\/vagas-da-veracel\/\" \/>\n<meta property=\"og:locale\" content=\"en_US\" \/>\n<meta property=\"og:type\" content=\"article\" \/>\n<meta property=\"og:title\" content=\"Vagas da Veracel: Trabalhe em uma das Melhores Empresas na Bahia\" \/>\n<meta property=\"og:description\" content=\"Se voc\u00ea est\u00e1 procurando as vagas da Veracel esta pode ser sua chance de fazer parte de uma empresa reconhecida.\" \/>\n<meta property=\"og:url\" content=\"https:\/\/www.veracel.com.br\/vagas-da-veracel\/\" \/>\n<meta property=\"og:site_name\" content=\"Veracel Celulose\" \/>\n<meta property=\"article:published_time\" content=\"2025-04-03T18:19:56+00:00\" \/>\n<meta property=\"article:modified_time\" content=\"2025-04-03T18:29:37+00:00\" \/>\n<meta property=\"og:image\" content=\"https:\/\/www.veracel.com.br\/wp-content\/uploads\/2025\/04\/vagas-da-veracel-trabalhe-em-uma-das-Melhores-Empresas-na-Bahia.png\" \/>\n\t<meta property=\"og:image:width\" content=\"704\" \/>\n\t<meta property=\"og:image:height\" content=\"420\" \/>\n\t<meta property=\"og:image:type\" content=\"image\/png\" \/>\n<meta name=\"author\" content=\"saulo\" \/>\n<meta name=\"twitter:card\" content=\"summary_large_image\" \/>\n<meta name=\"twitter:label1\" content=\"Written by\" \/>\n\t<meta name=\"twitter:data1\" content=\"saulo\" \/>\n\t<meta name=\"twitter:label2\" content=\"Est. reading time\" \/>\n\t<meta name=\"twitter:data2\" content=\"4 minutes\" \/>\n<script type=\"application\/ld+json\" class=\"yoast-schema-graph\">{\"@context\":\"https:\\\/\\\/schema.org\",\"@graph\":[{\"@type\":\"WebPage\",\"@id\":\"https:\\\/\\\/www.veracel.com.br\\\/vagas-da-veracel\\\/\",\"url\":\"https:\\\/\\\/www.veracel.com.br\\\/vagas-da-veracel\\\/\",\"name\":\"Vagas da Veracel: Trabalhe em uma das Melhores Empresas na Bahia - Veracel Celulose\",\"isPartOf\":{\"@id\":\"https:\\\/\\\/www.veracel.com.br\\\/#website\"},\"primaryImageOfPage\":{\"@id\":\"https:\\\/\\\/www.veracel.com.br\\\/vagas-da-veracel\\\/#primaryimage\"},\"image\":{\"@id\":\"https:\\\/\\\/www.veracel.com.br\\\/vagas-da-veracel\\\/#primaryimage\"},\"thumbnailUrl\":\"https:\\\/\\\/www.veracel.com.br\\\/wp-content\\\/uploads\\\/2025\\\/04\\\/vagas-da-veracel-trabalhe-em-uma-das-Melhores-Empresas-na-Bahia.png\",\"datePublished\":\"2025-04-03T18:19:56+00:00\",\"dateModified\":\"2025-04-03T18:29:37+00:00\",\"description\":\"Se voc\u00ea est\u00e1 procurando as vagas da Veracel esta pode ser sua chance de fazer parte de uma empresa reconhecida.\",\"breadcrumb\":{\"@id\":\"https:\\\/\\\/www.veracel.com.br\\\/vagas-da-veracel\\\/#breadcrumb\"},\"inLanguage\":\"en-US\",\"potentialAction\":[{\"@type\":\"ReadAction\",\"target\":[\"https:\\\/\\\/www.veracel.com.br\\\/vagas-da-veracel\\\/\"]}]},{\"@type\":\"ImageObject\",\"inLanguage\":\"en-US\",\"@id\":\"https:\\\/\\\/www.veracel.com.br\\\/vagas-da-veracel\\\/#primaryimage\",\"url\":\"https:\\\/\\\/www.veracel.com.br\\\/wp-content\\\/uploads\\\/2025\\\/04\\\/vagas-da-veracel-trabalhe-em-uma-das-Melhores-Empresas-na-Bahia.png\",\"contentUrl\":\"https:\\\/\\\/www.veracel.com.br\\\/wp-content\\\/uploads\\\/2025\\\/04\\\/vagas-da-veracel-trabalhe-em-uma-das-Melhores-Empresas-na-Bahia.png\",\"width\":704,\"height\":420,\"caption\":\"Vagas da Veracel\"},{\"@type\":\"BreadcrumbList\",\"@id\":\"https:\\\/\\\/www.veracel.com.br\\\/vagas-da-veracel\\\/#breadcrumb\",\"itemListElement\":[{\"@type\":\"ListItem\",\"position\":1,\"name\":\"Home\",\"item\":\"https:\\\/\\\/www.veracel.com.br\\\/\"},{\"@type\":\"ListItem\",\"position\":2,\"name\":\"Trabalho na Veracel\",\"item\":\"https:\\\/\\\/www.veracel.com.br\\\/trabalho-na-veracel\\\/\"},{\"@type\":\"ListItem\",\"position\":3,\"name\":\"Vagas da Veracel: Trabalhe em uma das Melhores Empresas na Bahia\"}]},{\"@type\":\"WebSite\",\"@id\":\"https:\\\/\\\/www.veracel.com.br\\\/#website\",\"url\":\"https:\\\/\\\/www.veracel.com.br\\\/\",\"name\":\"Veracel Celulose\",\"description\":\"Quando crescemos juntos vamos muito mais longe\",\"publisher\":{\"@id\":\"https:\\\/\\\/www.veracel.com.br\\\/#organization\"},\"potentialAction\":[{\"@type\":\"SearchAction\",\"target\":{\"@type\":\"EntryPoint\",\"urlTemplate\":\"https:\\\/\\\/www.veracel.com.br\\\/?s={search_term_string}\"},\"query-input\":{\"@type\":\"PropertyValueSpecification\",\"valueRequired\":true,\"valueName\":\"search_term_string\"}}],\"inLanguage\":\"en-US\"},{\"@type\":\"Organization\",\"@id\":\"https:\\\/\\\/www.veracel.com.br\\\/#organization\",\"name\":\"Veracel Celulose\",\"url\":\"https:\\\/\\\/www.veracel.com.br\\\/\",\"logo\":{\"@type\":\"ImageObject\",\"inLanguage\":\"en-US\",\"@id\":\"https:\\\/\\\/www.veracel.com.br\\\/#\\\/schema\\\/logo\\\/image\\\/\",\"url\":\"https:\\\/\\\/www.veracel.com.br\\\/wp-content\\\/uploads\\\/2024\\\/08\\\/Ativo-1.png\",\"contentUrl\":\"https:\\\/\\\/www.veracel.com.br\\\/wp-content\\\/uploads\\\/2024\\\/08\\\/Ativo-1.png\",\"width\":400,\"height\":121,\"caption\":\"Veracel Celulose\"},\"image\":{\"@id\":\"https:\\\/\\\/www.veracel.com.br\\\/#\\\/schema\\\/logo\\\/image\\\/\"},\"sameAs\":[\"https:\\\/\\\/www.instagram.com\\\/veracelcelulose\",\"https:\\\/\\\/www.linkedin.com\\\/company\\\/veracelcelulose\\\/\",\"https:\\\/\\\/www.youtube.com\\\/user\\\/CanalVeracel\"]}]}<\/script>\n<!-- \/ Yoast SEO Premium plugin. -->","yoast_head_json":{"title":"Vagas da Veracel: Trabalhe em uma das Melhores Empresas na Bahia - Veracel Celulose","description":"Se voc\u00ea est\u00e1 procurando as vagas da Veracel esta pode ser sua chance de fazer parte de uma empresa reconhecida.","robots":{"index":"index","follow":"follow","max-snippet":"max-snippet:-1","max-image-preview":"max-image-preview:large","max-video-preview":"max-video-preview:-1"},"canonical":"https:\/\/www.veracel.com.br\/vagas-da-veracel\/","og_locale":"en_US","og_type":"article","og_title":"Vagas da Veracel: Trabalhe em uma das Melhores Empresas na Bahia","og_description":"Se voc\u00ea est\u00e1 procurando as vagas da Veracel esta pode ser sua chance de fazer parte de uma empresa reconhecida.","og_url":"https:\/\/www.veracel.com.br\/vagas-da-veracel\/","og_site_name":"Veracel Celulose","article_published_time":"2025-04-03T18:19:56+00:00","article_modified_time":"2025-04-03T18:29:37+00:00","og_image":[{"width":704,"height":420,"url":"https:\/\/www.veracel.com.br\/wp-content\/uploads\/2025\/04\/vagas-da-veracel-trabalhe-em-uma-das-Melhores-Empresas-na-Bahia.png","type":"image\/png"}],"author":"saulo","twitter_card":"summary_large_image","twitter_misc":{"Written by":"saulo","Est. reading time":"4 minutes"},"schema":{"@context":"https:\/\/schema.org","@graph":[{"@type":"WebPage","@id":"https:\/\/www.veracel.com.br\/vagas-da-veracel\/","url":"https:\/\/www.veracel.com.br\/vagas-da-veracel\/","name":"Vagas da Veracel: Trabalhe em uma das Melhores Empresas na Bahia - Veracel Celulose","isPartOf":{"@id":"https:\/\/www.veracel.com.br\/#website"},"primaryImageOfPage":{"@id":"https:\/\/www.veracel.com.br\/vagas-da-veracel\/#primaryimage"},"image":{"@id":"https:\/\/www.veracel.com.br\/vagas-da-veracel\/#primaryimage"},"thumbnailUrl":"https:\/\/www.veracel.com.br\/wp-content\/uploads\/2025\/04\/vagas-da-veracel-trabalhe-em-uma-das-Melhores-Empresas-na-Bahia.png","datePublished":"2025-04-03T18:19:56+00:00","dateModified":"2025-04-03T18:29:37+00:00","description":"Se voc\u00ea est\u00e1 procurando as vagas da Veracel esta pode ser sua chance de fazer parte de uma empresa reconhecida.","breadcrumb":{"@id":"https:\/\/www.veracel.com.br\/vagas-da-veracel\/#breadcrumb"},"inLanguage":"en-US","potentialAction":[{"@type":"ReadAction","target":["https:\/\/www.veracel.com.br\/vagas-da-veracel\/"]}]},{"@type":"ImageObject","inLanguage":"en-US","@id":"https:\/\/www.veracel.com.br\/vagas-da-veracel\/#primaryimage","url":"https:\/\/www.veracel.com.br\/wp-content\/uploads\/2025\/04\/vagas-da-veracel-trabalhe-em-uma-das-Melhores-Empresas-na-Bahia.png","contentUrl":"https:\/\/www.veracel.com.br\/wp-content\/uploads\/2025\/04\/vagas-da-veracel-trabalhe-em-uma-das-Melhores-Empresas-na-Bahia.png","width":704,"height":420,"caption":"Vagas da Veracel"},{"@type":"BreadcrumbList","@id":"https:\/\/www.veracel.com.br\/vagas-da-veracel\/#breadcrumb","itemListElement":[{"@type":"ListItem","position":1,"name":"Home","item":"https:\/\/www.veracel.com.br\/"},{"@type":"ListItem","position":2,"name":"Trabalho na Veracel","item":"https:\/\/www.veracel.com.br\/trabalho-na-veracel\/"},{"@type":"ListItem","position":3,"name":"Vagas da Veracel: Trabalhe em uma das Melhores Empresas na Bahia"}]},{"@type":"WebSite","@id":"https:\/\/www.veracel.com.br\/#website","url":"https:\/\/www.veracel.com.br\/","name":"Veracel Celulose","description":"Quando crescemos juntos vamos muito mais longe","publisher":{"@id":"https:\/\/www.veracel.com.br\/#organization"},"potentialAction":[{"@type":"SearchAction","target":{"@type":"EntryPoint","urlTemplate":"https:\/\/www.veracel.com.br\/?s={search_term_string}"},"query-input":{"@type":"PropertyValueSpecification","valueRequired":true,"valueName":"search_term_string"}}],"inLanguage":"en-US"},{"@type":"Organization","@id":"https:\/\/www.veracel.com.br\/#organization","name":"Veracel Celulose","url":"https:\/\/www.veracel.com.br\/","logo":{"@type":"ImageObject","inLanguage":"en-US","@id":"https:\/\/www.veracel.com.br\/#\/schema\/logo\/image\/","url":"https:\/\/www.veracel.com.br\/wp-content\/uploads\/2024\/08\/Ativo-1.png","contentUrl":"https:\/\/www.veracel.com.br\/wp-content\/uploads\/2024\/08\/Ativo-1.png","width":400,"height":121,"caption":"Veracel Celulose"},"image":{"@id":"https:\/\/www.veracel.com.br\/#\/schema\/logo\/image\/"},"sameAs":["https:\/\/www.instagram.com\/veracelcelulose","https:\/\/www.linkedin.com\/company\/veracelcelulose\/","https:\/\/www.youtube.com\/user\/CanalVeracel"]}]}},"_links":{"self":[{"href":"https:\/\/www.veracel.com.br\/en\/wp-json\/wp\/v2\/posts\/38810","targetHints":{"allow":["GET"]}}],"collection":[{"href":"https:\/\/www.veracel.com.br\/en\/wp-json\/wp\/v2\/posts"}],"about":[{"href":"https:\/\/www.veracel.com.br\/en\/wp-json\/wp\/v2\/types\/post"}],"author":[{"embeddable":true,"href":"https:\/\/www.veracel.com.br\/en\/wp-json\/wp\/v2\/users\/2"}],"replies":[{"embeddable":true,"href":"https:\/\/www.veracel.com.br\/en\/wp-json\/wp\/v2\/comments?post=38810"}],"version-history":[{"count":4,"href":"https:\/\/www.veracel.com.br\/en\/wp-json\/wp\/v2\/posts\/38810\/revisions"}],"predecessor-version":[{"id":38820,"href":"https:\/\/www.veracel.com.br\/en\/wp-json\/wp\/v2\/posts\/38810\/revisions\/38820"}],"wp:featuredmedia":[{"embeddable":true,"href":"https:\/\/www.veracel.com.br\/en\/wp-json\/wp\/v2\/media\/38816"}],"wp:attachment":[{"href":"https:\/\/www.veracel.com.br\/en\/wp-json\/wp\/v2\/media?parent=38810"}],"wp:term":[{"taxonomy":"category","embeddable":true,"href":"https:\/\/www.veracel.com.br\/en\/wp-json\/wp\/v2\/categories?post=38810"},{"taxonomy":"post_tag","embeddable":true,"href":"https:\/\/www.veracel.com.br\/en\/wp-json\/wp\/v2\/tags?post=38810"}],"curies":[{"name":"wp","href":"https:\/\/api.w.org\/{rel}","templated":true}]}}