{"id":39824,"date":"2025-05-14T14:31:59","date_gmt":"2025-05-14T17:31:59","guid":{"rendered":"https:\/\/www.veracel.com.br\/?p=39824"},"modified":"2025-05-14T14:31:59","modified_gmt":"2025-05-14T17:31:59","slug":"veracel-e-reconhecida-pela-great-place-to-work-entre-as-melhores-empresas-do-agronegocio-no-brasil","status":"publish","type":"post","link":"https:\/\/www.veracel.com.br\/en\/veracel-e-reconhecida-pela-great-place-to-work-entre-as-melhores-empresas-do-agronegocio-no-brasil\/","title":{"rendered":"Veracel \u00e9 reconhecida pela Great Place to Work entre as melhores empresas do agroneg\u00f3cio no Brasil"},"content":{"rendered":"<p><em>Com atua\u00e7\u00e3o no agro de base florestal, a Veracel se destaca no GPTW por criar um ambiente de trabalho que valoriza a inclus\u00e3o, o bem-estar e a sustentabilidade.<\/em><\/p>\n<p>A Veracel Celulose acaba de ser reconhecida como uma das melhores empresas para se trabalhar no agroneg\u00f3cio brasileiro, segundo o ranking 2025 da consultoria Great Place to Work (GPTW). A companhia conquistou 19\u00aa coloca\u00e7\u00e3o entre as organiza\u00e7\u00f5es premiadas, em evento realizado ontem (13), em S\u00e3o Paulo.<\/p>\n<p>O reconhecimento consolida o compromisso da Veracel com a constru\u00e7\u00e3o de um ambiente de trabalho de excel\u00eancia, justo, inclusivo e focado no bem-estar dos seus colaboradores.<\/p>\n<blockquote><p>&#8220;A certifica\u00e7\u00e3o GPTW \u00e9 mais do que um reconhecimento, \u00e9 uma ferramenta essencial para nossa melhoria cont\u00ednua. Sabemos que a excel\u00eancia \u00e9 um processo constante e este pr\u00eamio nos fortalece ainda mais na miss\u00e3o de valorizar nossos colaboradores e criar um ambiente de trabalho onde todas as pessoas possam se desenvolver&#8221;, afirma Cristiane Mendes de Mello, gerente de Gente e Cuidado da Veracel.<\/p><\/blockquote>\n<p>A participa\u00e7\u00e3o no ranking da GPTW exige certifica\u00e7\u00e3o pr\u00e9via, obtida por meio de uma pesquisa de clima organizacional aplicada entre os colaboradores. A <strong><a href=\"https:\/\/www.veracel.com.br\/veracel-conquista-pela-setima-vez-consecutiva-a-certificacao-great-place-to-work-gptw\/\">Veracel foi certificada pelo s\u00e9timo ano consecutivo em 2024<\/a><\/strong>, com alta ades\u00e3o de seus times \u00e0 pesquisa de clima realizada no mesmo ano.<\/p>\n<p>&nbsp;<\/p>\n<h2>Veracel se destaca no GPTW 2025 com foco em inclus\u00e3o e bem-estar<\/h2>\n<p>Entre os destaques da gest\u00e3o de pessoas da empresa est\u00e3o programas voltados \u00e0 diversidade e inclus\u00e3o, como o Programa Mentoria Pessoas Pretas, o Programa Despertar, o Programa de Lideran\u00e7a Feminina e um Canal de Den\u00fancias espec\u00edfico para casos de viol\u00eancia contra a mulher, operado integralmente por uma equipe feminina.<\/p>\n<p>A Veracel tamb\u00e9m \u00e9 refer\u00eancia no cuidado com as pessoas e oferece uma extensa lista de benef\u00edcios focados no bem-estar. O pacote \u00e9 estruturado para acompanhar diferentes momentos da vida das pessoas, com iniciativas que promovem sa\u00fade f\u00edsica, mental, emocional e apoio social. Entre os principais benef\u00edcios est\u00e3o o programa completo de bem-estar (com suporte psicol\u00f3gico, jur\u00eddico e nutricional), plano de sa\u00fade, aux\u00edlio para colaboradores com filhos(as) com defici\u00eancia ou doen\u00e7as raras, kit beb\u00ea e kit mam\u00e3e, consultoria financeira, sala de conex\u00e3o materna, licen\u00e7as estendidas para maternidade, paternidade e ado\u00e7\u00e3o, al\u00e9m de programas que acolhem profissionais em retorno de afastamento.<\/p>\n<p>&nbsp;<\/p>\n<h2>Ambiente de trabalho que valoriza cada pessoa<\/h2>\n<p>Essas e outras iniciativas fazem parte de uma cultura de cuidado em que cada pessoa importa. Um ambiente onde \u00e9 poss\u00edvel ser quem se \u00e9, encontrar apoio e crescer com prop\u00f3sito. Al\u00e9m disso, a Veracel promove eventos que fortalecem os la\u00e7os entre colaboradores(as) e suas fam\u00edlias. Um exemplo \u00e9 a &#8220;<strong><a href=\"https:\/\/www.veracel.com.br\/veracel-realiza-a-segunda-edicao-da-corrida-vera-running\/\">Vera Running&#8221;, corrida e caminhada de rua realizada em Eun\u00e1polis<\/a><\/strong> (BA), que re\u00fane colaboradores(as), familiares e a comunidade local. Em sua segunda edi\u00e7\u00e3o, o evento contou com a participa\u00e7\u00e3o de cerca de 650 pessoas e arrecadou aproximadamente quatro toneladas de alimentos para institui\u00e7\u00f5es beneficentes da regi\u00e3o.<\/p>\n<p>Durante o M\u00eas da Fam\u00edlia, celebrado em outubro, a empresa organiza uma s\u00e9rie de atividades voltadas para a sa\u00fade, bem-estar e integra\u00e7\u00e3o, como torneios esportivos e visitas \u00e0 Reserva Particular do Patrim\u00f4nio Natural (RPPN) Esta\u00e7\u00e3o Veracel.<\/p>\n<p>&nbsp;<\/p>\n<h2>Reconhecimento regional e nacional<\/h2>\n<p>Al\u00e9m do destaque no Agroneg\u00f3cio, a Veracel integrou o ranking nacional da GPTW de 2024 como uma das <strong><a href=\"https:\/\/www.veracel.com.br\/veracel-e-reconhecida-como-uma-das-cinquenta-melhores-empresas-para-trabalhar-no-brasil-no-segmento-de-industria-segundo-o-ranking-gptw\/\">cinquenta Melhores Empresas para Trabalhar no Brasil<\/a><\/strong> na categoria Ind\u00fastria e como uma das tr\u00eas melhores empresas para trabalhar na Bahia.<\/p>\n<p>&nbsp;<\/p>\n<p>&nbsp;<\/p>\n","protected":false},"excerpt":{"rendered":"<p>Com atua\u00e7\u00e3o no agro de base florestal, a Veracel se destaca no GPTW por criar um ambiente de trabalho que valoriza a inclus\u00e3o, o bem-estar e a sustentabilidade. A Veracel Celulose acaba de ser reconhecida como uma das melhores empresas para se trabalhar no agroneg\u00f3cio brasileiro, segundo o ranking 2025 da consultoria Great Place to [&hellip;]<\/p>\n","protected":false},"author":2,"featured_media":39825,"comment_status":"closed","ping_status":"closed","sticky":false,"template":"","format":"standard","meta":{"_acf_changed":false,"footnotes":"","_links_to":"","_links_to_target":""},"categories":[271,211],"tags":[],"class_list":["post-39824","post","type-post","status-publish","format-standard","has-post-thumbnail","hentry","category-a-veracel","category-noticias"],"acf":[],"yoast_head":"<!-- This site is optimized with the Yoast SEO Premium plugin v26.7 (Yoast SEO v27.4) - https:\/\/yoast.com\/product\/yoast-seo-premium-wordpress\/ -->\n<title>Veracel \u00e9 destaque no GPTW 2025 entre as melhores do agro<\/title>\n<meta name=\"description\" content=\"Veracel \u00e9 reconhecida no ranking GPTW 2025 entre as melhores empresas para se trabalhar no agroneg\u00f3cio no Brasil.\" \/>\n<meta name=\"robots\" content=\"index, follow, max-snippet:-1, max-image-preview:large, max-video-preview:-1\" \/>\n<link rel=\"canonical\" href=\"https:\/\/www.veracel.com.br\/veracel-e-reconhecida-pela-great-place-to-work-entre-as-melhores-empresas-do-agronegocio-no-brasil\/\" \/>\n<meta property=\"og:locale\" content=\"en_US\" \/>\n<meta property=\"og:type\" content=\"article\" \/>\n<meta property=\"og:title\" content=\"Veracel \u00e9 reconhecida pela Great Place to Work entre as melhores empresas do agroneg\u00f3cio no Brasil\" \/>\n<meta property=\"og:description\" content=\"Veracel \u00e9 reconhecida no ranking GPTW 2025 entre as melhores empresas para se trabalhar no agroneg\u00f3cio no Brasil.\" \/>\n<meta property=\"og:url\" content=\"https:\/\/www.veracel.com.br\/veracel-e-reconhecida-pela-great-place-to-work-entre-as-melhores-empresas-do-agronegocio-no-brasil\/\" \/>\n<meta property=\"og:site_name\" content=\"Veracel Celulose\" \/>\n<meta property=\"article:published_time\" content=\"2025-05-14T17:31:59+00:00\" \/>\n<meta property=\"og:image\" content=\"https:\/\/www.veracel.com.br\/wp-content\/uploads\/2025\/05\/gptw-agro-veracel-celulose.jpg\" \/>\n\t<meta property=\"og:image:width\" content=\"1200\" \/>\n\t<meta property=\"og:image:height\" content=\"1212\" \/>\n\t<meta property=\"og:image:type\" content=\"image\/jpeg\" \/>\n<meta name=\"author\" content=\"saulo\" \/>\n<meta name=\"twitter:card\" content=\"summary_large_image\" \/>\n<meta name=\"twitter:label1\" content=\"Written by\" \/>\n\t<meta name=\"twitter:data1\" content=\"saulo\" \/>\n\t<meta name=\"twitter:label2\" content=\"Est. reading time\" \/>\n\t<meta name=\"twitter:data2\" content=\"3 minutes\" \/>\n<script type=\"application\/ld+json\" class=\"yoast-schema-graph\">{\"@context\":\"https:\\\/\\\/schema.org\",\"@graph\":[{\"@type\":\"WebPage\",\"@id\":\"https:\\\/\\\/www.veracel.com.br\\\/veracel-e-reconhecida-pela-great-place-to-work-entre-as-melhores-empresas-do-agronegocio-no-brasil\\\/\",\"url\":\"https:\\\/\\\/www.veracel.com.br\\\/veracel-e-reconhecida-pela-great-place-to-work-entre-as-melhores-empresas-do-agronegocio-no-brasil\\\/\",\"name\":\"Veracel \u00e9 destaque no GPTW 2025 entre as melhores do agro\",\"isPartOf\":{\"@id\":\"https:\\\/\\\/www.veracel.com.br\\\/#website\"},\"primaryImageOfPage\":{\"@id\":\"https:\\\/\\\/www.veracel.com.br\\\/veracel-e-reconhecida-pela-great-place-to-work-entre-as-melhores-empresas-do-agronegocio-no-brasil\\\/#primaryimage\"},\"image\":{\"@id\":\"https:\\\/\\\/www.veracel.com.br\\\/veracel-e-reconhecida-pela-great-place-to-work-entre-as-melhores-empresas-do-agronegocio-no-brasil\\\/#primaryimage\"},\"thumbnailUrl\":\"https:\\\/\\\/www.veracel.com.br\\\/wp-content\\\/uploads\\\/2025\\\/05\\\/gptw-agro-veracel-celulose.jpg\",\"datePublished\":\"2025-05-14T17:31:59+00:00\",\"description\":\"Veracel \u00e9 reconhecida no ranking GPTW 2025 entre as melhores empresas para se trabalhar no agroneg\u00f3cio no Brasil.\",\"breadcrumb\":{\"@id\":\"https:\\\/\\\/www.veracel.com.br\\\/veracel-e-reconhecida-pela-great-place-to-work-entre-as-melhores-empresas-do-agronegocio-no-brasil\\\/#breadcrumb\"},\"inLanguage\":\"en-US\",\"potentialAction\":[{\"@type\":\"ReadAction\",\"target\":[\"https:\\\/\\\/www.veracel.com.br\\\/veracel-e-reconhecida-pela-great-place-to-work-entre-as-melhores-empresas-do-agronegocio-no-brasil\\\/\"]}]},{\"@type\":\"ImageObject\",\"inLanguage\":\"en-US\",\"@id\":\"https:\\\/\\\/www.veracel.com.br\\\/veracel-e-reconhecida-pela-great-place-to-work-entre-as-melhores-empresas-do-agronegocio-no-brasil\\\/#primaryimage\",\"url\":\"https:\\\/\\\/www.veracel.com.br\\\/wp-content\\\/uploads\\\/2025\\\/05\\\/gptw-agro-veracel-celulose.jpg\",\"contentUrl\":\"https:\\\/\\\/www.veracel.com.br\\\/wp-content\\\/uploads\\\/2025\\\/05\\\/gptw-agro-veracel-celulose.jpg\",\"width\":1200,\"height\":1212},{\"@type\":\"BreadcrumbList\",\"@id\":\"https:\\\/\\\/www.veracel.com.br\\\/veracel-e-reconhecida-pela-great-place-to-work-entre-as-melhores-empresas-do-agronegocio-no-brasil\\\/#breadcrumb\",\"itemListElement\":[{\"@type\":\"ListItem\",\"position\":1,\"name\":\"Home\",\"item\":\"https:\\\/\\\/www.veracel.com.br\\\/\"},{\"@type\":\"ListItem\",\"position\":2,\"name\":\"Not\u00edcias\",\"item\":\"https:\\\/\\\/www.veracel.com.br\\\/noticias\\\/\"},{\"@type\":\"ListItem\",\"position\":3,\"name\":\"Veracel \u00e9 reconhecida pela Great Place to Work entre as melhores empresas do agroneg\u00f3cio no Brasil\"}]},{\"@type\":\"WebSite\",\"@id\":\"https:\\\/\\\/www.veracel.com.br\\\/#website\",\"url\":\"https:\\\/\\\/www.veracel.com.br\\\/\",\"name\":\"Veracel Celulose\",\"description\":\"Quando crescemos juntos vamos muito mais longe\",\"publisher\":{\"@id\":\"https:\\\/\\\/www.veracel.com.br\\\/#organization\"},\"potentialAction\":[{\"@type\":\"SearchAction\",\"target\":{\"@type\":\"EntryPoint\",\"urlTemplate\":\"https:\\\/\\\/www.veracel.com.br\\\/?s={search_term_string}\"},\"query-input\":{\"@type\":\"PropertyValueSpecification\",\"valueRequired\":true,\"valueName\":\"search_term_string\"}}],\"inLanguage\":\"en-US\"},{\"@type\":\"Organization\",\"@id\":\"https:\\\/\\\/www.veracel.com.br\\\/#organization\",\"name\":\"Veracel Celulose\",\"url\":\"https:\\\/\\\/www.veracel.com.br\\\/\",\"logo\":{\"@type\":\"ImageObject\",\"inLanguage\":\"en-US\",\"@id\":\"https:\\\/\\\/www.veracel.com.br\\\/#\\\/schema\\\/logo\\\/image\\\/\",\"url\":\"https:\\\/\\\/www.veracel.com.br\\\/wp-content\\\/uploads\\\/2024\\\/08\\\/Ativo-1.png\",\"contentUrl\":\"https:\\\/\\\/www.veracel.com.br\\\/wp-content\\\/uploads\\\/2024\\\/08\\\/Ativo-1.png\",\"width\":400,\"height\":121,\"caption\":\"Veracel Celulose\"},\"image\":{\"@id\":\"https:\\\/\\\/www.veracel.com.br\\\/#\\\/schema\\\/logo\\\/image\\\/\"},\"sameAs\":[\"https:\\\/\\\/www.instagram.com\\\/veracelcelulose\",\"https:\\\/\\\/www.linkedin.com\\\/company\\\/veracelcelulose\\\/\",\"https:\\\/\\\/www.youtube.com\\\/user\\\/CanalVeracel\"]}]}<\/script>\n<!-- \/ Yoast SEO Premium plugin. -->","yoast_head_json":{"title":"Veracel \u00e9 destaque no GPTW 2025 entre as melhores do agro","description":"Veracel \u00e9 reconhecida no ranking GPTW 2025 entre as melhores empresas para se trabalhar no agroneg\u00f3cio no Brasil.","robots":{"index":"index","follow":"follow","max-snippet":"max-snippet:-1","max-image-preview":"max-image-preview:large","max-video-preview":"max-video-preview:-1"},"canonical":"https:\/\/www.veracel.com.br\/veracel-e-reconhecida-pela-great-place-to-work-entre-as-melhores-empresas-do-agronegocio-no-brasil\/","og_locale":"en_US","og_type":"article","og_title":"Veracel \u00e9 reconhecida pela Great Place to Work entre as melhores empresas do agroneg\u00f3cio no Brasil","og_description":"Veracel \u00e9 reconhecida no ranking GPTW 2025 entre as melhores empresas para se trabalhar no agroneg\u00f3cio no Brasil.","og_url":"https:\/\/www.veracel.com.br\/veracel-e-reconhecida-pela-great-place-to-work-entre-as-melhores-empresas-do-agronegocio-no-brasil\/","og_site_name":"Veracel Celulose","article_published_time":"2025-05-14T17:31:59+00:00","og_image":[{"width":1200,"height":1212,"url":"https:\/\/www.veracel.com.br\/wp-content\/uploads\/2025\/05\/gptw-agro-veracel-celulose.jpg","type":"image\/jpeg"}],"author":"saulo","twitter_card":"summary_large_image","twitter_misc":{"Written by":"saulo","Est. reading time":"3 minutes"},"schema":{"@context":"https:\/\/schema.org","@graph":[{"@type":"WebPage","@id":"https:\/\/www.veracel.com.br\/veracel-e-reconhecida-pela-great-place-to-work-entre-as-melhores-empresas-do-agronegocio-no-brasil\/","url":"https:\/\/www.veracel.com.br\/veracel-e-reconhecida-pela-great-place-to-work-entre-as-melhores-empresas-do-agronegocio-no-brasil\/","name":"Veracel \u00e9 destaque no GPTW 2025 entre as melhores do agro","isPartOf":{"@id":"https:\/\/www.veracel.com.br\/#website"},"primaryImageOfPage":{"@id":"https:\/\/www.veracel.com.br\/veracel-e-reconhecida-pela-great-place-to-work-entre-as-melhores-empresas-do-agronegocio-no-brasil\/#primaryimage"},"image":{"@id":"https:\/\/www.veracel.com.br\/veracel-e-reconhecida-pela-great-place-to-work-entre-as-melhores-empresas-do-agronegocio-no-brasil\/#primaryimage"},"thumbnailUrl":"https:\/\/www.veracel.com.br\/wp-content\/uploads\/2025\/05\/gptw-agro-veracel-celulose.jpg","datePublished":"2025-05-14T17:31:59+00:00","description":"Veracel \u00e9 reconhecida no ranking GPTW 2025 entre as melhores empresas para se trabalhar no agroneg\u00f3cio no Brasil.","breadcrumb":{"@id":"https:\/\/www.veracel.com.br\/veracel-e-reconhecida-pela-great-place-to-work-entre-as-melhores-empresas-do-agronegocio-no-brasil\/#breadcrumb"},"inLanguage":"en-US","potentialAction":[{"@type":"ReadAction","target":["https:\/\/www.veracel.com.br\/veracel-e-reconhecida-pela-great-place-to-work-entre-as-melhores-empresas-do-agronegocio-no-brasil\/"]}]},{"@type":"ImageObject","inLanguage":"en-US","@id":"https:\/\/www.veracel.com.br\/veracel-e-reconhecida-pela-great-place-to-work-entre-as-melhores-empresas-do-agronegocio-no-brasil\/#primaryimage","url":"https:\/\/www.veracel.com.br\/wp-content\/uploads\/2025\/05\/gptw-agro-veracel-celulose.jpg","contentUrl":"https:\/\/www.veracel.com.br\/wp-content\/uploads\/2025\/05\/gptw-agro-veracel-celulose.jpg","width":1200,"height":1212},{"@type":"BreadcrumbList","@id":"https:\/\/www.veracel.com.br\/veracel-e-reconhecida-pela-great-place-to-work-entre-as-melhores-empresas-do-agronegocio-no-brasil\/#breadcrumb","itemListElement":[{"@type":"ListItem","position":1,"name":"Home","item":"https:\/\/www.veracel.com.br\/"},{"@type":"ListItem","position":2,"name":"Not\u00edcias","item":"https:\/\/www.veracel.com.br\/noticias\/"},{"@type":"ListItem","position":3,"name":"Veracel \u00e9 reconhecida pela Great Place to Work entre as melhores empresas do agroneg\u00f3cio no Brasil"}]},{"@type":"WebSite","@id":"https:\/\/www.veracel.com.br\/#website","url":"https:\/\/www.veracel.com.br\/","name":"Veracel Celulose","description":"Quando crescemos juntos vamos muito mais longe","publisher":{"@id":"https:\/\/www.veracel.com.br\/#organization"},"potentialAction":[{"@type":"SearchAction","target":{"@type":"EntryPoint","urlTemplate":"https:\/\/www.veracel.com.br\/?s={search_term_string}"},"query-input":{"@type":"PropertyValueSpecification","valueRequired":true,"valueName":"search_term_string"}}],"inLanguage":"en-US"},{"@type":"Organization","@id":"https:\/\/www.veracel.com.br\/#organization","name":"Veracel Celulose","url":"https:\/\/www.veracel.com.br\/","logo":{"@type":"ImageObject","inLanguage":"en-US","@id":"https:\/\/www.veracel.com.br\/#\/schema\/logo\/image\/","url":"https:\/\/www.veracel.com.br\/wp-content\/uploads\/2024\/08\/Ativo-1.png","contentUrl":"https:\/\/www.veracel.com.br\/wp-content\/uploads\/2024\/08\/Ativo-1.png","width":400,"height":121,"caption":"Veracel Celulose"},"image":{"@id":"https:\/\/www.veracel.com.br\/#\/schema\/logo\/image\/"},"sameAs":["https:\/\/www.instagram.com\/veracelcelulose","https:\/\/www.linkedin.com\/company\/veracelcelulose\/","https:\/\/www.youtube.com\/user\/CanalVeracel"]}]}},"_links":{"self":[{"href":"https:\/\/www.veracel.com.br\/en\/wp-json\/wp\/v2\/posts\/39824","targetHints":{"allow":["GET"]}}],"collection":[{"href":"https:\/\/www.veracel.com.br\/en\/wp-json\/wp\/v2\/posts"}],"about":[{"href":"https:\/\/www.veracel.com.br\/en\/wp-json\/wp\/v2\/types\/post"}],"author":[{"embeddable":true,"href":"https:\/\/www.veracel.com.br\/en\/wp-json\/wp\/v2\/users\/2"}],"replies":[{"embeddable":true,"href":"https:\/\/www.veracel.com.br\/en\/wp-json\/wp\/v2\/comments?post=39824"}],"version-history":[{"count":1,"href":"https:\/\/www.veracel.com.br\/en\/wp-json\/wp\/v2\/posts\/39824\/revisions"}],"predecessor-version":[{"id":39827,"href":"https:\/\/www.veracel.com.br\/en\/wp-json\/wp\/v2\/posts\/39824\/revisions\/39827"}],"wp:featuredmedia":[{"embeddable":true,"href":"https:\/\/www.veracel.com.br\/en\/wp-json\/wp\/v2\/media\/39825"}],"wp:attachment":[{"href":"https:\/\/www.veracel.com.br\/en\/wp-json\/wp\/v2\/media?parent=39824"}],"wp:term":[{"taxonomy":"category","embeddable":true,"href":"https:\/\/www.veracel.com.br\/en\/wp-json\/wp\/v2\/categories?post=39824"},{"taxonomy":"post_tag","embeddable":true,"href":"https:\/\/www.veracel.com.br\/en\/wp-json\/wp\/v2\/tags?post=39824"}],"curies":[{"name":"wp","href":"https:\/\/api.w.org\/{rel}","templated":true}]}}