{"id":39847,"date":"2025-05-16T15:11:03","date_gmt":"2025-05-16T18:11:03","guid":{"rendered":"https:\/\/www.veracel.com.br\/?p=39847"},"modified":"2025-05-16T15:15:05","modified_gmt":"2025-05-16T18:15:05","slug":"veracel-celulose-celebra-20-anos-de-sua-fabrica-em-eunapolis","status":"publish","type":"post","link":"https:\/\/www.veracel.com.br\/en\/veracel-celulose-celebra-20-anos-de-sua-fabrica-em-eunapolis\/","title":{"rendered":"Veracel Celulose celebra 20 anos de sua f\u00e1brica em Eun\u00e1polis e destaca impacto da ind\u00fastria no desenvolvimento regional"},"content":{"rendered":"<p><em>Levantamento da FIEB aponta que a instala\u00e7\u00e3o da f\u00e1brica da Veracel foi decisiva para o avan\u00e7o econ\u00f4mico e social do Sul da Bahia, evidenciando o papel da ind\u00fastria no desenvolvimento de pequenos e m\u00e9dios munic\u00edpios.<\/em><\/p>\n<p>&nbsp;<\/p>\n<p>A Veracel Celulose comemora, neste m\u00eas de maio, 20 anos de opera\u00e7\u00e3o industrial em Eun\u00e1polis, cidade localizada no extremo sul da Bahia. A data \u00e9 simb\u00f3lica n\u00e3o apenas pelo marco da trajet\u00f3ria da empresa, mas tamb\u00e9m por representar duas d\u00e9cadas de transforma\u00e7\u00e3o social, econ\u00f4mica e ambiental para a regi\u00e3o. A celebra\u00e7\u00e3o acontece em pleno M\u00eas da Ind\u00fastria, refor\u00e7ando o papel estrat\u00e9gico do setor industrial para o desenvolvimento de cidades pequenas e m\u00e9dias.<\/p>\n<p>&nbsp;<\/p>\n<p><iframe title=\"YouTube video player\" src=\"https:\/\/www.youtube.com\/embed\/3--BqfJDAKQ?si=x3LtxXN_LDJyuWmq\" width=\"560\" height=\"315\" frameborder=\"0\" allowfullscreen=\"allowfullscreen\"><\/iframe><\/p>\n<p>&nbsp;<\/p>\n<h2>Consolida\u00e7\u00e3o da f\u00e1brica como vetor de crescimento no Sul da Bahia<\/h2>\n<p>Instalada a aproximadamente 650 km da capital Salvador e 60 km de Porto Seguro, a f\u00e1brica da Veracel se consolidou como um dos principais vetores de crescimento econ\u00f4mico do Sul da Bahia desde a sua inaugura\u00e7\u00e3o, em 2005. Desde ent\u00e3o, a unidade vem promovendo oportunidades de emprego, movimenta\u00e7\u00e3o da cadeia produtiva local e gera\u00e7\u00e3o de renda para milhares de fam\u00edlias. dados comprovam o poder de transforma\u00e7\u00e3o da instala\u00e7\u00e3o de uma ind\u00fastria estruturada e sustent\u00e1vel em munic\u00edpios de m\u00e9dio porte.<\/p>\n<p>De acordo com estudo da Federa\u00e7\u00e3o das Ind\u00fastrias do Estado da Bahia (FIEB), em apenas tr\u00eas anos ap\u00f3s o in\u00edcio das opera\u00e7\u00f5es (2008), o impacto da companhia foi expressivo: o PIB de Eun\u00e1polis cresceu 76,1%, superando a m\u00e9dia estadual de 42,7% da \u00e9poca; a ind\u00fastria local expandiu 267%, mais que o dobro da m\u00e9dia da Bahia; o emprego total cresceu 94,4% e a popula\u00e7\u00e3o do munic\u00edpio aumentou 19,1% no per\u00edodo, quase o triplo da m\u00e9dia estadual.<\/p>\n<p>&nbsp;<\/p>\n<h2>Efeito multiplicador da ind\u00fastria de base florestal<\/h2>\n<p>Ainda sobre a gera\u00e7\u00e3o de empregos, o levantamento da Ind\u00fastria Brasileira de \u00c1rvores (Ib\u00e1) refor\u00e7a que, para cada pessoa empregada diretamente nesse setor, s\u00e3o criados outros 5,3 postos de trabalho ao longo das cadeias produtivas que utilizam insumos ou produtos de origem florestal. Esse efeito multiplicador resulta em um total estimado de 3,7 milh\u00f5es de empregos indiretos no pa\u00eds, demonstrando como opera\u00e7\u00f5es como a da Veracel influenciam positivamente n\u00e3o apenas o munic\u00edpio sede de sua f\u00e1brica, mas tamb\u00e9m diversas regi\u00f5es conectadas \u00e0 sua cadeia produtiva.<\/p>\n<p>Ainda segundo o estudo, ap\u00f3s a inaugura\u00e7\u00e3o da f\u00e1brica da Veracel em Eun\u00e1polis, em 2008, a participa\u00e7\u00e3o de Eun\u00e1polis no total do PIB baiano aumentou 22,4%. J\u00e1 o PIB per capita teve alta de 58%, tamb\u00e9m superior \u00e0 m\u00e9dia estadual, que foi de 31,5%, com a participa\u00e7\u00e3o no PIB per capita do estado passando de 1,15% em 2002 para 1,38% em 2008 \u2014 crescimento de 20,2%. No mercado de trabalho, os impactos foram igualmente expressivos: a participa\u00e7\u00e3o do munic\u00edpio no emprego total da Bahia subiu de 0,7% para 0,96%, alta de 38,1%. O n\u00famero de empregados na ind\u00fastria cresceu 279% nesse intervalo, enquanto a m\u00e9dia de crescimento estadual foi de 57,3%. A fatia de Eun\u00e1polis no total de empregos industriais da Bahia passou de 0,4% para 0,92%, um salto de 130%.<\/p>\n<p>Outro exemplo do impacto de opera\u00e7\u00f5es industriais em cidades de pequeno e m\u00e9dio porte s\u00e3o as paradas gerais \u2014 manuten\u00e7\u00f5es programadas e obrigat\u00f3rias por lei \u2014 que movimentam intensamente a economia local. Durante esses per\u00edodos, a cidade recebe profissionais de diversas regi\u00f5es, o que aquece setores como restaurantes, hospedagem, transporte e a contrata\u00e7\u00e3o de m\u00e3o de obra tempor\u00e1ria. Somente em sua \u00faltima Parada Geral, realizada em 2024, a Veracel injetou mais de R$ 11 milh\u00f5es na economia local ao longo de cerca de 10 dias de atividades.<\/p>\n<p>Ainda segundo o levantamento realizado pelo Observat\u00f3rio da FIEB, \u201cos resultados apresentados indicam impactos significativos sobre a economia de Eun\u00e1polis com a instala\u00e7\u00e3o da f\u00e1brica de celulose da Veracel. A eleva\u00e7\u00e3o do PIB, PIB per capita, emprego e popula\u00e7\u00e3o do munic\u00edpio, ambos acima da m\u00e9dia baiana ap\u00f3s a inaugura\u00e7\u00e3o da planta, refletem claramente os efeitos positivos dessa instala\u00e7\u00e3o. Al\u00e9m disso, esses impactos certamente se estenderam para v\u00e1rios outros munic\u00edpios da regi\u00e3o, aproveitando os efeitos multiplicadores de renda gerados pela opera\u00e7\u00e3o da f\u00e1brica. A implanta\u00e7\u00e3o da Veracel em Eun\u00e1polis impulsionou o desenvolvimento econ\u00f4mico, influenciando a economia regional, com o aumento da circula\u00e7\u00e3o de recursos e a cria\u00e7\u00e3o de novas oportunidades de emprego e renda\u201d, conclui a an\u00e1lise.<\/p>\n<p>&nbsp;<\/p>\n<h2>Compromisso com o territ\u00f3rio e desenvolvimento sustent\u00e1vel<\/h2>\n<blockquote><p>&#8220;A Veracel foi um divisor de \u00e1guas para a regi\u00e3o. Mais do que uma f\u00e1brica de celulose, nos tornamos parte do territ\u00f3rio, gerando valor compartilhado com as comunidades, os colaboradores, os fornecedores e o meio ambiente. Ao longo desses 20 anos, constru\u00edmos uma hist\u00f3ria s\u00f3lida baseada em responsabilidade com nossas pessoas e com a regi\u00e3o em que operamos, al\u00e9m de sermos um exemplo palp\u00e1vel de como \u00e9 poss\u00edvel ter uma opera\u00e7\u00e3o competitiva mesmo estando longe dos grandes centros e levar o desenvolvimento industrial para diversas regi\u00f5es dos estados\u201d, afirma Caio Zanardo, diretor-presidente da Veracel.<\/p><\/blockquote>\n<p>&nbsp;<\/p>\n<h2>Estrutura moderna e marcos de produ\u00e7\u00e3o<\/h2>\n<p>A planta industrial da Veracel foi projetada para uma produ\u00e7\u00e3o anual superior a 1 milh\u00e3o de toneladas de celulose de eucalipto e passou por diversas atualiza\u00e7\u00f5es, sendo considerada uma das mais modernas do Brasil no setor de celulose. Em 2024, a companhia completou 20 milh\u00f5es de toneladas produzidas, um marco que ocorreu dois anos antes do previsto, evidenciando a alta qualidade e a capacidade t\u00e9cnica das equipes das opera\u00e7\u00f5es fabris da companhia.<\/p>\n<p>&nbsp;<\/p>\n<h2>Nova lideran\u00e7a marca novo ciclo de crescimento<\/h2>\n<p>A celebra\u00e7\u00e3o dos 20 anos da f\u00e1brica tamb\u00e9m marca uma nova etapa para a companhia: a chegada de Fabr\u00edcio Stange como novo diretor de Opera\u00e7\u00f5es Industriais da Veracel. Com s\u00f3lida experi\u00eancia no setor de celulose e passagens por grandes empresas como Suzano, Fibria e Aracruz Celulose, o executivo assume a gest\u00e3o industrial da Veracel com o desafio de conduzir a opera\u00e7\u00e3o rumo a um novo ciclo de inova\u00e7\u00e3o, efici\u00eancia e sustentabilidade.<\/p>\n<p>Formado em engenharia, o novo diretor traz d\u00e9cadas de experi\u00eancia em gest\u00e3o industrial, manuten\u00e7\u00e3o e utilidades, com forte atua\u00e7\u00e3o em lideran\u00e7a t\u00e9cnica e foco em melhoria cont\u00ednua.<\/p>\n<blockquote><p>\u201cAssumo com orgulho e muita responsabilidade a miss\u00e3o de dar continuidade ao legado de solidez e estabilidade constru\u00eddo nestes vinte anos de trajet\u00f3ria da f\u00e1brica da companhia. Agora, olhamos para o futuro com entusiasmo, atentos \u00e0s transforma\u00e7\u00f5es do setor e comprometidos em seguir inovando com qualidade e excel\u00eancia\u201d, afirma Stange.<\/p><\/blockquote>\n<p>&nbsp;<\/p>\n<p><strong><a href=\"https:\/\/www.veracel.com.br\/sustentabilidade\/operacoes-sustentaveis\/\">Saiba mais sobre as opera\u00e7\u00f5es sustent\u00e1veis da Veracel Celulose<\/a><\/strong><\/p>\n<p><strong><a href=\"https:\/\/www.veracel.com.br\/sustentabilidade\/relatorio-de-sustentabilidade-2024\/\">Confira o nosso rec\u00e9m-lan\u00e7ado Relat\u00f3rio de Sustentabilidade 2024<\/a><\/strong><\/p>\n<p>&nbsp;<\/p>\n","protected":false},"excerpt":{"rendered":"<p>Levantamento da FIEB aponta que a instala\u00e7\u00e3o da f\u00e1brica da Veracel foi decisiva para o avan\u00e7o econ\u00f4mico e social do Sul da Bahia, evidenciando o papel da ind\u00fastria no desenvolvimento de pequenos e m\u00e9dios munic\u00edpios. &nbsp; A Veracel Celulose comemora, neste m\u00eas de maio, 20 anos de opera\u00e7\u00e3o industrial em Eun\u00e1polis, cidade localizada no extremo [&hellip;]<\/p>\n","protected":false},"author":2,"featured_media":39848,"comment_status":"closed","ping_status":"closed","sticky":false,"template":"","format":"standard","meta":{"_acf_changed":false,"footnotes":"","_links_to":"","_links_to_target":""},"categories":[271,211],"tags":[],"class_list":["post-39847","post","type-post","status-publish","format-standard","has-post-thumbnail","hentry","category-a-veracel","category-noticias"],"acf":[],"yoast_head":"<!-- This site is optimized with the Yoast SEO Premium plugin v26.7 (Yoast SEO v27.4) - https:\/\/yoast.com\/product\/yoast-seo-premium-wordpress\/ -->\n<title>Veracel Celulose celebra 20 anos de f\u00e1brica<\/title>\n<meta name=\"description\" content=\"A Veracel Celulose comemora 20 anos de opera\u00e7\u00e3o da sua f\u00e1brica, marco que destaca seu papel no desenvolvimento econ\u00f4mico do sul da Bahia.\" \/>\n<meta name=\"robots\" content=\"index, follow, max-snippet:-1, max-image-preview:large, max-video-preview:-1\" \/>\n<link rel=\"canonical\" href=\"https:\/\/www.veracel.com.br\/veracel-celulose-celebra-20-anos-de-sua-fabrica-em-eunapolis\/\" \/>\n<meta property=\"og:locale\" content=\"en_US\" \/>\n<meta property=\"og:type\" content=\"article\" \/>\n<meta property=\"og:title\" content=\"Veracel Celulose celebra 20 anos de sua f\u00e1brica em Eun\u00e1polis e destaca impacto da ind\u00fastria no desenvolvimento regional\" \/>\n<meta property=\"og:description\" content=\"A Veracel Celulose comemora 20 anos de opera\u00e7\u00e3o da sua f\u00e1brica, marco que destaca seu papel no desenvolvimento econ\u00f4mico do sul da Bahia.\" \/>\n<meta property=\"og:url\" content=\"https:\/\/www.veracel.com.br\/veracel-celulose-celebra-20-anos-de-sua-fabrica-em-eunapolis\/\" \/>\n<meta property=\"og:site_name\" content=\"Veracel Celulose\" \/>\n<meta property=\"article:published_time\" content=\"2025-05-16T18:11:03+00:00\" \/>\n<meta property=\"article:modified_time\" content=\"2025-05-16T18:15:05+00:00\" \/>\n<meta property=\"og:image\" content=\"https:\/\/www.veracel.com.br\/wp-content\/uploads\/2025\/05\/20anos-fabrica-veracel-celulose.jpg\" \/>\n\t<meta property=\"og:image:width\" content=\"1200\" \/>\n\t<meta property=\"og:image:height\" content=\"600\" \/>\n\t<meta property=\"og:image:type\" content=\"image\/jpeg\" \/>\n<meta name=\"author\" content=\"saulo\" \/>\n<meta name=\"twitter:card\" content=\"summary_large_image\" \/>\n<meta name=\"twitter:label1\" content=\"Written by\" \/>\n\t<meta name=\"twitter:data1\" content=\"saulo\" \/>\n\t<meta name=\"twitter:label2\" content=\"Est. reading time\" \/>\n\t<meta name=\"twitter:data2\" content=\"6 minutes\" \/>\n<script type=\"application\/ld+json\" class=\"yoast-schema-graph\">{\"@context\":\"https:\\\/\\\/schema.org\",\"@graph\":[{\"@type\":\"WebPage\",\"@id\":\"https:\\\/\\\/www.veracel.com.br\\\/veracel-celulose-celebra-20-anos-de-sua-fabrica-em-eunapolis\\\/\",\"url\":\"https:\\\/\\\/www.veracel.com.br\\\/veracel-celulose-celebra-20-anos-de-sua-fabrica-em-eunapolis\\\/\",\"name\":\"Veracel Celulose celebra 20 anos de f\u00e1brica\",\"isPartOf\":{\"@id\":\"https:\\\/\\\/www.veracel.com.br\\\/#website\"},\"primaryImageOfPage\":{\"@id\":\"https:\\\/\\\/www.veracel.com.br\\\/veracel-celulose-celebra-20-anos-de-sua-fabrica-em-eunapolis\\\/#primaryimage\"},\"image\":{\"@id\":\"https:\\\/\\\/www.veracel.com.br\\\/veracel-celulose-celebra-20-anos-de-sua-fabrica-em-eunapolis\\\/#primaryimage\"},\"thumbnailUrl\":\"https:\\\/\\\/www.veracel.com.br\\\/wp-content\\\/uploads\\\/2025\\\/05\\\/20anos-fabrica-veracel-celulose.jpg\",\"datePublished\":\"2025-05-16T18:11:03+00:00\",\"dateModified\":\"2025-05-16T18:15:05+00:00\",\"description\":\"A Veracel Celulose comemora 20 anos de opera\u00e7\u00e3o da sua f\u00e1brica, marco que destaca seu papel no desenvolvimento econ\u00f4mico do sul da Bahia.\",\"breadcrumb\":{\"@id\":\"https:\\\/\\\/www.veracel.com.br\\\/veracel-celulose-celebra-20-anos-de-sua-fabrica-em-eunapolis\\\/#breadcrumb\"},\"inLanguage\":\"en-US\",\"potentialAction\":[{\"@type\":\"ReadAction\",\"target\":[\"https:\\\/\\\/www.veracel.com.br\\\/veracel-celulose-celebra-20-anos-de-sua-fabrica-em-eunapolis\\\/\"]}]},{\"@type\":\"ImageObject\",\"inLanguage\":\"en-US\",\"@id\":\"https:\\\/\\\/www.veracel.com.br\\\/veracel-celulose-celebra-20-anos-de-sua-fabrica-em-eunapolis\\\/#primaryimage\",\"url\":\"https:\\\/\\\/www.veracel.com.br\\\/wp-content\\\/uploads\\\/2025\\\/05\\\/20anos-fabrica-veracel-celulose.jpg\",\"contentUrl\":\"https:\\\/\\\/www.veracel.com.br\\\/wp-content\\\/uploads\\\/2025\\\/05\\\/20anos-fabrica-veracel-celulose.jpg\",\"width\":1200,\"height\":600},{\"@type\":\"BreadcrumbList\",\"@id\":\"https:\\\/\\\/www.veracel.com.br\\\/veracel-celulose-celebra-20-anos-de-sua-fabrica-em-eunapolis\\\/#breadcrumb\",\"itemListElement\":[{\"@type\":\"ListItem\",\"position\":1,\"name\":\"Home\",\"item\":\"https:\\\/\\\/www.veracel.com.br\\\/\"},{\"@type\":\"ListItem\",\"position\":2,\"name\":\"Not\u00edcias\",\"item\":\"https:\\\/\\\/www.veracel.com.br\\\/noticias\\\/\"},{\"@type\":\"ListItem\",\"position\":3,\"name\":\"Veracel Celulose celebra 20 anos de sua f\u00e1brica em Eun\u00e1polis e destaca impacto da ind\u00fastria no desenvolvimento regional\"}]},{\"@type\":\"WebSite\",\"@id\":\"https:\\\/\\\/www.veracel.com.br\\\/#website\",\"url\":\"https:\\\/\\\/www.veracel.com.br\\\/\",\"name\":\"Veracel Celulose\",\"description\":\"Quando crescemos juntos vamos muito mais longe\",\"publisher\":{\"@id\":\"https:\\\/\\\/www.veracel.com.br\\\/#organization\"},\"potentialAction\":[{\"@type\":\"SearchAction\",\"target\":{\"@type\":\"EntryPoint\",\"urlTemplate\":\"https:\\\/\\\/www.veracel.com.br\\\/?s={search_term_string}\"},\"query-input\":{\"@type\":\"PropertyValueSpecification\",\"valueRequired\":true,\"valueName\":\"search_term_string\"}}],\"inLanguage\":\"en-US\"},{\"@type\":\"Organization\",\"@id\":\"https:\\\/\\\/www.veracel.com.br\\\/#organization\",\"name\":\"Veracel Celulose\",\"url\":\"https:\\\/\\\/www.veracel.com.br\\\/\",\"logo\":{\"@type\":\"ImageObject\",\"inLanguage\":\"en-US\",\"@id\":\"https:\\\/\\\/www.veracel.com.br\\\/#\\\/schema\\\/logo\\\/image\\\/\",\"url\":\"https:\\\/\\\/www.veracel.com.br\\\/wp-content\\\/uploads\\\/2024\\\/08\\\/Ativo-1.png\",\"contentUrl\":\"https:\\\/\\\/www.veracel.com.br\\\/wp-content\\\/uploads\\\/2024\\\/08\\\/Ativo-1.png\",\"width\":400,\"height\":121,\"caption\":\"Veracel Celulose\"},\"image\":{\"@id\":\"https:\\\/\\\/www.veracel.com.br\\\/#\\\/schema\\\/logo\\\/image\\\/\"},\"sameAs\":[\"https:\\\/\\\/www.instagram.com\\\/veracelcelulose\",\"https:\\\/\\\/www.linkedin.com\\\/company\\\/veracelcelulose\\\/\",\"https:\\\/\\\/www.youtube.com\\\/user\\\/CanalVeracel\"]}]}<\/script>\n<!-- \/ Yoast SEO Premium plugin. -->","yoast_head_json":{"title":"Veracel Celulose celebra 20 anos de f\u00e1brica","description":"A Veracel Celulose comemora 20 anos de opera\u00e7\u00e3o da sua f\u00e1brica, marco que destaca seu papel no desenvolvimento econ\u00f4mico do sul da Bahia.","robots":{"index":"index","follow":"follow","max-snippet":"max-snippet:-1","max-image-preview":"max-image-preview:large","max-video-preview":"max-video-preview:-1"},"canonical":"https:\/\/www.veracel.com.br\/veracel-celulose-celebra-20-anos-de-sua-fabrica-em-eunapolis\/","og_locale":"en_US","og_type":"article","og_title":"Veracel Celulose celebra 20 anos de sua f\u00e1brica em Eun\u00e1polis e destaca impacto da ind\u00fastria no desenvolvimento regional","og_description":"A Veracel Celulose comemora 20 anos de opera\u00e7\u00e3o da sua f\u00e1brica, marco que destaca seu papel no desenvolvimento econ\u00f4mico do sul da Bahia.","og_url":"https:\/\/www.veracel.com.br\/veracel-celulose-celebra-20-anos-de-sua-fabrica-em-eunapolis\/","og_site_name":"Veracel Celulose","article_published_time":"2025-05-16T18:11:03+00:00","article_modified_time":"2025-05-16T18:15:05+00:00","og_image":[{"width":1200,"height":600,"url":"https:\/\/www.veracel.com.br\/wp-content\/uploads\/2025\/05\/20anos-fabrica-veracel-celulose.jpg","type":"image\/jpeg"}],"author":"saulo","twitter_card":"summary_large_image","twitter_misc":{"Written by":"saulo","Est. reading time":"6 minutes"},"schema":{"@context":"https:\/\/schema.org","@graph":[{"@type":"WebPage","@id":"https:\/\/www.veracel.com.br\/veracel-celulose-celebra-20-anos-de-sua-fabrica-em-eunapolis\/","url":"https:\/\/www.veracel.com.br\/veracel-celulose-celebra-20-anos-de-sua-fabrica-em-eunapolis\/","name":"Veracel Celulose celebra 20 anos de f\u00e1brica","isPartOf":{"@id":"https:\/\/www.veracel.com.br\/#website"},"primaryImageOfPage":{"@id":"https:\/\/www.veracel.com.br\/veracel-celulose-celebra-20-anos-de-sua-fabrica-em-eunapolis\/#primaryimage"},"image":{"@id":"https:\/\/www.veracel.com.br\/veracel-celulose-celebra-20-anos-de-sua-fabrica-em-eunapolis\/#primaryimage"},"thumbnailUrl":"https:\/\/www.veracel.com.br\/wp-content\/uploads\/2025\/05\/20anos-fabrica-veracel-celulose.jpg","datePublished":"2025-05-16T18:11:03+00:00","dateModified":"2025-05-16T18:15:05+00:00","description":"A Veracel Celulose comemora 20 anos de opera\u00e7\u00e3o da sua f\u00e1brica, marco que destaca seu papel no desenvolvimento econ\u00f4mico do sul da Bahia.","breadcrumb":{"@id":"https:\/\/www.veracel.com.br\/veracel-celulose-celebra-20-anos-de-sua-fabrica-em-eunapolis\/#breadcrumb"},"inLanguage":"en-US","potentialAction":[{"@type":"ReadAction","target":["https:\/\/www.veracel.com.br\/veracel-celulose-celebra-20-anos-de-sua-fabrica-em-eunapolis\/"]}]},{"@type":"ImageObject","inLanguage":"en-US","@id":"https:\/\/www.veracel.com.br\/veracel-celulose-celebra-20-anos-de-sua-fabrica-em-eunapolis\/#primaryimage","url":"https:\/\/www.veracel.com.br\/wp-content\/uploads\/2025\/05\/20anos-fabrica-veracel-celulose.jpg","contentUrl":"https:\/\/www.veracel.com.br\/wp-content\/uploads\/2025\/05\/20anos-fabrica-veracel-celulose.jpg","width":1200,"height":600},{"@type":"BreadcrumbList","@id":"https:\/\/www.veracel.com.br\/veracel-celulose-celebra-20-anos-de-sua-fabrica-em-eunapolis\/#breadcrumb","itemListElement":[{"@type":"ListItem","position":1,"name":"Home","item":"https:\/\/www.veracel.com.br\/"},{"@type":"ListItem","position":2,"name":"Not\u00edcias","item":"https:\/\/www.veracel.com.br\/noticias\/"},{"@type":"ListItem","position":3,"name":"Veracel Celulose celebra 20 anos de sua f\u00e1brica em Eun\u00e1polis e destaca impacto da ind\u00fastria no desenvolvimento regional"}]},{"@type":"WebSite","@id":"https:\/\/www.veracel.com.br\/#website","url":"https:\/\/www.veracel.com.br\/","name":"Veracel Celulose","description":"Quando crescemos juntos vamos muito mais longe","publisher":{"@id":"https:\/\/www.veracel.com.br\/#organization"},"potentialAction":[{"@type":"SearchAction","target":{"@type":"EntryPoint","urlTemplate":"https:\/\/www.veracel.com.br\/?s={search_term_string}"},"query-input":{"@type":"PropertyValueSpecification","valueRequired":true,"valueName":"search_term_string"}}],"inLanguage":"en-US"},{"@type":"Organization","@id":"https:\/\/www.veracel.com.br\/#organization","name":"Veracel Celulose","url":"https:\/\/www.veracel.com.br\/","logo":{"@type":"ImageObject","inLanguage":"en-US","@id":"https:\/\/www.veracel.com.br\/#\/schema\/logo\/image\/","url":"https:\/\/www.veracel.com.br\/wp-content\/uploads\/2024\/08\/Ativo-1.png","contentUrl":"https:\/\/www.veracel.com.br\/wp-content\/uploads\/2024\/08\/Ativo-1.png","width":400,"height":121,"caption":"Veracel Celulose"},"image":{"@id":"https:\/\/www.veracel.com.br\/#\/schema\/logo\/image\/"},"sameAs":["https:\/\/www.instagram.com\/veracelcelulose","https:\/\/www.linkedin.com\/company\/veracelcelulose\/","https:\/\/www.youtube.com\/user\/CanalVeracel"]}]}},"_links":{"self":[{"href":"https:\/\/www.veracel.com.br\/en\/wp-json\/wp\/v2\/posts\/39847","targetHints":{"allow":["GET"]}}],"collection":[{"href":"https:\/\/www.veracel.com.br\/en\/wp-json\/wp\/v2\/posts"}],"about":[{"href":"https:\/\/www.veracel.com.br\/en\/wp-json\/wp\/v2\/types\/post"}],"author":[{"embeddable":true,"href":"https:\/\/www.veracel.com.br\/en\/wp-json\/wp\/v2\/users\/2"}],"replies":[{"embeddable":true,"href":"https:\/\/www.veracel.com.br\/en\/wp-json\/wp\/v2\/comments?post=39847"}],"version-history":[{"count":2,"href":"https:\/\/www.veracel.com.br\/en\/wp-json\/wp\/v2\/posts\/39847\/revisions"}],"predecessor-version":[{"id":39853,"href":"https:\/\/www.veracel.com.br\/en\/wp-json\/wp\/v2\/posts\/39847\/revisions\/39853"}],"wp:featuredmedia":[{"embeddable":true,"href":"https:\/\/www.veracel.com.br\/en\/wp-json\/wp\/v2\/media\/39848"}],"wp:attachment":[{"href":"https:\/\/www.veracel.com.br\/en\/wp-json\/wp\/v2\/media?parent=39847"}],"wp:term":[{"taxonomy":"category","embeddable":true,"href":"https:\/\/www.veracel.com.br\/en\/wp-json\/wp\/v2\/categories?post=39847"},{"taxonomy":"post_tag","embeddable":true,"href":"https:\/\/www.veracel.com.br\/en\/wp-json\/wp\/v2\/tags?post=39847"}],"curies":[{"name":"wp","href":"https:\/\/api.w.org\/{rel}","templated":true}]}}