{"id":40176,"date":"2025-06-16T15:12:33","date_gmt":"2025-06-16T18:12:33","guid":{"rendered":"https:\/\/www.veracel.com.br\/?p=40176"},"modified":"2025-06-16T15:12:33","modified_gmt":"2025-06-16T18:12:33","slug":"projeto-ecoar-bahia-apresenta-o-cine-concerto-com-a-orquestra-jovem-ecoar","status":"publish","type":"post","link":"https:\/\/www.veracel.com.br\/en\/projeto-ecoar-bahia-apresenta-o-cine-concerto-com-a-orquestra-jovem-ecoar\/","title":{"rendered":"Projeto Ecoar Bahia apresenta o Cine Concerto com a Orquestra Jovem ECOAR"},"content":{"rendered":"<p><em>Espet\u00e1culo tem patroc\u00ednio da Veracel Celulose e re\u00fane trilhas sonoras do cinema interpretadas por jovens m\u00fasicos do Sul da Bahia<\/em><\/p>\n<p>&nbsp;<\/p>\n<p>O Projeto Ecoar Bahia realiza, nos dias 3 e 4 de julho, no Centro de Cultura de Porto Seguro, o Cine Concerto com a Orquestra Jovem ECOAR. O espet\u00e1culo ocorre as 19h30 e reunir\u00e1 trilhas sonoras ic\u00f4nicas do cinema, interpretadas por jovens m\u00fasicos da regi\u00e3o Sul da Bahia, em uma apresenta\u00e7\u00e3o emocionante que celebra a arte e a for\u00e7a da transforma\u00e7\u00e3o social por meio da cultura<\/p>\n<p>O Cine Concerto \u00e9 resultado do trabalho cont\u00ednuo do Projeto Ecoar Bahia, uma iniciativa sociocultural que oferece acesso gratuito a oficinas culturais por meio da dan\u00e7a e m\u00fasica para crian\u00e7as e adolescentes a partir dos seis anos de idade.<\/p>\n<p>&nbsp;<\/p>\n<h2>Jovens talentos em destaque<\/h2>\n<p>A Orquestra Jovem ECOAR \u00e9 composta por jovens talentos formados dentro do pr\u00f3prio projeto, que t\u00eam na m\u00fasica uma oportunidade de crescimento pessoal, express\u00e3o art\u00edstica e cidadania. O espet\u00e1culo \u00e9 uma amostra do impacto positivo que a arte pode ter na forma\u00e7\u00e3o de indiv\u00edduos e na transforma\u00e7\u00e3o de comunidades.<\/p>\n<blockquote><p>\u201cO Cine Concerto \u00e9 a realiza\u00e7\u00e3o de um sonho antigo: levar ao palco trilhas sonoras que marcaram gera\u00e7\u00f5es, interpretadas por nossos jovens m\u00fasicos, muitos deles com apenas 10 anos e j\u00e1 tocando lindamente. O repert\u00f3rio do concerto est\u00e1 emocionante, com cl\u00e1ssicos do cinema nacional e internacional, e promete encantar o p\u00fablico com essa viagem musical que desperta mem\u00f3rias e sentimentos\u201d, afirma Carla Nunes, gestora do Projeto Ecoar Bahia.<\/p>\n<p>&nbsp;<\/p><\/blockquote>\n<h2>Cultura como ferramenta de transforma\u00e7\u00e3o<\/h2>\n<h3>Investir em cultura \u00e9 transformar territ\u00f3rios<\/h3>\n<p>O Cine Concerto \u00e9 viabilizado com o patroc\u00ednio da Veracel Celulose, empresa que tem refor\u00e7ado seu compromisso com o desenvolvimento social e cultural dos territ\u00f3rios onde atua por meio de apoio a projetos incentivados. Al\u00e9m de apoiar financeiramente iniciativas culturais, como o Projeto Ecoar, a companhia tamb\u00e9m tem investido na capacita\u00e7\u00e3o de organiza\u00e7\u00f5es locais para que possam estruturar e captar seus pr\u00f3prios projetos de forma aut\u00f4noma.<\/p>\n<blockquote><p>\u201cO Instituto Ecoar completou 15 anos e h\u00e1 uma d\u00e9cada temos a honra de manter a Orquestra Jovem ECOAR. Essa hist\u00f3ria s\u00f3 foi poss\u00edvel gra\u00e7as ao apoio da Veracel Celulose, que acreditou no nosso trabalho e tornou vi\u00e1vel algo t\u00e3o complexo e especial como manter uma orquestra em um projeto social. Os custos com instrumentos, professores qualificados e manuten\u00e7\u00e3o s\u00e3o altos, mas o impacto na vida desses jovens \u00e9 imensur\u00e1vel\u201d, destaca Nunes.<\/p>\n<p>\u201cAcreditamos que a arte e a cultura t\u00eam papel essencial na forma\u00e7\u00e3o cidad\u00e3 e no fortalecimento das comunidades. Apoiar o Projeto Ecoar \u00e9 investir em talentos locais, em oportunidades reais e na constru\u00e7\u00e3o de um futuro com mais equidade e desenvolvimento humano\u201d, afirma Alexandre Campbell de Mendon\u00e7a, gerente de Responsabilidade Social e Assuntos Corporativos da Veracel Celulose.<\/p>\n<p>&nbsp;<\/p><\/blockquote>\n<h2>Servi\u00e7o \u2013 Informa\u00e7\u00f5es do Evento<\/h2>\n<p>Evento: Cine Concerto \u2013 Orquestra Jovem ECOAR<br \/>\nDatas: 3 e 4 de julho de 2025<br \/>\nHor\u00e1rio: 19h30<br \/>\nLocal: Centro de Cultura de Porto Seguro (BA)<br \/>\nIngressos: R$ 40 (inteira) | R$ 20 (meia)<br \/>\nInforma\u00e7\u00f5es e vendas: (73) 99969-2299<\/p>\n<p>&nbsp;<\/p>\n<h2>Sobre o Projeto Ecoar Bahia<\/h2>\n<p>O Projeto Ecoar Bahia atua em Porto Seguro com a\u00e7\u00f5es que promovem educa\u00e7\u00e3o, cultura e inclus\u00e3o social. Suas oficinas culturais acolhem crian\u00e7as e adolescentes em situa\u00e7\u00e3o de vulnerabilidade por meio da m\u00fasica com foco no contraturno escolar.<\/p>\n<p>Acompanhe o projeto nas redes sociais pelo <a href=\"https:\/\/www.instagram.com\/Ecoar.bahia\" target=\"_blank\" rel=\"noopener\">@Ecoar.bahia<\/a> e <a href=\"https:\/\/www.instagram.com\/Ecoarciajovemdedanca\" target=\"_blank\" rel=\"noopener\">@Ecoarciajovemdedanca<\/a>.<\/p>\n","protected":false},"excerpt":{"rendered":"<p>Espet\u00e1culo tem patroc\u00ednio da Veracel Celulose e re\u00fane trilhas sonoras do cinema interpretadas por jovens m\u00fasicos do Sul da Bahia &nbsp; O Projeto Ecoar Bahia realiza, nos dias 3 e 4 de julho, no Centro de Cultura de Porto Seguro, o Cine Concerto com a Orquestra Jovem ECOAR. O espet\u00e1culo ocorre as 19h30 e reunir\u00e1 [&hellip;]<\/p>\n","protected":false},"author":2,"featured_media":40177,"comment_status":"closed","ping_status":"closed","sticky":false,"template":"","format":"standard","meta":{"_acf_changed":false,"footnotes":"","_links_to":"","_links_to_target":""},"categories":[211],"tags":[],"class_list":["post-40176","post","type-post","status-publish","format-standard","has-post-thumbnail","hentry","category-noticias"],"acf":[],"yoast_head":"<!-- This site is optimized with the Yoast SEO Premium plugin v26.7 (Yoast SEO v27.4) - https:\/\/yoast.com\/product\/yoast-seo-premium-wordpress\/ -->\n<title>Cine Concerto com Orquestra Jovem ECOAR em Porto Seguro<\/title>\n<meta name=\"description\" content=\"Projeto Ecoar Bahia realiza o Cine Concerto no Centro de Cultura de Porto Seguro com trilhas cl\u00e1ssicas do cinema interpretadas por jovens m\u00fasicos da Orquestra Jovem ECOAR.\" \/>\n<meta name=\"robots\" content=\"index, follow, max-snippet:-1, max-image-preview:large, max-video-preview:-1\" \/>\n<link rel=\"canonical\" href=\"https:\/\/www.veracel.com.br\/projeto-ecoar-bahia-apresenta-o-cine-concerto-com-a-orquestra-jovem-ecoar\/\" \/>\n<meta property=\"og:locale\" content=\"en_US\" \/>\n<meta property=\"og:type\" content=\"article\" \/>\n<meta property=\"og:title\" content=\"Projeto Ecoar Bahia apresenta o Cine Concerto com a Orquestra Jovem ECOAR\" \/>\n<meta property=\"og:description\" content=\"Projeto Ecoar Bahia realiza o Cine Concerto no Centro de Cultura de Porto Seguro com trilhas cl\u00e1ssicas do cinema interpretadas por jovens m\u00fasicos da Orquestra Jovem ECOAR.\" \/>\n<meta property=\"og:url\" content=\"https:\/\/www.veracel.com.br\/projeto-ecoar-bahia-apresenta-o-cine-concerto-com-a-orquestra-jovem-ecoar\/\" \/>\n<meta property=\"og:site_name\" content=\"Veracel Celulose\" \/>\n<meta property=\"article:published_time\" content=\"2025-06-16T18:12:33+00:00\" \/>\n<meta property=\"og:image\" content=\"https:\/\/www.veracel.com.br\/wp-content\/uploads\/2025\/06\/projeto-ecoar-bahia.jpg\" \/>\n\t<meta property=\"og:image:width\" content=\"800\" \/>\n\t<meta property=\"og:image:height\" content=\"1133\" \/>\n\t<meta property=\"og:image:type\" content=\"image\/jpeg\" \/>\n<meta name=\"author\" content=\"saulo\" \/>\n<meta name=\"twitter:card\" content=\"summary_large_image\" \/>\n<meta name=\"twitter:label1\" content=\"Written by\" \/>\n\t<meta name=\"twitter:data1\" content=\"saulo\" \/>\n\t<meta name=\"twitter:label2\" content=\"Est. reading time\" \/>\n\t<meta name=\"twitter:data2\" content=\"3 minutes\" \/>\n<script type=\"application\/ld+json\" class=\"yoast-schema-graph\">{\"@context\":\"https:\\\/\\\/schema.org\",\"@graph\":[{\"@type\":\"WebPage\",\"@id\":\"https:\\\/\\\/www.veracel.com.br\\\/projeto-ecoar-bahia-apresenta-o-cine-concerto-com-a-orquestra-jovem-ecoar\\\/\",\"url\":\"https:\\\/\\\/www.veracel.com.br\\\/projeto-ecoar-bahia-apresenta-o-cine-concerto-com-a-orquestra-jovem-ecoar\\\/\",\"name\":\"Cine Concerto com Orquestra Jovem ECOAR em Porto Seguro\",\"isPartOf\":{\"@id\":\"https:\\\/\\\/www.veracel.com.br\\\/#website\"},\"primaryImageOfPage\":{\"@id\":\"https:\\\/\\\/www.veracel.com.br\\\/projeto-ecoar-bahia-apresenta-o-cine-concerto-com-a-orquestra-jovem-ecoar\\\/#primaryimage\"},\"image\":{\"@id\":\"https:\\\/\\\/www.veracel.com.br\\\/projeto-ecoar-bahia-apresenta-o-cine-concerto-com-a-orquestra-jovem-ecoar\\\/#primaryimage\"},\"thumbnailUrl\":\"https:\\\/\\\/www.veracel.com.br\\\/wp-content\\\/uploads\\\/2025\\\/06\\\/projeto-ecoar-bahia.jpg\",\"datePublished\":\"2025-06-16T18:12:33+00:00\",\"description\":\"Projeto Ecoar Bahia realiza o Cine Concerto no Centro de Cultura de Porto Seguro com trilhas cl\u00e1ssicas do cinema interpretadas por jovens m\u00fasicos da Orquestra Jovem ECOAR.\",\"breadcrumb\":{\"@id\":\"https:\\\/\\\/www.veracel.com.br\\\/projeto-ecoar-bahia-apresenta-o-cine-concerto-com-a-orquestra-jovem-ecoar\\\/#breadcrumb\"},\"inLanguage\":\"en-US\",\"potentialAction\":[{\"@type\":\"ReadAction\",\"target\":[\"https:\\\/\\\/www.veracel.com.br\\\/projeto-ecoar-bahia-apresenta-o-cine-concerto-com-a-orquestra-jovem-ecoar\\\/\"]}]},{\"@type\":\"ImageObject\",\"inLanguage\":\"en-US\",\"@id\":\"https:\\\/\\\/www.veracel.com.br\\\/projeto-ecoar-bahia-apresenta-o-cine-concerto-com-a-orquestra-jovem-ecoar\\\/#primaryimage\",\"url\":\"https:\\\/\\\/www.veracel.com.br\\\/wp-content\\\/uploads\\\/2025\\\/06\\\/projeto-ecoar-bahia.jpg\",\"contentUrl\":\"https:\\\/\\\/www.veracel.com.br\\\/wp-content\\\/uploads\\\/2025\\\/06\\\/projeto-ecoar-bahia.jpg\",\"width\":800,\"height\":1133},{\"@type\":\"BreadcrumbList\",\"@id\":\"https:\\\/\\\/www.veracel.com.br\\\/projeto-ecoar-bahia-apresenta-o-cine-concerto-com-a-orquestra-jovem-ecoar\\\/#breadcrumb\",\"itemListElement\":[{\"@type\":\"ListItem\",\"position\":1,\"name\":\"Home\",\"item\":\"https:\\\/\\\/www.veracel.com.br\\\/\"},{\"@type\":\"ListItem\",\"position\":2,\"name\":\"Not\u00edcias\",\"item\":\"https:\\\/\\\/www.veracel.com.br\\\/noticias\\\/\"},{\"@type\":\"ListItem\",\"position\":3,\"name\":\"Projeto Ecoar Bahia apresenta o Cine Concerto com a Orquestra Jovem ECOAR\"}]},{\"@type\":\"WebSite\",\"@id\":\"https:\\\/\\\/www.veracel.com.br\\\/#website\",\"url\":\"https:\\\/\\\/www.veracel.com.br\\\/\",\"name\":\"Veracel Celulose\",\"description\":\"Quando crescemos juntos vamos muito mais longe\",\"publisher\":{\"@id\":\"https:\\\/\\\/www.veracel.com.br\\\/#organization\"},\"potentialAction\":[{\"@type\":\"SearchAction\",\"target\":{\"@type\":\"EntryPoint\",\"urlTemplate\":\"https:\\\/\\\/www.veracel.com.br\\\/?s={search_term_string}\"},\"query-input\":{\"@type\":\"PropertyValueSpecification\",\"valueRequired\":true,\"valueName\":\"search_term_string\"}}],\"inLanguage\":\"en-US\"},{\"@type\":\"Organization\",\"@id\":\"https:\\\/\\\/www.veracel.com.br\\\/#organization\",\"name\":\"Veracel Celulose\",\"url\":\"https:\\\/\\\/www.veracel.com.br\\\/\",\"logo\":{\"@type\":\"ImageObject\",\"inLanguage\":\"en-US\",\"@id\":\"https:\\\/\\\/www.veracel.com.br\\\/#\\\/schema\\\/logo\\\/image\\\/\",\"url\":\"https:\\\/\\\/www.veracel.com.br\\\/wp-content\\\/uploads\\\/2024\\\/08\\\/Ativo-1.png\",\"contentUrl\":\"https:\\\/\\\/www.veracel.com.br\\\/wp-content\\\/uploads\\\/2024\\\/08\\\/Ativo-1.png\",\"width\":400,\"height\":121,\"caption\":\"Veracel Celulose\"},\"image\":{\"@id\":\"https:\\\/\\\/www.veracel.com.br\\\/#\\\/schema\\\/logo\\\/image\\\/\"},\"sameAs\":[\"https:\\\/\\\/www.instagram.com\\\/veracelcelulose\",\"https:\\\/\\\/www.linkedin.com\\\/company\\\/veracelcelulose\\\/\",\"https:\\\/\\\/www.youtube.com\\\/user\\\/CanalVeracel\"]}]}<\/script>\n<!-- \/ Yoast SEO Premium plugin. -->","yoast_head_json":{"title":"Cine Concerto com Orquestra Jovem ECOAR em Porto Seguro","description":"Projeto Ecoar Bahia realiza o Cine Concerto no Centro de Cultura de Porto Seguro com trilhas cl\u00e1ssicas do cinema interpretadas por jovens m\u00fasicos da Orquestra Jovem ECOAR.","robots":{"index":"index","follow":"follow","max-snippet":"max-snippet:-1","max-image-preview":"max-image-preview:large","max-video-preview":"max-video-preview:-1"},"canonical":"https:\/\/www.veracel.com.br\/projeto-ecoar-bahia-apresenta-o-cine-concerto-com-a-orquestra-jovem-ecoar\/","og_locale":"en_US","og_type":"article","og_title":"Projeto Ecoar Bahia apresenta o Cine Concerto com a Orquestra Jovem ECOAR","og_description":"Projeto Ecoar Bahia realiza o Cine Concerto no Centro de Cultura de Porto Seguro com trilhas cl\u00e1ssicas do cinema interpretadas por jovens m\u00fasicos da Orquestra Jovem ECOAR.","og_url":"https:\/\/www.veracel.com.br\/projeto-ecoar-bahia-apresenta-o-cine-concerto-com-a-orquestra-jovem-ecoar\/","og_site_name":"Veracel Celulose","article_published_time":"2025-06-16T18:12:33+00:00","og_image":[{"width":800,"height":1133,"url":"https:\/\/www.veracel.com.br\/wp-content\/uploads\/2025\/06\/projeto-ecoar-bahia.jpg","type":"image\/jpeg"}],"author":"saulo","twitter_card":"summary_large_image","twitter_misc":{"Written by":"saulo","Est. reading time":"3 minutes"},"schema":{"@context":"https:\/\/schema.org","@graph":[{"@type":"WebPage","@id":"https:\/\/www.veracel.com.br\/projeto-ecoar-bahia-apresenta-o-cine-concerto-com-a-orquestra-jovem-ecoar\/","url":"https:\/\/www.veracel.com.br\/projeto-ecoar-bahia-apresenta-o-cine-concerto-com-a-orquestra-jovem-ecoar\/","name":"Cine Concerto com Orquestra Jovem ECOAR em Porto Seguro","isPartOf":{"@id":"https:\/\/www.veracel.com.br\/#website"},"primaryImageOfPage":{"@id":"https:\/\/www.veracel.com.br\/projeto-ecoar-bahia-apresenta-o-cine-concerto-com-a-orquestra-jovem-ecoar\/#primaryimage"},"image":{"@id":"https:\/\/www.veracel.com.br\/projeto-ecoar-bahia-apresenta-o-cine-concerto-com-a-orquestra-jovem-ecoar\/#primaryimage"},"thumbnailUrl":"https:\/\/www.veracel.com.br\/wp-content\/uploads\/2025\/06\/projeto-ecoar-bahia.jpg","datePublished":"2025-06-16T18:12:33+00:00","description":"Projeto Ecoar Bahia realiza o Cine Concerto no Centro de Cultura de Porto Seguro com trilhas cl\u00e1ssicas do cinema interpretadas por jovens m\u00fasicos da Orquestra Jovem ECOAR.","breadcrumb":{"@id":"https:\/\/www.veracel.com.br\/projeto-ecoar-bahia-apresenta-o-cine-concerto-com-a-orquestra-jovem-ecoar\/#breadcrumb"},"inLanguage":"en-US","potentialAction":[{"@type":"ReadAction","target":["https:\/\/www.veracel.com.br\/projeto-ecoar-bahia-apresenta-o-cine-concerto-com-a-orquestra-jovem-ecoar\/"]}]},{"@type":"ImageObject","inLanguage":"en-US","@id":"https:\/\/www.veracel.com.br\/projeto-ecoar-bahia-apresenta-o-cine-concerto-com-a-orquestra-jovem-ecoar\/#primaryimage","url":"https:\/\/www.veracel.com.br\/wp-content\/uploads\/2025\/06\/projeto-ecoar-bahia.jpg","contentUrl":"https:\/\/www.veracel.com.br\/wp-content\/uploads\/2025\/06\/projeto-ecoar-bahia.jpg","width":800,"height":1133},{"@type":"BreadcrumbList","@id":"https:\/\/www.veracel.com.br\/projeto-ecoar-bahia-apresenta-o-cine-concerto-com-a-orquestra-jovem-ecoar\/#breadcrumb","itemListElement":[{"@type":"ListItem","position":1,"name":"Home","item":"https:\/\/www.veracel.com.br\/"},{"@type":"ListItem","position":2,"name":"Not\u00edcias","item":"https:\/\/www.veracel.com.br\/noticias\/"},{"@type":"ListItem","position":3,"name":"Projeto Ecoar Bahia apresenta o Cine Concerto com a Orquestra Jovem ECOAR"}]},{"@type":"WebSite","@id":"https:\/\/www.veracel.com.br\/#website","url":"https:\/\/www.veracel.com.br\/","name":"Veracel Celulose","description":"Quando crescemos juntos vamos muito mais longe","publisher":{"@id":"https:\/\/www.veracel.com.br\/#organization"},"potentialAction":[{"@type":"SearchAction","target":{"@type":"EntryPoint","urlTemplate":"https:\/\/www.veracel.com.br\/?s={search_term_string}"},"query-input":{"@type":"PropertyValueSpecification","valueRequired":true,"valueName":"search_term_string"}}],"inLanguage":"en-US"},{"@type":"Organization","@id":"https:\/\/www.veracel.com.br\/#organization","name":"Veracel Celulose","url":"https:\/\/www.veracel.com.br\/","logo":{"@type":"ImageObject","inLanguage":"en-US","@id":"https:\/\/www.veracel.com.br\/#\/schema\/logo\/image\/","url":"https:\/\/www.veracel.com.br\/wp-content\/uploads\/2024\/08\/Ativo-1.png","contentUrl":"https:\/\/www.veracel.com.br\/wp-content\/uploads\/2024\/08\/Ativo-1.png","width":400,"height":121,"caption":"Veracel Celulose"},"image":{"@id":"https:\/\/www.veracel.com.br\/#\/schema\/logo\/image\/"},"sameAs":["https:\/\/www.instagram.com\/veracelcelulose","https:\/\/www.linkedin.com\/company\/veracelcelulose\/","https:\/\/www.youtube.com\/user\/CanalVeracel"]}]}},"_links":{"self":[{"href":"https:\/\/www.veracel.com.br\/en\/wp-json\/wp\/v2\/posts\/40176","targetHints":{"allow":["GET"]}}],"collection":[{"href":"https:\/\/www.veracel.com.br\/en\/wp-json\/wp\/v2\/posts"}],"about":[{"href":"https:\/\/www.veracel.com.br\/en\/wp-json\/wp\/v2\/types\/post"}],"author":[{"embeddable":true,"href":"https:\/\/www.veracel.com.br\/en\/wp-json\/wp\/v2\/users\/2"}],"replies":[{"embeddable":true,"href":"https:\/\/www.veracel.com.br\/en\/wp-json\/wp\/v2\/comments?post=40176"}],"version-history":[{"count":1,"href":"https:\/\/www.veracel.com.br\/en\/wp-json\/wp\/v2\/posts\/40176\/revisions"}],"predecessor-version":[{"id":40179,"href":"https:\/\/www.veracel.com.br\/en\/wp-json\/wp\/v2\/posts\/40176\/revisions\/40179"}],"wp:featuredmedia":[{"embeddable":true,"href":"https:\/\/www.veracel.com.br\/en\/wp-json\/wp\/v2\/media\/40177"}],"wp:attachment":[{"href":"https:\/\/www.veracel.com.br\/en\/wp-json\/wp\/v2\/media?parent=40176"}],"wp:term":[{"taxonomy":"category","embeddable":true,"href":"https:\/\/www.veracel.com.br\/en\/wp-json\/wp\/v2\/categories?post=40176"},{"taxonomy":"post_tag","embeddable":true,"href":"https:\/\/www.veracel.com.br\/en\/wp-json\/wp\/v2\/tags?post=40176"}],"curies":[{"name":"wp","href":"https:\/\/api.w.org\/{rel}","templated":true}]}}