{"id":40263,"date":"2025-06-25T14:53:44","date_gmt":"2025-06-25T17:53:44","guid":{"rendered":"https:\/\/www.veracel.com.br\/?p=40263"},"modified":"2025-06-25T14:53:44","modified_gmt":"2025-06-25T17:53:44","slug":"veracel-e-considerada-uma-das-melhores-empresas-para-trabalhar-pelo-ranking-gptw-de-diversidade","status":"publish","type":"post","link":"https:\/\/www.veracel.com.br\/en\/veracel-e-considerada-uma-das-melhores-empresas-para-trabalhar-pelo-ranking-gptw-de-diversidade\/","title":{"rendered":"Veracel \u00e9 considerada uma das melhores empresas para trabalhar pelo ranking GPTW de Diversidade\u00a0"},"content":{"rendered":"<p><em>Veracel Celulose foi reconhecida pelo ranking GPTW de Diversidade por suas pr\u00e1ticas de inclus\u00e3o e equidade no ambiente corporativo e no territ\u00f3rio onde atua\u00a0<\/em><\/p>\n<p>&nbsp;<\/p>\n<p>A Veracel Celulose foi reconhecida com a 10\u00aa posi\u00e7\u00e3o nacional no Ranking de Diversidade (\u00c9tnico Racial), promovido pela Great Place to Work (GPTW). A premia\u00e7\u00e3o, divulgada oficialmente no dia 24 de junho durante evento especial da consultoria realizado nesta ter\u00e7a-feira (24), em S\u00e3o Paulo. O evento reconheceu as empresas brasileiras que se sobressaem por suas a\u00e7\u00f5es em prol da diversidade, equidade e inclus\u00e3o em diferentes frentes.<\/p>\n<p>A Veracel foi uma das empresas premiadas nas listas tem\u00e1ticas da GPTW que avaliam pr\u00e1ticas voltadas para os p\u00fablicos 50+, primeira inf\u00e2ncia, \u00e9tnico-racial, LGBTQIAPN+, mulheres, pessoas com defici\u00eancia e jovens pot\u00eancia. A conquista refor\u00e7a o compromisso da companhia com a constru\u00e7\u00e3o de um ambiente mais diverso, respeitoso e representativo \u2013 tanto internamente quanto em seu territ\u00f3rio de atua\u00e7\u00e3o no sul da Bahia.<\/p>\n<blockquote><p>\u201cFazer parte da Veracel \u00e9 algo que toca meu cora\u00e7\u00e3o. \u00c9 um orgulho genu\u00edno saber que estamos construindo, juntos, um ambiente onde o respeito e a valoriza\u00e7\u00e3o das pessoas s\u00e3o prioridade. Estar presente nesta premia\u00e7\u00e3o da GPTW em Diversidade representa muito mais do que um reconhecimento para mim, \u00e9 a prova de que estamos no caminho certo, promovendo uma cultura que inclui, acolhe e celebra as diferen\u00e7as\u201d, celebra Lucca Bel\u00e9m dos Santos, estagi\u00e1rio de Comunica\u00e7\u00e3o da Veracel, que esteve presente na cerim\u00f4nia no grupo de funcion\u00e1rios que representou a companhia na premia\u00e7\u00e3o.<\/p><\/blockquote>\n<p>&nbsp;<\/p>\n<h2>Iniciativas de Diversidade e Inclus\u00e3o<\/h2>\n<p>Entre as iniciativas que destacam a Veracel no campo da diversidade, est\u00e3o programas espec\u00edficos para a inclus\u00e3o e valoriza\u00e7\u00e3o das mulheres no setor industrial e de base florestal, ambos tradicionalmente masculino. A empresa promove turmas de capacita\u00e7\u00e3o operadoras de m\u00e1quinas florestais, capacitando mulheres para atuarem em fun\u00e7\u00f5es t\u00e9cnicas e operacionais. Al\u00e9m disso, a Veracel oferece cursos e mentorias voltados para o desenvolvimento profissional feminino, fortalecendo a equidade de g\u00eanero e incentivando a lideran\u00e7a feminina.<\/p>\n<blockquote><p>\u201cReceber esse reconhecimento da GPTW \u00e9 um reflexo do trabalho coletivo que realizamos para garantir que cada pessoa, independentemente da sua origem, identidade ou trajet\u00f3ria, tenha espa\u00e7o, voz e oportunidades na Veracel. Diversidade \u00e9 um valor que atravessa nosso neg\u00f3cio e nossa cultura\u201d, afirma Anderson Pinho, Gerente de Auditoria Interna e Compliance da Veracel Celulose.<\/p><\/blockquote>\n<p>&nbsp;<\/p>\n<p><strong><a href=\"https:\/\/www.veracel.com.br\/nosso-jeito\/\">Saiba mais sobre o jeito de ser Veracel Celulose<\/a><\/strong><\/p>\n<p><a href=\"https:\/\/www.veracel.com.br\/vagas\/\"><strong>Quer fazer parte do nosso time? Confira as vagas abertas!<\/strong><\/a><\/p>\n","protected":false},"excerpt":{"rendered":"<p>Veracel Celulose foi reconhecida pelo ranking GPTW de Diversidade por suas pr\u00e1ticas de inclus\u00e3o e equidade no ambiente corporativo e no territ\u00f3rio onde atua\u00a0 &nbsp; A Veracel Celulose foi reconhecida com a 10\u00aa posi\u00e7\u00e3o nacional no Ranking de Diversidade (\u00c9tnico Racial), promovido pela Great Place to Work (GPTW). A premia\u00e7\u00e3o, divulgada oficialmente no dia 24 [&hellip;]<\/p>\n","protected":false},"author":2,"featured_media":40264,"comment_status":"closed","ping_status":"closed","sticky":false,"template":"","format":"standard","meta":{"_acf_changed":false,"footnotes":"","_links_to":"","_links_to_target":""},"categories":[271,211],"tags":[],"class_list":["post-40263","post","type-post","status-publish","format-standard","has-post-thumbnail","hentry","category-a-veracel","category-noticias"],"acf":[],"yoast_head":"<!-- This site is optimized with the Yoast SEO Premium plugin v26.7 (Yoast SEO v27.4) - https:\/\/yoast.com\/product\/yoast-seo-premium-wordpress\/ -->\n<title>Veracel no Ranking GPTW por Diversidade e Inclus\u00e3o<\/title>\n<meta name=\"description\" content=\"Veracel conquista o 10\u00ba lugar nacional no ranking GPTW de Diversidade \u00c9tnico-Racial, destacando suas pr\u00e1ticas de inclus\u00e3o e equidade.\" \/>\n<meta name=\"robots\" content=\"index, follow, max-snippet:-1, max-image-preview:large, max-video-preview:-1\" \/>\n<link rel=\"canonical\" href=\"https:\/\/www.veracel.com.br\/veracel-e-considerada-uma-das-melhores-empresas-para-trabalhar-pelo-ranking-gptw-de-diversidade\/\" \/>\n<meta property=\"og:locale\" content=\"en_US\" \/>\n<meta property=\"og:type\" content=\"article\" \/>\n<meta property=\"og:title\" content=\"Veracel \u00e9 considerada uma das melhores empresas para trabalhar pelo ranking GPTW de Diversidade\u00a0\" \/>\n<meta property=\"og:description\" content=\"Veracel conquista o 10\u00ba lugar nacional no ranking GPTW de Diversidade \u00c9tnico-Racial, destacando suas pr\u00e1ticas de inclus\u00e3o e equidade.\" \/>\n<meta property=\"og:url\" content=\"https:\/\/www.veracel.com.br\/veracel-e-considerada-uma-das-melhores-empresas-para-trabalhar-pelo-ranking-gptw-de-diversidade\/\" \/>\n<meta property=\"og:site_name\" content=\"Veracel Celulose\" \/>\n<meta property=\"article:published_time\" content=\"2025-06-25T17:53:44+00:00\" \/>\n<meta property=\"og:image\" content=\"https:\/\/www.veracel.com.br\/wp-content\/uploads\/2025\/06\/veracel-gptw-diversidade.jpg\" \/>\n\t<meta property=\"og:image:width\" content=\"800\" \/>\n\t<meta property=\"og:image:height\" content=\"644\" \/>\n\t<meta property=\"og:image:type\" content=\"image\/jpeg\" \/>\n<meta name=\"author\" content=\"saulo\" \/>\n<meta name=\"twitter:card\" content=\"summary_large_image\" \/>\n<meta name=\"twitter:label1\" content=\"Written by\" \/>\n\t<meta name=\"twitter:data1\" content=\"saulo\" \/>\n\t<meta name=\"twitter:label2\" content=\"Est. reading time\" \/>\n\t<meta name=\"twitter:data2\" content=\"2 minutes\" \/>\n<script type=\"application\/ld+json\" class=\"yoast-schema-graph\">{\"@context\":\"https:\\\/\\\/schema.org\",\"@graph\":[{\"@type\":\"WebPage\",\"@id\":\"https:\\\/\\\/www.veracel.com.br\\\/veracel-e-considerada-uma-das-melhores-empresas-para-trabalhar-pelo-ranking-gptw-de-diversidade\\\/\",\"url\":\"https:\\\/\\\/www.veracel.com.br\\\/veracel-e-considerada-uma-das-melhores-empresas-para-trabalhar-pelo-ranking-gptw-de-diversidade\\\/\",\"name\":\"Veracel no Ranking GPTW por Diversidade e Inclus\u00e3o\",\"isPartOf\":{\"@id\":\"https:\\\/\\\/www.veracel.com.br\\\/#website\"},\"primaryImageOfPage\":{\"@id\":\"https:\\\/\\\/www.veracel.com.br\\\/veracel-e-considerada-uma-das-melhores-empresas-para-trabalhar-pelo-ranking-gptw-de-diversidade\\\/#primaryimage\"},\"image\":{\"@id\":\"https:\\\/\\\/www.veracel.com.br\\\/veracel-e-considerada-uma-das-melhores-empresas-para-trabalhar-pelo-ranking-gptw-de-diversidade\\\/#primaryimage\"},\"thumbnailUrl\":\"https:\\\/\\\/www.veracel.com.br\\\/wp-content\\\/uploads\\\/2025\\\/06\\\/veracel-gptw-diversidade.jpg\",\"datePublished\":\"2025-06-25T17:53:44+00:00\",\"description\":\"Veracel conquista o 10\u00ba lugar nacional no ranking GPTW de Diversidade \u00c9tnico-Racial, destacando suas pr\u00e1ticas de inclus\u00e3o e equidade.\",\"breadcrumb\":{\"@id\":\"https:\\\/\\\/www.veracel.com.br\\\/veracel-e-considerada-uma-das-melhores-empresas-para-trabalhar-pelo-ranking-gptw-de-diversidade\\\/#breadcrumb\"},\"inLanguage\":\"en-US\",\"potentialAction\":[{\"@type\":\"ReadAction\",\"target\":[\"https:\\\/\\\/www.veracel.com.br\\\/veracel-e-considerada-uma-das-melhores-empresas-para-trabalhar-pelo-ranking-gptw-de-diversidade\\\/\"]}]},{\"@type\":\"ImageObject\",\"inLanguage\":\"en-US\",\"@id\":\"https:\\\/\\\/www.veracel.com.br\\\/veracel-e-considerada-uma-das-melhores-empresas-para-trabalhar-pelo-ranking-gptw-de-diversidade\\\/#primaryimage\",\"url\":\"https:\\\/\\\/www.veracel.com.br\\\/wp-content\\\/uploads\\\/2025\\\/06\\\/veracel-gptw-diversidade.jpg\",\"contentUrl\":\"https:\\\/\\\/www.veracel.com.br\\\/wp-content\\\/uploads\\\/2025\\\/06\\\/veracel-gptw-diversidade.jpg\",\"width\":800,\"height\":644,\"caption\":\"Benef\u00edcios para quem trabalha na Veracel\"},{\"@type\":\"BreadcrumbList\",\"@id\":\"https:\\\/\\\/www.veracel.com.br\\\/veracel-e-considerada-uma-das-melhores-empresas-para-trabalhar-pelo-ranking-gptw-de-diversidade\\\/#breadcrumb\",\"itemListElement\":[{\"@type\":\"ListItem\",\"position\":1,\"name\":\"Home\",\"item\":\"https:\\\/\\\/www.veracel.com.br\\\/\"},{\"@type\":\"ListItem\",\"position\":2,\"name\":\"Not\u00edcias\",\"item\":\"https:\\\/\\\/www.veracel.com.br\\\/noticias\\\/\"},{\"@type\":\"ListItem\",\"position\":3,\"name\":\"Veracel \u00e9 considerada uma das melhores empresas para trabalhar pelo ranking GPTW de Diversidade\u00a0\"}]},{\"@type\":\"WebSite\",\"@id\":\"https:\\\/\\\/www.veracel.com.br\\\/#website\",\"url\":\"https:\\\/\\\/www.veracel.com.br\\\/\",\"name\":\"Veracel Celulose\",\"description\":\"Quando crescemos juntos vamos muito mais longe\",\"publisher\":{\"@id\":\"https:\\\/\\\/www.veracel.com.br\\\/#organization\"},\"potentialAction\":[{\"@type\":\"SearchAction\",\"target\":{\"@type\":\"EntryPoint\",\"urlTemplate\":\"https:\\\/\\\/www.veracel.com.br\\\/?s={search_term_string}\"},\"query-input\":{\"@type\":\"PropertyValueSpecification\",\"valueRequired\":true,\"valueName\":\"search_term_string\"}}],\"inLanguage\":\"en-US\"},{\"@type\":\"Organization\",\"@id\":\"https:\\\/\\\/www.veracel.com.br\\\/#organization\",\"name\":\"Veracel Celulose\",\"url\":\"https:\\\/\\\/www.veracel.com.br\\\/\",\"logo\":{\"@type\":\"ImageObject\",\"inLanguage\":\"en-US\",\"@id\":\"https:\\\/\\\/www.veracel.com.br\\\/#\\\/schema\\\/logo\\\/image\\\/\",\"url\":\"https:\\\/\\\/www.veracel.com.br\\\/wp-content\\\/uploads\\\/2024\\\/08\\\/Ativo-1.png\",\"contentUrl\":\"https:\\\/\\\/www.veracel.com.br\\\/wp-content\\\/uploads\\\/2024\\\/08\\\/Ativo-1.png\",\"width\":400,\"height\":121,\"caption\":\"Veracel Celulose\"},\"image\":{\"@id\":\"https:\\\/\\\/www.veracel.com.br\\\/#\\\/schema\\\/logo\\\/image\\\/\"},\"sameAs\":[\"https:\\\/\\\/www.instagram.com\\\/veracelcelulose\",\"https:\\\/\\\/www.linkedin.com\\\/company\\\/veracelcelulose\\\/\",\"https:\\\/\\\/www.youtube.com\\\/user\\\/CanalVeracel\"]}]}<\/script>\n<!-- \/ Yoast SEO Premium plugin. -->","yoast_head_json":{"title":"Veracel no Ranking GPTW por Diversidade e Inclus\u00e3o","description":"Veracel conquista o 10\u00ba lugar nacional no ranking GPTW de Diversidade \u00c9tnico-Racial, destacando suas pr\u00e1ticas de inclus\u00e3o e equidade.","robots":{"index":"index","follow":"follow","max-snippet":"max-snippet:-1","max-image-preview":"max-image-preview:large","max-video-preview":"max-video-preview:-1"},"canonical":"https:\/\/www.veracel.com.br\/veracel-e-considerada-uma-das-melhores-empresas-para-trabalhar-pelo-ranking-gptw-de-diversidade\/","og_locale":"en_US","og_type":"article","og_title":"Veracel \u00e9 considerada uma das melhores empresas para trabalhar pelo ranking GPTW de Diversidade\u00a0","og_description":"Veracel conquista o 10\u00ba lugar nacional no ranking GPTW de Diversidade \u00c9tnico-Racial, destacando suas pr\u00e1ticas de inclus\u00e3o e equidade.","og_url":"https:\/\/www.veracel.com.br\/veracel-e-considerada-uma-das-melhores-empresas-para-trabalhar-pelo-ranking-gptw-de-diversidade\/","og_site_name":"Veracel Celulose","article_published_time":"2025-06-25T17:53:44+00:00","og_image":[{"width":800,"height":644,"url":"https:\/\/www.veracel.com.br\/wp-content\/uploads\/2025\/06\/veracel-gptw-diversidade.jpg","type":"image\/jpeg"}],"author":"saulo","twitter_card":"summary_large_image","twitter_misc":{"Written by":"saulo","Est. reading time":"2 minutes"},"schema":{"@context":"https:\/\/schema.org","@graph":[{"@type":"WebPage","@id":"https:\/\/www.veracel.com.br\/veracel-e-considerada-uma-das-melhores-empresas-para-trabalhar-pelo-ranking-gptw-de-diversidade\/","url":"https:\/\/www.veracel.com.br\/veracel-e-considerada-uma-das-melhores-empresas-para-trabalhar-pelo-ranking-gptw-de-diversidade\/","name":"Veracel no Ranking GPTW por Diversidade e Inclus\u00e3o","isPartOf":{"@id":"https:\/\/www.veracel.com.br\/#website"},"primaryImageOfPage":{"@id":"https:\/\/www.veracel.com.br\/veracel-e-considerada-uma-das-melhores-empresas-para-trabalhar-pelo-ranking-gptw-de-diversidade\/#primaryimage"},"image":{"@id":"https:\/\/www.veracel.com.br\/veracel-e-considerada-uma-das-melhores-empresas-para-trabalhar-pelo-ranking-gptw-de-diversidade\/#primaryimage"},"thumbnailUrl":"https:\/\/www.veracel.com.br\/wp-content\/uploads\/2025\/06\/veracel-gptw-diversidade.jpg","datePublished":"2025-06-25T17:53:44+00:00","description":"Veracel conquista o 10\u00ba lugar nacional no ranking GPTW de Diversidade \u00c9tnico-Racial, destacando suas pr\u00e1ticas de inclus\u00e3o e equidade.","breadcrumb":{"@id":"https:\/\/www.veracel.com.br\/veracel-e-considerada-uma-das-melhores-empresas-para-trabalhar-pelo-ranking-gptw-de-diversidade\/#breadcrumb"},"inLanguage":"en-US","potentialAction":[{"@type":"ReadAction","target":["https:\/\/www.veracel.com.br\/veracel-e-considerada-uma-das-melhores-empresas-para-trabalhar-pelo-ranking-gptw-de-diversidade\/"]}]},{"@type":"ImageObject","inLanguage":"en-US","@id":"https:\/\/www.veracel.com.br\/veracel-e-considerada-uma-das-melhores-empresas-para-trabalhar-pelo-ranking-gptw-de-diversidade\/#primaryimage","url":"https:\/\/www.veracel.com.br\/wp-content\/uploads\/2025\/06\/veracel-gptw-diversidade.jpg","contentUrl":"https:\/\/www.veracel.com.br\/wp-content\/uploads\/2025\/06\/veracel-gptw-diversidade.jpg","width":800,"height":644,"caption":"Benef\u00edcios para quem trabalha na Veracel"},{"@type":"BreadcrumbList","@id":"https:\/\/www.veracel.com.br\/veracel-e-considerada-uma-das-melhores-empresas-para-trabalhar-pelo-ranking-gptw-de-diversidade\/#breadcrumb","itemListElement":[{"@type":"ListItem","position":1,"name":"Home","item":"https:\/\/www.veracel.com.br\/"},{"@type":"ListItem","position":2,"name":"Not\u00edcias","item":"https:\/\/www.veracel.com.br\/noticias\/"},{"@type":"ListItem","position":3,"name":"Veracel \u00e9 considerada uma das melhores empresas para trabalhar pelo ranking GPTW de Diversidade\u00a0"}]},{"@type":"WebSite","@id":"https:\/\/www.veracel.com.br\/#website","url":"https:\/\/www.veracel.com.br\/","name":"Veracel Celulose","description":"Quando crescemos juntos vamos muito mais longe","publisher":{"@id":"https:\/\/www.veracel.com.br\/#organization"},"potentialAction":[{"@type":"SearchAction","target":{"@type":"EntryPoint","urlTemplate":"https:\/\/www.veracel.com.br\/?s={search_term_string}"},"query-input":{"@type":"PropertyValueSpecification","valueRequired":true,"valueName":"search_term_string"}}],"inLanguage":"en-US"},{"@type":"Organization","@id":"https:\/\/www.veracel.com.br\/#organization","name":"Veracel Celulose","url":"https:\/\/www.veracel.com.br\/","logo":{"@type":"ImageObject","inLanguage":"en-US","@id":"https:\/\/www.veracel.com.br\/#\/schema\/logo\/image\/","url":"https:\/\/www.veracel.com.br\/wp-content\/uploads\/2024\/08\/Ativo-1.png","contentUrl":"https:\/\/www.veracel.com.br\/wp-content\/uploads\/2024\/08\/Ativo-1.png","width":400,"height":121,"caption":"Veracel Celulose"},"image":{"@id":"https:\/\/www.veracel.com.br\/#\/schema\/logo\/image\/"},"sameAs":["https:\/\/www.instagram.com\/veracelcelulose","https:\/\/www.linkedin.com\/company\/veracelcelulose\/","https:\/\/www.youtube.com\/user\/CanalVeracel"]}]}},"_links":{"self":[{"href":"https:\/\/www.veracel.com.br\/en\/wp-json\/wp\/v2\/posts\/40263","targetHints":{"allow":["GET"]}}],"collection":[{"href":"https:\/\/www.veracel.com.br\/en\/wp-json\/wp\/v2\/posts"}],"about":[{"href":"https:\/\/www.veracel.com.br\/en\/wp-json\/wp\/v2\/types\/post"}],"author":[{"embeddable":true,"href":"https:\/\/www.veracel.com.br\/en\/wp-json\/wp\/v2\/users\/2"}],"replies":[{"embeddable":true,"href":"https:\/\/www.veracel.com.br\/en\/wp-json\/wp\/v2\/comments?post=40263"}],"version-history":[{"count":1,"href":"https:\/\/www.veracel.com.br\/en\/wp-json\/wp\/v2\/posts\/40263\/revisions"}],"predecessor-version":[{"id":40266,"href":"https:\/\/www.veracel.com.br\/en\/wp-json\/wp\/v2\/posts\/40263\/revisions\/40266"}],"wp:featuredmedia":[{"embeddable":true,"href":"https:\/\/www.veracel.com.br\/en\/wp-json\/wp\/v2\/media\/40264"}],"wp:attachment":[{"href":"https:\/\/www.veracel.com.br\/en\/wp-json\/wp\/v2\/media?parent=40263"}],"wp:term":[{"taxonomy":"category","embeddable":true,"href":"https:\/\/www.veracel.com.br\/en\/wp-json\/wp\/v2\/categories?post=40263"},{"taxonomy":"post_tag","embeddable":true,"href":"https:\/\/www.veracel.com.br\/en\/wp-json\/wp\/v2\/tags?post=40263"}],"curies":[{"name":"wp","href":"https:\/\/api.w.org\/{rel}","templated":true}]}}