{"id":40335,"date":"2025-07-04T09:49:16","date_gmt":"2025-07-04T12:49:16","guid":{"rendered":"https:\/\/www.veracel.com.br\/?p=40335"},"modified":"2025-07-04T09:51:36","modified_gmt":"2025-07-04T12:51:36","slug":"programa-de-estagio-veracel-2025-tem-inscricoes-prorrogadas","status":"publish","type":"post","link":"https:\/\/www.veracel.com.br\/en\/programa-de-estagio-veracel-2025-tem-inscricoes-prorrogadas\/","title":{"rendered":"Programa de Est\u00e1gio Veracel 2025 tem inscri\u00e7\u00f5es prorrogadas"},"content":{"rendered":"<p>A Veracel Celulose prorrogou at\u00e9 13 de julho as inscri\u00e7\u00f5es para seu Programa de Est\u00e1gio 2025. As oportunidades s\u00e3o para atua\u00e7\u00e3o presencial ou h\u00edbrida em Eun\u00e1polis (BA), com carga hor\u00e1ria de 30 horas semanais (das 8h \u00e0s 15h).<\/p>\n<p>Podem participar estudantes no antepen\u00faltimo ou pen\u00faltimo ano de gradua\u00e7\u00e3o, com cursos relacionados \u00e0s \u00e1reas de atua\u00e7\u00e3o da companhia, incluindo:<\/p>\n<ul>\n<li>Gente e Cuidado<\/li>\n<li>Rela\u00e7\u00f5es Trabalhistas e Recrutamento<\/li>\n<li>Custo e Or\u00e7amento<\/li>\n<li>Neg\u00f3cios Administrativos<\/li>\n<li>Licenciamento Ambiental<\/li>\n<li>Contabilidade e Fiscal<\/li>\n<li>Log\u00edstica da Madeira<\/li>\n<li>Engenharia de Manuten\u00e7\u00e3o<\/li>\n<li>Melhoramento Gen\u00e9tico<\/li>\n<li>Estradas Florestais, entre outras.<\/li>\n<li><\/li>\n<\/ul>\n<p>O programa tamb\u00e9m refor\u00e7a a valoriza\u00e7\u00e3o da diversidade, com vagas destinadas a pessoas com defici\u00eancia, mulheres, pessoas pretas, pessoas acima de 50 anos e LGBTQIA+.<\/p>\n<p>A empresa oferece sal\u00e1rios compat\u00edveis com o mercado, al\u00e9m de benef\u00edcios como assist\u00eancia m\u00e9dica, assist\u00eancia odontol\u00f3gica, cesta de Natal, empr\u00e9stimo consignado, gin\u00e1stica laboral, previd\u00eancia privada, programa de remunera\u00e7\u00e3o vari\u00e1vel, restaurante interno, seguro de vida, vale-alimenta\u00e7\u00e3o e Wellhub (Gympass).<\/p>\n<p><strong><a href=\"https:\/\/vemparaaveracel.gupy.io\/jobs\/9284678\" target=\"_blank\" rel=\"noopener\">Acesse o site e inscreva-se no Programa de Est\u00e1gio Veracel 2025!<\/a><\/strong><\/p>\n","protected":false},"excerpt":{"rendered":"<p>A Veracel Celulose prorrogou at\u00e9 13 de julho as inscri\u00e7\u00f5es para seu Programa de Est\u00e1gio 2025. As oportunidades s\u00e3o para atua\u00e7\u00e3o presencial ou h\u00edbrida em Eun\u00e1polis (BA), com carga hor\u00e1ria de 30 horas semanais (das 8h \u00e0s 15h). Podem participar estudantes no antepen\u00faltimo ou pen\u00faltimo ano de gradua\u00e7\u00e3o, com cursos relacionados \u00e0s \u00e1reas de atua\u00e7\u00e3o [&hellip;]<\/p>\n","protected":false},"author":2,"featured_media":37289,"comment_status":"closed","ping_status":"closed","sticky":false,"template":"","format":"standard","meta":{"_acf_changed":false,"footnotes":"","_links_to":"","_links_to_target":""},"categories":[271,211],"tags":[],"class_list":["post-40335","post","type-post","status-publish","format-standard","has-post-thumbnail","hentry","category-a-veracel","category-noticias"],"acf":[],"yoast_head":"<!-- This site is optimized with the Yoast SEO Premium plugin v26.7 (Yoast SEO v27.4) - https:\/\/yoast.com\/product\/yoast-seo-premium-wordpress\/ -->\n<title>Programa de Est\u00e1gio Veracel 2025 tem inscri\u00e7\u00f5es prorrogadas<\/title>\n<meta name=\"description\" content=\"A Veracel Celulose prorrogou at\u00e9 13 de julho as inscri\u00e7\u00f5es para seu Programa de Est\u00e1gio 2025. Confira como se inscrever!\" \/>\n<meta name=\"robots\" content=\"index, follow, max-snippet:-1, max-image-preview:large, max-video-preview:-1\" \/>\n<link rel=\"canonical\" href=\"https:\/\/www.veracel.com.br\/programa-de-estagio-veracel-2025-tem-inscricoes-prorrogadas\/\" \/>\n<meta property=\"og:locale\" content=\"en_US\" \/>\n<meta property=\"og:type\" content=\"article\" \/>\n<meta property=\"og:title\" content=\"Programa de Est\u00e1gio Veracel 2025 tem inscri\u00e7\u00f5es prorrogadas\" \/>\n<meta property=\"og:description\" content=\"A Veracel Celulose prorrogou at\u00e9 13 de julho as inscri\u00e7\u00f5es para seu Programa de Est\u00e1gio 2025. Confira como se inscrever!\" \/>\n<meta property=\"og:url\" content=\"https:\/\/www.veracel.com.br\/programa-de-estagio-veracel-2025-tem-inscricoes-prorrogadas\/\" \/>\n<meta property=\"og:site_name\" content=\"Veracel Celulose\" \/>\n<meta property=\"article:published_time\" content=\"2025-07-04T12:49:16+00:00\" \/>\n<meta property=\"article:modified_time\" content=\"2025-07-04T12:51:36+00:00\" \/>\n<meta property=\"og:image\" content=\"https:\/\/www.veracel.com.br\/wp-content\/uploads\/2025\/01\/programa-estagio-veracel-2025.jpg\" \/>\n\t<meta property=\"og:image:width\" content=\"768\" \/>\n\t<meta property=\"og:image:height\" content=\"518\" \/>\n\t<meta property=\"og:image:type\" content=\"image\/jpeg\" \/>\n<meta name=\"author\" content=\"saulo\" \/>\n<meta name=\"twitter:card\" content=\"summary_large_image\" \/>\n<meta name=\"twitter:label1\" content=\"Written by\" \/>\n\t<meta name=\"twitter:data1\" content=\"saulo\" \/>\n\t<meta name=\"twitter:label2\" content=\"Est. reading time\" \/>\n\t<meta name=\"twitter:data2\" content=\"2 minutes\" \/>\n<script type=\"application\/ld+json\" class=\"yoast-schema-graph\">{\"@context\":\"https:\\\/\\\/schema.org\",\"@graph\":[{\"@type\":\"WebPage\",\"@id\":\"https:\\\/\\\/www.veracel.com.br\\\/programa-de-estagio-veracel-2025-tem-inscricoes-prorrogadas\\\/\",\"url\":\"https:\\\/\\\/www.veracel.com.br\\\/programa-de-estagio-veracel-2025-tem-inscricoes-prorrogadas\\\/\",\"name\":\"Programa de Est\u00e1gio Veracel 2025 tem inscri\u00e7\u00f5es prorrogadas\",\"isPartOf\":{\"@id\":\"https:\\\/\\\/www.veracel.com.br\\\/#website\"},\"primaryImageOfPage\":{\"@id\":\"https:\\\/\\\/www.veracel.com.br\\\/programa-de-estagio-veracel-2025-tem-inscricoes-prorrogadas\\\/#primaryimage\"},\"image\":{\"@id\":\"https:\\\/\\\/www.veracel.com.br\\\/programa-de-estagio-veracel-2025-tem-inscricoes-prorrogadas\\\/#primaryimage\"},\"thumbnailUrl\":\"https:\\\/\\\/www.veracel.com.br\\\/wp-content\\\/uploads\\\/2025\\\/01\\\/programa-estagio-veracel-2025.jpg\",\"datePublished\":\"2025-07-04T12:49:16+00:00\",\"dateModified\":\"2025-07-04T12:51:36+00:00\",\"description\":\"A Veracel Celulose prorrogou at\u00e9 13 de julho as inscri\u00e7\u00f5es para seu Programa de Est\u00e1gio 2025. Confira como se inscrever!\",\"breadcrumb\":{\"@id\":\"https:\\\/\\\/www.veracel.com.br\\\/programa-de-estagio-veracel-2025-tem-inscricoes-prorrogadas\\\/#breadcrumb\"},\"inLanguage\":\"en-US\",\"potentialAction\":[{\"@type\":\"ReadAction\",\"target\":[\"https:\\\/\\\/www.veracel.com.br\\\/programa-de-estagio-veracel-2025-tem-inscricoes-prorrogadas\\\/\"]}]},{\"@type\":\"ImageObject\",\"inLanguage\":\"en-US\",\"@id\":\"https:\\\/\\\/www.veracel.com.br\\\/programa-de-estagio-veracel-2025-tem-inscricoes-prorrogadas\\\/#primaryimage\",\"url\":\"https:\\\/\\\/www.veracel.com.br\\\/wp-content\\\/uploads\\\/2025\\\/01\\\/programa-estagio-veracel-2025.jpg\",\"contentUrl\":\"https:\\\/\\\/www.veracel.com.br\\\/wp-content\\\/uploads\\\/2025\\\/01\\\/programa-estagio-veracel-2025.jpg\",\"width\":768,\"height\":518},{\"@type\":\"BreadcrumbList\",\"@id\":\"https:\\\/\\\/www.veracel.com.br\\\/programa-de-estagio-veracel-2025-tem-inscricoes-prorrogadas\\\/#breadcrumb\",\"itemListElement\":[{\"@type\":\"ListItem\",\"position\":1,\"name\":\"Home\",\"item\":\"https:\\\/\\\/www.veracel.com.br\\\/\"},{\"@type\":\"ListItem\",\"position\":2,\"name\":\"Not\u00edcias\",\"item\":\"https:\\\/\\\/www.veracel.com.br\\\/noticias\\\/\"},{\"@type\":\"ListItem\",\"position\":3,\"name\":\"Programa de Est\u00e1gio Veracel 2025 tem inscri\u00e7\u00f5es prorrogadas\"}]},{\"@type\":\"WebSite\",\"@id\":\"https:\\\/\\\/www.veracel.com.br\\\/#website\",\"url\":\"https:\\\/\\\/www.veracel.com.br\\\/\",\"name\":\"Veracel Celulose\",\"description\":\"Quando crescemos juntos vamos muito mais longe\",\"publisher\":{\"@id\":\"https:\\\/\\\/www.veracel.com.br\\\/#organization\"},\"potentialAction\":[{\"@type\":\"SearchAction\",\"target\":{\"@type\":\"EntryPoint\",\"urlTemplate\":\"https:\\\/\\\/www.veracel.com.br\\\/?s={search_term_string}\"},\"query-input\":{\"@type\":\"PropertyValueSpecification\",\"valueRequired\":true,\"valueName\":\"search_term_string\"}}],\"inLanguage\":\"en-US\"},{\"@type\":\"Organization\",\"@id\":\"https:\\\/\\\/www.veracel.com.br\\\/#organization\",\"name\":\"Veracel Celulose\",\"url\":\"https:\\\/\\\/www.veracel.com.br\\\/\",\"logo\":{\"@type\":\"ImageObject\",\"inLanguage\":\"en-US\",\"@id\":\"https:\\\/\\\/www.veracel.com.br\\\/#\\\/schema\\\/logo\\\/image\\\/\",\"url\":\"https:\\\/\\\/www.veracel.com.br\\\/wp-content\\\/uploads\\\/2024\\\/08\\\/Ativo-1.png\",\"contentUrl\":\"https:\\\/\\\/www.veracel.com.br\\\/wp-content\\\/uploads\\\/2024\\\/08\\\/Ativo-1.png\",\"width\":400,\"height\":121,\"caption\":\"Veracel Celulose\"},\"image\":{\"@id\":\"https:\\\/\\\/www.veracel.com.br\\\/#\\\/schema\\\/logo\\\/image\\\/\"},\"sameAs\":[\"https:\\\/\\\/www.instagram.com\\\/veracelcelulose\",\"https:\\\/\\\/www.linkedin.com\\\/company\\\/veracelcelulose\\\/\",\"https:\\\/\\\/www.youtube.com\\\/user\\\/CanalVeracel\"]}]}<\/script>\n<!-- \/ Yoast SEO Premium plugin. -->","yoast_head_json":{"title":"Programa de Est\u00e1gio Veracel 2025 tem inscri\u00e7\u00f5es prorrogadas","description":"A Veracel Celulose prorrogou at\u00e9 13 de julho as inscri\u00e7\u00f5es para seu Programa de Est\u00e1gio 2025. Confira como se inscrever!","robots":{"index":"index","follow":"follow","max-snippet":"max-snippet:-1","max-image-preview":"max-image-preview:large","max-video-preview":"max-video-preview:-1"},"canonical":"https:\/\/www.veracel.com.br\/programa-de-estagio-veracel-2025-tem-inscricoes-prorrogadas\/","og_locale":"en_US","og_type":"article","og_title":"Programa de Est\u00e1gio Veracel 2025 tem inscri\u00e7\u00f5es prorrogadas","og_description":"A Veracel Celulose prorrogou at\u00e9 13 de julho as inscri\u00e7\u00f5es para seu Programa de Est\u00e1gio 2025. Confira como se inscrever!","og_url":"https:\/\/www.veracel.com.br\/programa-de-estagio-veracel-2025-tem-inscricoes-prorrogadas\/","og_site_name":"Veracel Celulose","article_published_time":"2025-07-04T12:49:16+00:00","article_modified_time":"2025-07-04T12:51:36+00:00","og_image":[{"width":768,"height":518,"url":"https:\/\/www.veracel.com.br\/wp-content\/uploads\/2025\/01\/programa-estagio-veracel-2025.jpg","type":"image\/jpeg"}],"author":"saulo","twitter_card":"summary_large_image","twitter_misc":{"Written by":"saulo","Est. reading time":"2 minutes"},"schema":{"@context":"https:\/\/schema.org","@graph":[{"@type":"WebPage","@id":"https:\/\/www.veracel.com.br\/programa-de-estagio-veracel-2025-tem-inscricoes-prorrogadas\/","url":"https:\/\/www.veracel.com.br\/programa-de-estagio-veracel-2025-tem-inscricoes-prorrogadas\/","name":"Programa de Est\u00e1gio Veracel 2025 tem inscri\u00e7\u00f5es prorrogadas","isPartOf":{"@id":"https:\/\/www.veracel.com.br\/#website"},"primaryImageOfPage":{"@id":"https:\/\/www.veracel.com.br\/programa-de-estagio-veracel-2025-tem-inscricoes-prorrogadas\/#primaryimage"},"image":{"@id":"https:\/\/www.veracel.com.br\/programa-de-estagio-veracel-2025-tem-inscricoes-prorrogadas\/#primaryimage"},"thumbnailUrl":"https:\/\/www.veracel.com.br\/wp-content\/uploads\/2025\/01\/programa-estagio-veracel-2025.jpg","datePublished":"2025-07-04T12:49:16+00:00","dateModified":"2025-07-04T12:51:36+00:00","description":"A Veracel Celulose prorrogou at\u00e9 13 de julho as inscri\u00e7\u00f5es para seu Programa de Est\u00e1gio 2025. Confira como se inscrever!","breadcrumb":{"@id":"https:\/\/www.veracel.com.br\/programa-de-estagio-veracel-2025-tem-inscricoes-prorrogadas\/#breadcrumb"},"inLanguage":"en-US","potentialAction":[{"@type":"ReadAction","target":["https:\/\/www.veracel.com.br\/programa-de-estagio-veracel-2025-tem-inscricoes-prorrogadas\/"]}]},{"@type":"ImageObject","inLanguage":"en-US","@id":"https:\/\/www.veracel.com.br\/programa-de-estagio-veracel-2025-tem-inscricoes-prorrogadas\/#primaryimage","url":"https:\/\/www.veracel.com.br\/wp-content\/uploads\/2025\/01\/programa-estagio-veracel-2025.jpg","contentUrl":"https:\/\/www.veracel.com.br\/wp-content\/uploads\/2025\/01\/programa-estagio-veracel-2025.jpg","width":768,"height":518},{"@type":"BreadcrumbList","@id":"https:\/\/www.veracel.com.br\/programa-de-estagio-veracel-2025-tem-inscricoes-prorrogadas\/#breadcrumb","itemListElement":[{"@type":"ListItem","position":1,"name":"Home","item":"https:\/\/www.veracel.com.br\/"},{"@type":"ListItem","position":2,"name":"Not\u00edcias","item":"https:\/\/www.veracel.com.br\/noticias\/"},{"@type":"ListItem","position":3,"name":"Programa de Est\u00e1gio Veracel 2025 tem inscri\u00e7\u00f5es prorrogadas"}]},{"@type":"WebSite","@id":"https:\/\/www.veracel.com.br\/#website","url":"https:\/\/www.veracel.com.br\/","name":"Veracel Celulose","description":"Quando crescemos juntos vamos muito mais longe","publisher":{"@id":"https:\/\/www.veracel.com.br\/#organization"},"potentialAction":[{"@type":"SearchAction","target":{"@type":"EntryPoint","urlTemplate":"https:\/\/www.veracel.com.br\/?s={search_term_string}"},"query-input":{"@type":"PropertyValueSpecification","valueRequired":true,"valueName":"search_term_string"}}],"inLanguage":"en-US"},{"@type":"Organization","@id":"https:\/\/www.veracel.com.br\/#organization","name":"Veracel Celulose","url":"https:\/\/www.veracel.com.br\/","logo":{"@type":"ImageObject","inLanguage":"en-US","@id":"https:\/\/www.veracel.com.br\/#\/schema\/logo\/image\/","url":"https:\/\/www.veracel.com.br\/wp-content\/uploads\/2024\/08\/Ativo-1.png","contentUrl":"https:\/\/www.veracel.com.br\/wp-content\/uploads\/2024\/08\/Ativo-1.png","width":400,"height":121,"caption":"Veracel Celulose"},"image":{"@id":"https:\/\/www.veracel.com.br\/#\/schema\/logo\/image\/"},"sameAs":["https:\/\/www.instagram.com\/veracelcelulose","https:\/\/www.linkedin.com\/company\/veracelcelulose\/","https:\/\/www.youtube.com\/user\/CanalVeracel"]}]}},"_links":{"self":[{"href":"https:\/\/www.veracel.com.br\/en\/wp-json\/wp\/v2\/posts\/40335","targetHints":{"allow":["GET"]}}],"collection":[{"href":"https:\/\/www.veracel.com.br\/en\/wp-json\/wp\/v2\/posts"}],"about":[{"href":"https:\/\/www.veracel.com.br\/en\/wp-json\/wp\/v2\/types\/post"}],"author":[{"embeddable":true,"href":"https:\/\/www.veracel.com.br\/en\/wp-json\/wp\/v2\/users\/2"}],"replies":[{"embeddable":true,"href":"https:\/\/www.veracel.com.br\/en\/wp-json\/wp\/v2\/comments?post=40335"}],"version-history":[{"count":3,"href":"https:\/\/www.veracel.com.br\/en\/wp-json\/wp\/v2\/posts\/40335\/revisions"}],"predecessor-version":[{"id":40338,"href":"https:\/\/www.veracel.com.br\/en\/wp-json\/wp\/v2\/posts\/40335\/revisions\/40338"}],"wp:featuredmedia":[{"embeddable":true,"href":"https:\/\/www.veracel.com.br\/en\/wp-json\/wp\/v2\/media\/37289"}],"wp:attachment":[{"href":"https:\/\/www.veracel.com.br\/en\/wp-json\/wp\/v2\/media?parent=40335"}],"wp:term":[{"taxonomy":"category","embeddable":true,"href":"https:\/\/www.veracel.com.br\/en\/wp-json\/wp\/v2\/categories?post=40335"},{"taxonomy":"post_tag","embeddable":true,"href":"https:\/\/www.veracel.com.br\/en\/wp-json\/wp\/v2\/tags?post=40335"}],"curies":[{"name":"wp","href":"https:\/\/api.w.org\/{rel}","templated":true}]}}