{"id":40771,"date":"2025-07-15T15:20:02","date_gmt":"2025-07-15T18:20:02","guid":{"rendered":"https:\/\/www.veracel.com.br\/?p=40771"},"modified":"2025-07-15T15:20:02","modified_gmt":"2025-07-15T18:20:02","slug":"veracel-celebra-34-anos-impulsionando-o-desenvolvimento-economico-e-social-no-sul-da-bahia","status":"publish","type":"post","link":"https:\/\/www.veracel.com.br\/en\/veracel-celebra-34-anos-impulsionando-o-desenvolvimento-economico-e-social-no-sul-da-bahia\/","title":{"rendered":"Veracel celebra 34 anos impulsionando o desenvolvimento econ\u00f4mico e social no Sul da Bahia"},"content":{"rendered":"<p><em>Com mais de tr\u00eas d\u00e9cadas de atua\u00e7\u00e3o, a Veracel Celulose se consolida como refer\u00eancia em gera\u00e7\u00e3o de empregos, arrecada\u00e7\u00e3o, infraestrutura e impacto social positivo no extremo sul baiano<\/em><\/p>\n<p>&nbsp;<\/p>\n<p>A Veracel Celulose completa 34 anos de atua\u00e7\u00e3o no Sul da Bahia nesta segunda-feira (14), consolidando-se como um dos principais agentes de desenvolvimento econ\u00f4mico, social e ambiental da regi\u00e3o. Fundada em 1991, a empresa opera com uma das mais modernas plantas industriais do setor e mant\u00e9m uma presen\u00e7a s\u00f3lida no territ\u00f3rio, promovendo gera\u00e7\u00e3o de empregos, movimenta\u00e7\u00e3o da cadeia produtiva, arrecada\u00e7\u00e3o de impostos e investimentos diretos em infraestrutura e bem-estar social.<\/p>\n<p>Com atividades de plantio iniciadas no in\u00edcio dos anos 1990 e f\u00e1brica em opera\u00e7\u00e3o desde 2005, a Veracel movimenta uma extensa cadeia de fornecedores que fortalece diversos munic\u00edpios do extremo sul baiano. Apenas em 2024, a empresa investiu mais de R$ 411 milh\u00f5es em fornecedores locais, al\u00e9m de ser uma das maiores contribuintes da regi\u00e3o, com participa\u00e7\u00e3o significativa na arrecada\u00e7\u00e3o municipal.<\/p>\n<p>&nbsp;<\/p>\n<h2>Refer\u00eancia em desenvolvimento econ\u00f4mico<\/h2>\n<p>De acordo com estudo da FIEB (Federa\u00e7\u00e3o das Ind\u00fastrias do Estado da Bahia), tr\u00eas anos ap\u00f3s o in\u00edcio da opera\u00e7\u00e3o industrial, o PIB de Eun\u00e1polis j\u00e1 havia crescido 76%, o emprego total avan\u00e7ado 94% e a ind\u00fastria local se expandido em 267%, \u00edndices muito superiores \u00e0 m\u00e9dia estadual. O impacto vai al\u00e9m: a cada parada geral \u2013 manuten\u00e7\u00e3o obrigat\u00f3ria que dura cerca de 10 dias \u2013 a Veracel injeta cerca de R$ 10 milh\u00f5es na economia local, estimulando o com\u00e9rcio, hotelaria, transporte e servi\u00e7os.<\/p>\n<p>Mesmo diante de emerg\u00eancias, como o bloqueio da BR-101, a \u00fanica via federal da regi\u00e3o, a Veracel se mostrou estrat\u00e9gica para o territ\u00f3rio. Em uma parceria com o Governo do Estado da Bahia, a empresa foi a respons\u00e1vel pela constru\u00e7\u00e3o da \u00fanica uma ponte alternativa para a passagem sobre o Rio Jequitinhonha, uma decis\u00e3o pr\u00e9via ao bloqueio da BR-101, mas que garantiu o tr\u00e1fego de pessoas e o acesso a servi\u00e7os essenciais entre os munic\u00edpios da Costa do Descobrimento e Extremo Sul durante a restri\u00e7\u00e3o de tr\u00e1fego pela via principal, demonstrando seu papel como agente de funcionalidade regional.<\/p>\n<p>&nbsp;<\/p>\n<h2>Impacto social, ambiental e reconhecimento nacional<\/h2>\n<p>A atua\u00e7\u00e3o da Veracel tamb\u00e9m se destaca na agenda social e ambiental. Somente em 2024, a companhia reciclou 50 mil toneladas de res\u00edduos \u2013 um \u00edndice de reaproveitamento de 99% dos res\u00edduos industriais &#8211; investiu mais de R$ 10 milh\u00f5es em iniciativas sociais e beneficiou 1.661 fam\u00edlias em a\u00e7\u00f5es de inclus\u00e3o produtiva. Outros R$ 400 mil foram destinados a projetos sociais e culturais patrocinados por leis de incentivo, fortalecendo comunidades e promovendo cidadania em diversas frentes.<\/p>\n<p>A empresa tamb\u00e9m acumula certifica\u00e7\u00f5es relevantes. Por sete anos consecutivos, foi reconhecida pelo selo Great Place to Work (GPTW), figurando entre os <strong><a href=\"https:\/\/www.veracel.com.br\/veracel-celulose-gptw-2025-ba\/\">Melhores Lugares para Trabalhar na Bahia e no Brasil<\/a><\/strong>. Em 2024 e 2025, esteve entre as top 3 do ranking estadual, e tamb\u00e9m foi destacada nos rankings de Ind\u00fastria, Agroneg\u00f3cio e Diversidade.<\/p>\n<blockquote><p>\u201cA Veracel \u00e9 uma demonstra\u00e7\u00e3o concreta de que \u00e9 poss\u00edvel conciliar desenvolvimento industrial, gera\u00e7\u00e3o de valor compartilhado e sustentabilidade. E segue, aos 34 anos, olhando para o futuro com o mesmo compromisso que marcou sua origem\u201d, afirma Caio Zanardo, diretor-presidente da Veracel.<\/p><\/blockquote>\n<p>&nbsp;<\/p>\n<p><strong><a href=\"https:\/\/www.veracel.com.br\/nosso-jeito\/\">Saiba mais sobre o jeito de ser Veracel Celulose<\/a><\/strong><\/p>\n<p><strong><a href=\"https:\/\/www.veracel.com.br\/sustentabilidade\/relatorio-de-sustentabilidade-2024\/\">Confira mais sobre nossas opera\u00e7\u00f5es sustent\u00e1veis no Relat\u00f3rio de Sustentabilidade 2024<\/a><\/strong><\/p>\n","protected":false},"excerpt":{"rendered":"<p>Com mais de tr\u00eas d\u00e9cadas de atua\u00e7\u00e3o, a Veracel Celulose se consolida como refer\u00eancia em gera\u00e7\u00e3o de empregos, arrecada\u00e7\u00e3o, infraestrutura e impacto social positivo no extremo sul baiano &nbsp; A Veracel Celulose completa 34 anos de atua\u00e7\u00e3o no Sul da Bahia nesta segunda-feira (14), consolidando-se como um dos principais agentes de desenvolvimento econ\u00f4mico, social e [&hellip;]<\/p>\n","protected":false},"author":2,"featured_media":40772,"comment_status":"closed","ping_status":"closed","sticky":false,"template":"","format":"standard","meta":{"_acf_changed":false,"footnotes":"","_links_to":"","_links_to_target":""},"categories":[211,332],"tags":[],"class_list":["post-40771","post","type-post","status-publish","format-standard","has-post-thumbnail","hentry","category-noticias","category-sustentabilidade-veracel"],"acf":[],"yoast_head":"<!-- This site is optimized with the Yoast SEO Premium plugin v26.7 (Yoast SEO v27.4) - https:\/\/yoast.com\/product\/yoast-seo-premium-wordpress\/ -->\n<title>Veracel celebra 34 anos impulsionando o desenvolvimento econ\u00f4mico e social no Sul da Bahia - Veracel Celulose<\/title>\n<meta name=\"robots\" content=\"index, follow, max-snippet:-1, max-image-preview:large, max-video-preview:-1\" \/>\n<link rel=\"canonical\" href=\"https:\/\/www.veracel.com.br\/veracel-celebra-34-anos-impulsionando-o-desenvolvimento-economico-e-social-no-sul-da-bahia\/\" \/>\n<meta property=\"og:locale\" content=\"en_US\" \/>\n<meta property=\"og:type\" content=\"article\" \/>\n<meta property=\"og:title\" content=\"Veracel celebra 34 anos impulsionando o desenvolvimento econ\u00f4mico e social no Sul da Bahia\" \/>\n<meta property=\"og:description\" content=\"Com mais de tr\u00eas d\u00e9cadas de atua\u00e7\u00e3o, a Veracel Celulose se consolida como refer\u00eancia em gera\u00e7\u00e3o de empregos, arrecada\u00e7\u00e3o, infraestrutura e impacto social positivo no extremo sul baiano &nbsp; A Veracel Celulose completa 34 anos de atua\u00e7\u00e3o no Sul da Bahia nesta segunda-feira (14), consolidando-se como um dos principais agentes de desenvolvimento econ\u00f4mico, social e [&hellip;]\" \/>\n<meta property=\"og:url\" content=\"https:\/\/www.veracel.com.br\/veracel-celebra-34-anos-impulsionando-o-desenvolvimento-economico-e-social-no-sul-da-bahia\/\" \/>\n<meta property=\"og:site_name\" content=\"Veracel Celulose\" \/>\n<meta property=\"article:published_time\" content=\"2025-07-15T18:20:02+00:00\" \/>\n<meta property=\"og:image\" content=\"https:\/\/www.veracel.com.br\/wp-content\/uploads\/2025\/07\/veracel-celulose-34-anos.png\" \/>\n\t<meta property=\"og:image:width\" content=\"885\" \/>\n\t<meta property=\"og:image:height\" content=\"443\" \/>\n\t<meta property=\"og:image:type\" content=\"image\/png\" \/>\n<meta name=\"author\" content=\"saulo\" \/>\n<meta name=\"twitter:card\" content=\"summary_large_image\" \/>\n<meta name=\"twitter:label1\" content=\"Written by\" \/>\n\t<meta name=\"twitter:data1\" content=\"saulo\" \/>\n\t<meta name=\"twitter:label2\" content=\"Est. reading time\" \/>\n\t<meta name=\"twitter:data2\" content=\"3 minutes\" \/>\n<script type=\"application\/ld+json\" class=\"yoast-schema-graph\">{\"@context\":\"https:\\\/\\\/schema.org\",\"@graph\":[{\"@type\":\"WebPage\",\"@id\":\"https:\\\/\\\/www.veracel.com.br\\\/veracel-celebra-34-anos-impulsionando-o-desenvolvimento-economico-e-social-no-sul-da-bahia\\\/\",\"url\":\"https:\\\/\\\/www.veracel.com.br\\\/veracel-celebra-34-anos-impulsionando-o-desenvolvimento-economico-e-social-no-sul-da-bahia\\\/\",\"name\":\"Veracel celebra 34 anos impulsionando o desenvolvimento econ\u00f4mico e social no Sul da Bahia - Veracel Celulose\",\"isPartOf\":{\"@id\":\"https:\\\/\\\/www.veracel.com.br\\\/#website\"},\"primaryImageOfPage\":{\"@id\":\"https:\\\/\\\/www.veracel.com.br\\\/veracel-celebra-34-anos-impulsionando-o-desenvolvimento-economico-e-social-no-sul-da-bahia\\\/#primaryimage\"},\"image\":{\"@id\":\"https:\\\/\\\/www.veracel.com.br\\\/veracel-celebra-34-anos-impulsionando-o-desenvolvimento-economico-e-social-no-sul-da-bahia\\\/#primaryimage\"},\"thumbnailUrl\":\"https:\\\/\\\/www.veracel.com.br\\\/wp-content\\\/uploads\\\/2025\\\/07\\\/veracel-celulose-34-anos.png\",\"datePublished\":\"2025-07-15T18:20:02+00:00\",\"breadcrumb\":{\"@id\":\"https:\\\/\\\/www.veracel.com.br\\\/veracel-celebra-34-anos-impulsionando-o-desenvolvimento-economico-e-social-no-sul-da-bahia\\\/#breadcrumb\"},\"inLanguage\":\"en-US\",\"potentialAction\":[{\"@type\":\"ReadAction\",\"target\":[\"https:\\\/\\\/www.veracel.com.br\\\/veracel-celebra-34-anos-impulsionando-o-desenvolvimento-economico-e-social-no-sul-da-bahia\\\/\"]}]},{\"@type\":\"ImageObject\",\"inLanguage\":\"en-US\",\"@id\":\"https:\\\/\\\/www.veracel.com.br\\\/veracel-celebra-34-anos-impulsionando-o-desenvolvimento-economico-e-social-no-sul-da-bahia\\\/#primaryimage\",\"url\":\"https:\\\/\\\/www.veracel.com.br\\\/wp-content\\\/uploads\\\/2025\\\/07\\\/veracel-celulose-34-anos.png\",\"contentUrl\":\"https:\\\/\\\/www.veracel.com.br\\\/wp-content\\\/uploads\\\/2025\\\/07\\\/veracel-celulose-34-anos.png\",\"width\":885,\"height\":443},{\"@type\":\"BreadcrumbList\",\"@id\":\"https:\\\/\\\/www.veracel.com.br\\\/veracel-celebra-34-anos-impulsionando-o-desenvolvimento-economico-e-social-no-sul-da-bahia\\\/#breadcrumb\",\"itemListElement\":[{\"@type\":\"ListItem\",\"position\":1,\"name\":\"Home\",\"item\":\"https:\\\/\\\/www.veracel.com.br\\\/\"},{\"@type\":\"ListItem\",\"position\":2,\"name\":\"Not\u00edcias\",\"item\":\"https:\\\/\\\/www.veracel.com.br\\\/noticias\\\/\"},{\"@type\":\"ListItem\",\"position\":3,\"name\":\"Veracel celebra 34 anos impulsionando o desenvolvimento econ\u00f4mico e social no Sul da Bahia\"}]},{\"@type\":\"WebSite\",\"@id\":\"https:\\\/\\\/www.veracel.com.br\\\/#website\",\"url\":\"https:\\\/\\\/www.veracel.com.br\\\/\",\"name\":\"Veracel Celulose\",\"description\":\"Quando crescemos juntos vamos muito mais longe\",\"publisher\":{\"@id\":\"https:\\\/\\\/www.veracel.com.br\\\/#organization\"},\"potentialAction\":[{\"@type\":\"SearchAction\",\"target\":{\"@type\":\"EntryPoint\",\"urlTemplate\":\"https:\\\/\\\/www.veracel.com.br\\\/?s={search_term_string}\"},\"query-input\":{\"@type\":\"PropertyValueSpecification\",\"valueRequired\":true,\"valueName\":\"search_term_string\"}}],\"inLanguage\":\"en-US\"},{\"@type\":\"Organization\",\"@id\":\"https:\\\/\\\/www.veracel.com.br\\\/#organization\",\"name\":\"Veracel Celulose\",\"url\":\"https:\\\/\\\/www.veracel.com.br\\\/\",\"logo\":{\"@type\":\"ImageObject\",\"inLanguage\":\"en-US\",\"@id\":\"https:\\\/\\\/www.veracel.com.br\\\/#\\\/schema\\\/logo\\\/image\\\/\",\"url\":\"https:\\\/\\\/www.veracel.com.br\\\/wp-content\\\/uploads\\\/2024\\\/08\\\/Ativo-1.png\",\"contentUrl\":\"https:\\\/\\\/www.veracel.com.br\\\/wp-content\\\/uploads\\\/2024\\\/08\\\/Ativo-1.png\",\"width\":400,\"height\":121,\"caption\":\"Veracel Celulose\"},\"image\":{\"@id\":\"https:\\\/\\\/www.veracel.com.br\\\/#\\\/schema\\\/logo\\\/image\\\/\"},\"sameAs\":[\"https:\\\/\\\/www.instagram.com\\\/veracelcelulose\",\"https:\\\/\\\/www.linkedin.com\\\/company\\\/veracelcelulose\\\/\",\"https:\\\/\\\/www.youtube.com\\\/user\\\/CanalVeracel\"]}]}<\/script>\n<!-- \/ Yoast SEO Premium plugin. -->","yoast_head_json":{"title":"Veracel celebra 34 anos impulsionando o desenvolvimento econ\u00f4mico e social no Sul da Bahia - Veracel Celulose","robots":{"index":"index","follow":"follow","max-snippet":"max-snippet:-1","max-image-preview":"max-image-preview:large","max-video-preview":"max-video-preview:-1"},"canonical":"https:\/\/www.veracel.com.br\/veracel-celebra-34-anos-impulsionando-o-desenvolvimento-economico-e-social-no-sul-da-bahia\/","og_locale":"en_US","og_type":"article","og_title":"Veracel celebra 34 anos impulsionando o desenvolvimento econ\u00f4mico e social no Sul da Bahia","og_description":"Com mais de tr\u00eas d\u00e9cadas de atua\u00e7\u00e3o, a Veracel Celulose se consolida como refer\u00eancia em gera\u00e7\u00e3o de empregos, arrecada\u00e7\u00e3o, infraestrutura e impacto social positivo no extremo sul baiano &nbsp; A Veracel Celulose completa 34 anos de atua\u00e7\u00e3o no Sul da Bahia nesta segunda-feira (14), consolidando-se como um dos principais agentes de desenvolvimento econ\u00f4mico, social e [&hellip;]","og_url":"https:\/\/www.veracel.com.br\/veracel-celebra-34-anos-impulsionando-o-desenvolvimento-economico-e-social-no-sul-da-bahia\/","og_site_name":"Veracel Celulose","article_published_time":"2025-07-15T18:20:02+00:00","og_image":[{"width":885,"height":443,"url":"https:\/\/www.veracel.com.br\/wp-content\/uploads\/2025\/07\/veracel-celulose-34-anos.png","type":"image\/png"}],"author":"saulo","twitter_card":"summary_large_image","twitter_misc":{"Written by":"saulo","Est. reading time":"3 minutes"},"schema":{"@context":"https:\/\/schema.org","@graph":[{"@type":"WebPage","@id":"https:\/\/www.veracel.com.br\/veracel-celebra-34-anos-impulsionando-o-desenvolvimento-economico-e-social-no-sul-da-bahia\/","url":"https:\/\/www.veracel.com.br\/veracel-celebra-34-anos-impulsionando-o-desenvolvimento-economico-e-social-no-sul-da-bahia\/","name":"Veracel celebra 34 anos impulsionando o desenvolvimento econ\u00f4mico e social no Sul da Bahia - Veracel Celulose","isPartOf":{"@id":"https:\/\/www.veracel.com.br\/#website"},"primaryImageOfPage":{"@id":"https:\/\/www.veracel.com.br\/veracel-celebra-34-anos-impulsionando-o-desenvolvimento-economico-e-social-no-sul-da-bahia\/#primaryimage"},"image":{"@id":"https:\/\/www.veracel.com.br\/veracel-celebra-34-anos-impulsionando-o-desenvolvimento-economico-e-social-no-sul-da-bahia\/#primaryimage"},"thumbnailUrl":"https:\/\/www.veracel.com.br\/wp-content\/uploads\/2025\/07\/veracel-celulose-34-anos.png","datePublished":"2025-07-15T18:20:02+00:00","breadcrumb":{"@id":"https:\/\/www.veracel.com.br\/veracel-celebra-34-anos-impulsionando-o-desenvolvimento-economico-e-social-no-sul-da-bahia\/#breadcrumb"},"inLanguage":"en-US","potentialAction":[{"@type":"ReadAction","target":["https:\/\/www.veracel.com.br\/veracel-celebra-34-anos-impulsionando-o-desenvolvimento-economico-e-social-no-sul-da-bahia\/"]}]},{"@type":"ImageObject","inLanguage":"en-US","@id":"https:\/\/www.veracel.com.br\/veracel-celebra-34-anos-impulsionando-o-desenvolvimento-economico-e-social-no-sul-da-bahia\/#primaryimage","url":"https:\/\/www.veracel.com.br\/wp-content\/uploads\/2025\/07\/veracel-celulose-34-anos.png","contentUrl":"https:\/\/www.veracel.com.br\/wp-content\/uploads\/2025\/07\/veracel-celulose-34-anos.png","width":885,"height":443},{"@type":"BreadcrumbList","@id":"https:\/\/www.veracel.com.br\/veracel-celebra-34-anos-impulsionando-o-desenvolvimento-economico-e-social-no-sul-da-bahia\/#breadcrumb","itemListElement":[{"@type":"ListItem","position":1,"name":"Home","item":"https:\/\/www.veracel.com.br\/"},{"@type":"ListItem","position":2,"name":"Not\u00edcias","item":"https:\/\/www.veracel.com.br\/noticias\/"},{"@type":"ListItem","position":3,"name":"Veracel celebra 34 anos impulsionando o desenvolvimento econ\u00f4mico e social no Sul da Bahia"}]},{"@type":"WebSite","@id":"https:\/\/www.veracel.com.br\/#website","url":"https:\/\/www.veracel.com.br\/","name":"Veracel Celulose","description":"Quando crescemos juntos vamos muito mais longe","publisher":{"@id":"https:\/\/www.veracel.com.br\/#organization"},"potentialAction":[{"@type":"SearchAction","target":{"@type":"EntryPoint","urlTemplate":"https:\/\/www.veracel.com.br\/?s={search_term_string}"},"query-input":{"@type":"PropertyValueSpecification","valueRequired":true,"valueName":"search_term_string"}}],"inLanguage":"en-US"},{"@type":"Organization","@id":"https:\/\/www.veracel.com.br\/#organization","name":"Veracel Celulose","url":"https:\/\/www.veracel.com.br\/","logo":{"@type":"ImageObject","inLanguage":"en-US","@id":"https:\/\/www.veracel.com.br\/#\/schema\/logo\/image\/","url":"https:\/\/www.veracel.com.br\/wp-content\/uploads\/2024\/08\/Ativo-1.png","contentUrl":"https:\/\/www.veracel.com.br\/wp-content\/uploads\/2024\/08\/Ativo-1.png","width":400,"height":121,"caption":"Veracel Celulose"},"image":{"@id":"https:\/\/www.veracel.com.br\/#\/schema\/logo\/image\/"},"sameAs":["https:\/\/www.instagram.com\/veracelcelulose","https:\/\/www.linkedin.com\/company\/veracelcelulose\/","https:\/\/www.youtube.com\/user\/CanalVeracel"]}]}},"_links":{"self":[{"href":"https:\/\/www.veracel.com.br\/en\/wp-json\/wp\/v2\/posts\/40771","targetHints":{"allow":["GET"]}}],"collection":[{"href":"https:\/\/www.veracel.com.br\/en\/wp-json\/wp\/v2\/posts"}],"about":[{"href":"https:\/\/www.veracel.com.br\/en\/wp-json\/wp\/v2\/types\/post"}],"author":[{"embeddable":true,"href":"https:\/\/www.veracel.com.br\/en\/wp-json\/wp\/v2\/users\/2"}],"replies":[{"embeddable":true,"href":"https:\/\/www.veracel.com.br\/en\/wp-json\/wp\/v2\/comments?post=40771"}],"version-history":[{"count":1,"href":"https:\/\/www.veracel.com.br\/en\/wp-json\/wp\/v2\/posts\/40771\/revisions"}],"predecessor-version":[{"id":40774,"href":"https:\/\/www.veracel.com.br\/en\/wp-json\/wp\/v2\/posts\/40771\/revisions\/40774"}],"wp:featuredmedia":[{"embeddable":true,"href":"https:\/\/www.veracel.com.br\/en\/wp-json\/wp\/v2\/media\/40772"}],"wp:attachment":[{"href":"https:\/\/www.veracel.com.br\/en\/wp-json\/wp\/v2\/media?parent=40771"}],"wp:term":[{"taxonomy":"category","embeddable":true,"href":"https:\/\/www.veracel.com.br\/en\/wp-json\/wp\/v2\/categories?post=40771"},{"taxonomy":"post_tag","embeddable":true,"href":"https:\/\/www.veracel.com.br\/en\/wp-json\/wp\/v2\/tags?post=40771"}],"curies":[{"name":"wp","href":"https:\/\/api.w.org\/{rel}","templated":true}]}}