{"id":40927,"date":"2025-07-28T17:22:09","date_gmt":"2025-07-28T20:22:09","guid":{"rendered":"https:\/\/www.veracel.com.br\/?p=40927"},"modified":"2025-07-28T17:22:09","modified_gmt":"2025-07-28T20:22:09","slug":"veracel-realiza-i-seminario-sobre-gestao-ambiental-industrial","status":"publish","type":"post","link":"https:\/\/www.veracel.com.br\/en\/veracel-realiza-i-seminario-sobre-gestao-ambiental-industrial\/","title":{"rendered":"Veracel realiza I Semin\u00e1rio sobre Gest\u00e3o Ambiental Industrial"},"content":{"rendered":"<p><em>I Semin\u00e1rio sobre Gest\u00e3o Ambiental Industrial tem vagas limitadas, \u00e9 gratuito e acontece no audit\u00f3rio do IFBA, em Eun\u00e1polis<\/em><\/p>\n<p>&nbsp;<\/p>\n<p>Com o objetivo de ampliar o di\u00e1logo e a informa\u00e7\u00e3o sobre as pr\u00e1ticas ambientais adotadas na opera\u00e7\u00e3o industrial, a Veracel Celulose promove o I Semin\u00e1rio Gest\u00e3o Ambiental Industrial. Gratuito e aberto ao p\u00fablico, o evento acontece no dia 12 de agosto, das 13h30 \u00e0s 18 horas, no audit\u00f3rio do <a href=\"https:\/\/portal.ifba.edu.br\/\">Instituto Federal de Educa\u00e7\u00e3o, Ci\u00eancia e Tecnologia da Bahia (IFBA)<\/a> \u2013 Campus Eun\u00e1polis.<\/p>\n<p>Durante o semin\u00e1rio, ser\u00e3o abordados os principais temas que permeiam a rotina de gest\u00e3o ambiental da empresa, incluindo gest\u00e3o de efluentes, gest\u00e3o atmosf\u00e9rica, uso racional da \u00e1gua, gest\u00e3o de res\u00edduos s\u00f3lidos e o balan\u00e7o de atendimento \u00e0s condicionantes ambientais da licen\u00e7a de opera\u00e7\u00e3o da f\u00e1brica.<\/p>\n<p>A iniciativa visa compartilhar informa\u00e7\u00f5es de forma pr\u00e1tica e acess\u00edvel, responder a d\u00favidas e fortalecer a rela\u00e7\u00e3o com a comunidade local, institui\u00e7\u00f5es de ensino, organiza\u00e7\u00f5es ambientais e demais interessados.<\/p>\n<blockquote><p>\u201cO semin\u00e1rio refor\u00e7a o compromisso da Veracel com a sustentabilidade e com a promo\u00e7\u00e3o de conex\u00f5es com a sociedade. Queremos mostrar como os cuidados ambientais est\u00e3o presentes em nosso dia a dia e ouvir quem caminha junto conosco nesse territ\u00f3rio\u201d, destaca Tarciso Matos, coordenador de Meio Ambiente da empresa.<\/p><\/blockquote>\n<p>&nbsp;<\/p>\n<p>Os interessados devem fazer sua inscri\u00e7\u00e3o at\u00e9 o dia 7 de agosto, quinta-feira, por meio do <strong><a href=\"https:\/\/forms.office.com\/Pages\/ResponsePage.aspx?id=Y4DjmgooN0eaEaDcrtJCNtPZg-w-jblJpgw3rkoN_FdUQTQxVEJJMDhLRjlHWUQwT1oxVEFIMzZNOC4u\" target=\"_blank\" rel=\"noopener\">formul\u00e1rio dispon\u00edvel neste link<\/a><\/strong> ou pelo whatsapp (73) 99819-6090.<br \/>\nAs vagas s\u00e3o limitadas.<\/p>\n<p>&nbsp;<\/p>\n<h2>I Semin\u00e1rio Gest\u00e3o Ambiental Industrial<\/h2>\n<p><strong>Gratuito<\/strong><br \/>\n<strong>Data:<\/strong> 12 de agosto, ter\u00e7a-feira<br \/>\n<strong>Hor\u00e1rio:<\/strong> 13h30 \u00e0s 18h<br \/>\n<strong>Local:<\/strong> Audit\u00f3rio do IFBA \u2013 Campus Eun\u00e1polis<br \/>\n<strong>Endere\u00e7o:<\/strong> Av. David Jonas Fadini, s\/n, Bairro Rosa Neto, Eun\u00e1polis &#8211; BA<\/p>\n","protected":false},"excerpt":{"rendered":"<p>I Semin\u00e1rio sobre Gest\u00e3o Ambiental Industrial tem vagas limitadas, \u00e9 gratuito e acontece no audit\u00f3rio do IFBA, em Eun\u00e1polis &nbsp; Com o objetivo de ampliar o di\u00e1logo e a informa\u00e7\u00e3o sobre as pr\u00e1ticas ambientais adotadas na opera\u00e7\u00e3o industrial, a Veracel Celulose promove o I Semin\u00e1rio Gest\u00e3o Ambiental Industrial. Gratuito e aberto ao p\u00fablico, o evento [&hellip;]<\/p>\n","protected":false},"author":2,"featured_media":40928,"comment_status":"closed","ping_status":"closed","sticky":false,"template":"","format":"standard","meta":{"_acf_changed":false,"footnotes":"","_links_to":"","_links_to_target":""},"categories":[271,211],"tags":[],"class_list":["post-40927","post","type-post","status-publish","format-standard","has-post-thumbnail","hentry","category-a-veracel","category-noticias"],"acf":[],"yoast_head":"<!-- This site is optimized with the Yoast SEO Premium plugin v26.7 (Yoast SEO v27.4) - https:\/\/yoast.com\/product\/yoast-seo-premium-wordpress\/ -->\n<title>Veracel realiza I Semin\u00e1rio sobre Gest\u00e3o Ambiental Industrial<\/title>\n<meta name=\"description\" content=\"O I Semin\u00e1rio Gest\u00e3o Ambiental Industrial. \u00e9 gratuito, aberto ao p\u00fablico e acontece no dia 12 de agosto de 2025, das 13h30 \u00e0s 18 horas\" \/>\n<meta name=\"robots\" content=\"index, follow, max-snippet:-1, max-image-preview:large, max-video-preview:-1\" \/>\n<link rel=\"canonical\" href=\"https:\/\/www.veracel.com.br\/veracel-realiza-i-seminario-sobre-gestao-ambiental-industrial\/\" \/>\n<meta property=\"og:locale\" content=\"en_US\" \/>\n<meta property=\"og:type\" content=\"article\" \/>\n<meta property=\"og:title\" content=\"Veracel realiza I Semin\u00e1rio sobre Gest\u00e3o Ambiental Industrial\" \/>\n<meta property=\"og:description\" content=\"O I Semin\u00e1rio Gest\u00e3o Ambiental Industrial. \u00e9 gratuito, aberto ao p\u00fablico e acontece no dia 12 de agosto de 2025, das 13h30 \u00e0s 18 horas\" \/>\n<meta property=\"og:url\" content=\"https:\/\/www.veracel.com.br\/veracel-realiza-i-seminario-sobre-gestao-ambiental-industrial\/\" \/>\n<meta property=\"og:site_name\" content=\"Veracel Celulose\" \/>\n<meta property=\"article:published_time\" content=\"2025-07-28T20:22:09+00:00\" \/>\n<meta property=\"og:image\" content=\"https:\/\/www.veracel.com.br\/wp-content\/uploads\/2025\/07\/Seminario-Gestao-Ambiental-Industrial-veracel-celulose.jpg\" \/>\n\t<meta property=\"og:image:width\" content=\"1200\" \/>\n\t<meta property=\"og:image:height\" content=\"800\" \/>\n\t<meta property=\"og:image:type\" content=\"image\/jpeg\" \/>\n<meta name=\"author\" content=\"saulo\" \/>\n<meta name=\"twitter:card\" content=\"summary_large_image\" \/>\n<meta name=\"twitter:label1\" content=\"Written by\" \/>\n\t<meta name=\"twitter:data1\" content=\"saulo\" \/>\n\t<meta name=\"twitter:label2\" content=\"Est. reading time\" \/>\n\t<meta name=\"twitter:data2\" content=\"2 minutes\" \/>\n<script type=\"application\/ld+json\" class=\"yoast-schema-graph\">{\"@context\":\"https:\\\/\\\/schema.org\",\"@graph\":[{\"@type\":\"WebPage\",\"@id\":\"https:\\\/\\\/www.veracel.com.br\\\/veracel-realiza-i-seminario-sobre-gestao-ambiental-industrial\\\/\",\"url\":\"https:\\\/\\\/www.veracel.com.br\\\/veracel-realiza-i-seminario-sobre-gestao-ambiental-industrial\\\/\",\"name\":\"Veracel realiza I Semin\u00e1rio sobre Gest\u00e3o Ambiental Industrial\",\"isPartOf\":{\"@id\":\"https:\\\/\\\/www.veracel.com.br\\\/#website\"},\"primaryImageOfPage\":{\"@id\":\"https:\\\/\\\/www.veracel.com.br\\\/veracel-realiza-i-seminario-sobre-gestao-ambiental-industrial\\\/#primaryimage\"},\"image\":{\"@id\":\"https:\\\/\\\/www.veracel.com.br\\\/veracel-realiza-i-seminario-sobre-gestao-ambiental-industrial\\\/#primaryimage\"},\"thumbnailUrl\":\"https:\\\/\\\/www.veracel.com.br\\\/wp-content\\\/uploads\\\/2025\\\/07\\\/Seminario-Gestao-Ambiental-Industrial-veracel-celulose.jpg\",\"datePublished\":\"2025-07-28T20:22:09+00:00\",\"description\":\"O I Semin\u00e1rio Gest\u00e3o Ambiental Industrial. \u00e9 gratuito, aberto ao p\u00fablico e acontece no dia 12 de agosto de 2025, das 13h30 \u00e0s 18 horas\",\"breadcrumb\":{\"@id\":\"https:\\\/\\\/www.veracel.com.br\\\/veracel-realiza-i-seminario-sobre-gestao-ambiental-industrial\\\/#breadcrumb\"},\"inLanguage\":\"en-US\",\"potentialAction\":[{\"@type\":\"ReadAction\",\"target\":[\"https:\\\/\\\/www.veracel.com.br\\\/veracel-realiza-i-seminario-sobre-gestao-ambiental-industrial\\\/\"]}]},{\"@type\":\"ImageObject\",\"inLanguage\":\"en-US\",\"@id\":\"https:\\\/\\\/www.veracel.com.br\\\/veracel-realiza-i-seminario-sobre-gestao-ambiental-industrial\\\/#primaryimage\",\"url\":\"https:\\\/\\\/www.veracel.com.br\\\/wp-content\\\/uploads\\\/2025\\\/07\\\/Seminario-Gestao-Ambiental-Industrial-veracel-celulose.jpg\",\"contentUrl\":\"https:\\\/\\\/www.veracel.com.br\\\/wp-content\\\/uploads\\\/2025\\\/07\\\/Seminario-Gestao-Ambiental-Industrial-veracel-celulose.jpg\",\"width\":1200,\"height\":800},{\"@type\":\"BreadcrumbList\",\"@id\":\"https:\\\/\\\/www.veracel.com.br\\\/veracel-realiza-i-seminario-sobre-gestao-ambiental-industrial\\\/#breadcrumb\",\"itemListElement\":[{\"@type\":\"ListItem\",\"position\":1,\"name\":\"Home\",\"item\":\"https:\\\/\\\/www.veracel.com.br\\\/\"},{\"@type\":\"ListItem\",\"position\":2,\"name\":\"Not\u00edcias\",\"item\":\"https:\\\/\\\/www.veracel.com.br\\\/noticias\\\/\"},{\"@type\":\"ListItem\",\"position\":3,\"name\":\"Veracel realiza I Semin\u00e1rio sobre Gest\u00e3o Ambiental Industrial\"}]},{\"@type\":\"WebSite\",\"@id\":\"https:\\\/\\\/www.veracel.com.br\\\/#website\",\"url\":\"https:\\\/\\\/www.veracel.com.br\\\/\",\"name\":\"Veracel Celulose\",\"description\":\"Quando crescemos juntos vamos muito mais longe\",\"publisher\":{\"@id\":\"https:\\\/\\\/www.veracel.com.br\\\/#organization\"},\"potentialAction\":[{\"@type\":\"SearchAction\",\"target\":{\"@type\":\"EntryPoint\",\"urlTemplate\":\"https:\\\/\\\/www.veracel.com.br\\\/?s={search_term_string}\"},\"query-input\":{\"@type\":\"PropertyValueSpecification\",\"valueRequired\":true,\"valueName\":\"search_term_string\"}}],\"inLanguage\":\"en-US\"},{\"@type\":\"Organization\",\"@id\":\"https:\\\/\\\/www.veracel.com.br\\\/#organization\",\"name\":\"Veracel Celulose\",\"url\":\"https:\\\/\\\/www.veracel.com.br\\\/\",\"logo\":{\"@type\":\"ImageObject\",\"inLanguage\":\"en-US\",\"@id\":\"https:\\\/\\\/www.veracel.com.br\\\/#\\\/schema\\\/logo\\\/image\\\/\",\"url\":\"https:\\\/\\\/www.veracel.com.br\\\/wp-content\\\/uploads\\\/2024\\\/08\\\/Ativo-1.png\",\"contentUrl\":\"https:\\\/\\\/www.veracel.com.br\\\/wp-content\\\/uploads\\\/2024\\\/08\\\/Ativo-1.png\",\"width\":400,\"height\":121,\"caption\":\"Veracel Celulose\"},\"image\":{\"@id\":\"https:\\\/\\\/www.veracel.com.br\\\/#\\\/schema\\\/logo\\\/image\\\/\"},\"sameAs\":[\"https:\\\/\\\/www.instagram.com\\\/veracelcelulose\",\"https:\\\/\\\/www.linkedin.com\\\/company\\\/veracelcelulose\\\/\",\"https:\\\/\\\/www.youtube.com\\\/user\\\/CanalVeracel\"]}]}<\/script>\n<!-- \/ Yoast SEO Premium plugin. -->","yoast_head_json":{"title":"Veracel realiza I Semin\u00e1rio sobre Gest\u00e3o Ambiental Industrial","description":"O I Semin\u00e1rio Gest\u00e3o Ambiental Industrial. \u00e9 gratuito, aberto ao p\u00fablico e acontece no dia 12 de agosto de 2025, das 13h30 \u00e0s 18 horas","robots":{"index":"index","follow":"follow","max-snippet":"max-snippet:-1","max-image-preview":"max-image-preview:large","max-video-preview":"max-video-preview:-1"},"canonical":"https:\/\/www.veracel.com.br\/veracel-realiza-i-seminario-sobre-gestao-ambiental-industrial\/","og_locale":"en_US","og_type":"article","og_title":"Veracel realiza I Semin\u00e1rio sobre Gest\u00e3o Ambiental Industrial","og_description":"O I Semin\u00e1rio Gest\u00e3o Ambiental Industrial. \u00e9 gratuito, aberto ao p\u00fablico e acontece no dia 12 de agosto de 2025, das 13h30 \u00e0s 18 horas","og_url":"https:\/\/www.veracel.com.br\/veracel-realiza-i-seminario-sobre-gestao-ambiental-industrial\/","og_site_name":"Veracel Celulose","article_published_time":"2025-07-28T20:22:09+00:00","og_image":[{"width":1200,"height":800,"url":"https:\/\/www.veracel.com.br\/wp-content\/uploads\/2025\/07\/Seminario-Gestao-Ambiental-Industrial-veracel-celulose.jpg","type":"image\/jpeg"}],"author":"saulo","twitter_card":"summary_large_image","twitter_misc":{"Written by":"saulo","Est. reading time":"2 minutes"},"schema":{"@context":"https:\/\/schema.org","@graph":[{"@type":"WebPage","@id":"https:\/\/www.veracel.com.br\/veracel-realiza-i-seminario-sobre-gestao-ambiental-industrial\/","url":"https:\/\/www.veracel.com.br\/veracel-realiza-i-seminario-sobre-gestao-ambiental-industrial\/","name":"Veracel realiza I Semin\u00e1rio sobre Gest\u00e3o Ambiental Industrial","isPartOf":{"@id":"https:\/\/www.veracel.com.br\/#website"},"primaryImageOfPage":{"@id":"https:\/\/www.veracel.com.br\/veracel-realiza-i-seminario-sobre-gestao-ambiental-industrial\/#primaryimage"},"image":{"@id":"https:\/\/www.veracel.com.br\/veracel-realiza-i-seminario-sobre-gestao-ambiental-industrial\/#primaryimage"},"thumbnailUrl":"https:\/\/www.veracel.com.br\/wp-content\/uploads\/2025\/07\/Seminario-Gestao-Ambiental-Industrial-veracel-celulose.jpg","datePublished":"2025-07-28T20:22:09+00:00","description":"O I Semin\u00e1rio Gest\u00e3o Ambiental Industrial. \u00e9 gratuito, aberto ao p\u00fablico e acontece no dia 12 de agosto de 2025, das 13h30 \u00e0s 18 horas","breadcrumb":{"@id":"https:\/\/www.veracel.com.br\/veracel-realiza-i-seminario-sobre-gestao-ambiental-industrial\/#breadcrumb"},"inLanguage":"en-US","potentialAction":[{"@type":"ReadAction","target":["https:\/\/www.veracel.com.br\/veracel-realiza-i-seminario-sobre-gestao-ambiental-industrial\/"]}]},{"@type":"ImageObject","inLanguage":"en-US","@id":"https:\/\/www.veracel.com.br\/veracel-realiza-i-seminario-sobre-gestao-ambiental-industrial\/#primaryimage","url":"https:\/\/www.veracel.com.br\/wp-content\/uploads\/2025\/07\/Seminario-Gestao-Ambiental-Industrial-veracel-celulose.jpg","contentUrl":"https:\/\/www.veracel.com.br\/wp-content\/uploads\/2025\/07\/Seminario-Gestao-Ambiental-Industrial-veracel-celulose.jpg","width":1200,"height":800},{"@type":"BreadcrumbList","@id":"https:\/\/www.veracel.com.br\/veracel-realiza-i-seminario-sobre-gestao-ambiental-industrial\/#breadcrumb","itemListElement":[{"@type":"ListItem","position":1,"name":"Home","item":"https:\/\/www.veracel.com.br\/"},{"@type":"ListItem","position":2,"name":"Not\u00edcias","item":"https:\/\/www.veracel.com.br\/noticias\/"},{"@type":"ListItem","position":3,"name":"Veracel realiza I Semin\u00e1rio sobre Gest\u00e3o Ambiental Industrial"}]},{"@type":"WebSite","@id":"https:\/\/www.veracel.com.br\/#website","url":"https:\/\/www.veracel.com.br\/","name":"Veracel Celulose","description":"Quando crescemos juntos vamos muito mais longe","publisher":{"@id":"https:\/\/www.veracel.com.br\/#organization"},"potentialAction":[{"@type":"SearchAction","target":{"@type":"EntryPoint","urlTemplate":"https:\/\/www.veracel.com.br\/?s={search_term_string}"},"query-input":{"@type":"PropertyValueSpecification","valueRequired":true,"valueName":"search_term_string"}}],"inLanguage":"en-US"},{"@type":"Organization","@id":"https:\/\/www.veracel.com.br\/#organization","name":"Veracel Celulose","url":"https:\/\/www.veracel.com.br\/","logo":{"@type":"ImageObject","inLanguage":"en-US","@id":"https:\/\/www.veracel.com.br\/#\/schema\/logo\/image\/","url":"https:\/\/www.veracel.com.br\/wp-content\/uploads\/2024\/08\/Ativo-1.png","contentUrl":"https:\/\/www.veracel.com.br\/wp-content\/uploads\/2024\/08\/Ativo-1.png","width":400,"height":121,"caption":"Veracel Celulose"},"image":{"@id":"https:\/\/www.veracel.com.br\/#\/schema\/logo\/image\/"},"sameAs":["https:\/\/www.instagram.com\/veracelcelulose","https:\/\/www.linkedin.com\/company\/veracelcelulose\/","https:\/\/www.youtube.com\/user\/CanalVeracel"]}]}},"_links":{"self":[{"href":"https:\/\/www.veracel.com.br\/en\/wp-json\/wp\/v2\/posts\/40927","targetHints":{"allow":["GET"]}}],"collection":[{"href":"https:\/\/www.veracel.com.br\/en\/wp-json\/wp\/v2\/posts"}],"about":[{"href":"https:\/\/www.veracel.com.br\/en\/wp-json\/wp\/v2\/types\/post"}],"author":[{"embeddable":true,"href":"https:\/\/www.veracel.com.br\/en\/wp-json\/wp\/v2\/users\/2"}],"replies":[{"embeddable":true,"href":"https:\/\/www.veracel.com.br\/en\/wp-json\/wp\/v2\/comments?post=40927"}],"version-history":[{"count":1,"href":"https:\/\/www.veracel.com.br\/en\/wp-json\/wp\/v2\/posts\/40927\/revisions"}],"predecessor-version":[{"id":40930,"href":"https:\/\/www.veracel.com.br\/en\/wp-json\/wp\/v2\/posts\/40927\/revisions\/40930"}],"wp:featuredmedia":[{"embeddable":true,"href":"https:\/\/www.veracel.com.br\/en\/wp-json\/wp\/v2\/media\/40928"}],"wp:attachment":[{"href":"https:\/\/www.veracel.com.br\/en\/wp-json\/wp\/v2\/media?parent=40927"}],"wp:term":[{"taxonomy":"category","embeddable":true,"href":"https:\/\/www.veracel.com.br\/en\/wp-json\/wp\/v2\/categories?post=40927"},{"taxonomy":"post_tag","embeddable":true,"href":"https:\/\/www.veracel.com.br\/en\/wp-json\/wp\/v2\/tags?post=40927"}],"curies":[{"name":"wp","href":"https:\/\/api.w.org\/{rel}","templated":true}]}}