{"id":40956,"date":"2025-08-06T16:16:30","date_gmt":"2025-08-06T19:16:30","guid":{"rendered":"https:\/\/www.veracel.com.br\/?p=40956"},"modified":"2025-08-06T16:19:07","modified_gmt":"2025-08-06T19:19:07","slug":"veracel-realiza-semana-da-boa-conduta-com-duas-palestras-abertas-ao-publico","status":"publish","type":"post","link":"https:\/\/www.veracel.com.br\/en\/veracel-realiza-semana-da-boa-conduta-com-duas-palestras-abertas-ao-publico\/","title":{"rendered":"Veracel realiza Semana da Boa Conduta com duas palestras abertas ao p\u00fablico"},"content":{"rendered":"<p><em>A Semana da Boa Conduta faz parte de uma agenda anual da companhia para refor\u00e7ar uma atua\u00e7\u00e3o \u00edntegra, baseada em seu C\u00f3digo de Conduta para colaboradores pr\u00f3prios e terceiros<\/em><\/p>\n<p>&nbsp;<\/p>\n<p>Entre os dias 11 e 15 de agosto, a Veracel Celulose realiza mais uma edi\u00e7\u00e3o de sua <strong>Semana da Boa Conduta<\/strong>, evento que refor\u00e7a o compromisso da companhia com a \u00e9tica, a integridade e a conduta respons\u00e1vel em todas suas rela\u00e7\u00f5es. A iniciativa re\u00fane uma s\u00e9rie de medidas para promover o posicionamento e as diretrizes do seu <a href=\"https:\/\/www.veracel.com.br\/wp-content\/uploads\/2020\/08\/Co%CC%81digo-de-Conduta-Portugue%CC%82s-II.pdf\" target=\"_blank\" rel=\"noopener\">C\u00f3digo de Conduta<\/a>, pilar fundamental de atua\u00e7\u00e3o da empresa.<\/p>\n<p>A Semana da Boa Conduta faz parte do calend\u00e1rio anual da Veracel e fortalece o compromisso com uma cultura organizacional s\u00f3lida, segura e \u00edntegra. A edi\u00e7\u00e3o desse ano traz um diferencial que busca compartilhar esses temas para al\u00e9m da organiza\u00e7\u00e3o e atingir a comunidade local.<\/p>\n<p>A programa\u00e7\u00e3o contar\u00e1 com a participa\u00e7\u00e3o de profissionais experientes em diversas \u00e1reas de atua\u00e7\u00e3o ao longo de cinco dias. Durante esse per\u00edodo, a Veracel ir\u00e1 transmitir, ao vivo pelo seu canal do Youtube, duas palestras de forma gratuita para qualquer pessoa interessada. No dia 12\/08, \u00e0s 14h, acontece a palestra\u00a0Intelig\u00eancia Artificial \u2013 Riscos e Privacidade de Dados, ministrada por especialistas da consultora global especializada no desenvolvimento de solu\u00e7\u00f5es inovadoras de dados e de tecnologia digital para a gest\u00e3o de desempenho, Keyrus, e profissionais da Veracel. J\u00e1 no dia 13\/08, no mesmo hor\u00e1rio, acontece a palestra\u00a0Cicatrizes Corporativas: como o ass\u00e9dio desconstr\u00f3i legados e deixa marcas, com Roberta Carneiro, advogada especializada em ESG e Governan\u00e7a Corporativa.<\/p>\n<p>As apresenta\u00e7\u00f5es n\u00e3o exigem inscri\u00e7\u00e3o pr\u00e9via e podem ser acompanhadas pelo <strong><a href=\"https:\/\/www.youtube.com\/@CanalVeracel\" target=\"_blank\" rel=\"noopener\">canal da Veracel Celulose no YouTube<\/a><\/strong>.<\/p>\n<p>O C\u00f3digo de Conduta da Veracel \u00e9 uma s\u00edntese das pr\u00e1ticas exigidas pela companhia de suas pessoas e empresas parceiras, contemplando os conceitos mais modernos sobre \u00e9tica e compliance.<\/p>\n<p>&nbsp;<\/p>\n<p><strong>Palestra Intelig\u00eancia Artificial \u2013 Riscos e Privacidade de Dados<br \/>\n<\/strong>Data: 12\/08<br \/>\nHor\u00e1rio: 14h \u00e0s 15h<br \/>\nPalestrantes: especialistas da Keyrus e da Veracel<br \/>\nTransmiss\u00e3o: <strong><a href=\"https:\/\/www.youtube.com\/@CanalVeracel\" target=\"_blank\" rel=\"noopener\">YouTube<\/a><\/strong><\/p>\n<p><strong>Palestra Cicatrizes Corporativas: como ass\u00e9dio descontr\u00f3i legados e deixa marcas<br \/>\n<\/strong>Data:\u00a013\/08<br \/>\nHor\u00e1rio:\u00a014h \u00e0s 15h<br \/>\nPalestrante:\u00a0Roberta Carneiro, advogada especializada em ESG e Governan\u00e7a Corporativa<br \/>\nTransmiss\u00e3o: <strong><a href=\"https:\/\/www.youtube.com\/@CanalVeracel\" target=\"_blank\" rel=\"noopener\">YouTube<\/a><\/strong><\/p>\n<p>&nbsp;<\/p>\n<p><strong><a href=\"https:\/\/www.veracel.com.br\/sustentabilidade\/boa-conduta\/\">Saiba mais sobre as a\u00e7\u00f5es de Boa Conduta da Veracel Celulose<\/a><\/strong><\/p>\n","protected":false},"excerpt":{"rendered":"<p>A Semana da Boa Conduta faz parte de uma agenda anual da companhia para refor\u00e7ar uma atua\u00e7\u00e3o \u00edntegra, baseada em seu C\u00f3digo de Conduta para colaboradores pr\u00f3prios e terceiros &nbsp; Entre os dias 11 e 15 de agosto, a Veracel Celulose realiza mais uma edi\u00e7\u00e3o de sua Semana da Boa Conduta, evento que refor\u00e7a o [&hellip;]<\/p>\n","protected":false},"author":2,"featured_media":40957,"comment_status":"closed","ping_status":"closed","sticky":false,"template":"","format":"standard","meta":{"_acf_changed":false,"footnotes":"","_links_to":"","_links_to_target":""},"categories":[271,211],"tags":[],"class_list":["post-40956","post","type-post","status-publish","format-standard","has-post-thumbnail","hentry","category-a-veracel","category-noticias"],"acf":[],"yoast_head":"<!-- This site is optimized with the Yoast SEO Premium plugin v26.7 (Yoast SEO v27.4) - https:\/\/yoast.com\/product\/yoast-seo-premium-wordpress\/ -->\n<title>Semana da Boa Conduta ter\u00e1 duas palestras abertas ao p\u00fablico<\/title>\n<meta name=\"description\" content=\"A Semana da Boa Conduta faz parte de uma agenda anual da companhia para refor\u00e7ar uma atua\u00e7\u00e3o \u00edntegra, baseada em seu C\u00f3digo de Conduta\" \/>\n<meta name=\"robots\" content=\"index, follow, max-snippet:-1, max-image-preview:large, max-video-preview:-1\" \/>\n<link rel=\"canonical\" href=\"https:\/\/www.veracel.com.br\/veracel-realiza-semana-da-boa-conduta-com-duas-palestras-abertas-ao-publico\/\" \/>\n<meta property=\"og:locale\" content=\"en_US\" \/>\n<meta property=\"og:type\" content=\"article\" \/>\n<meta property=\"og:title\" content=\"Veracel realiza Semana da Boa Conduta com duas palestras abertas ao p\u00fablico\" \/>\n<meta property=\"og:description\" content=\"A Semana da Boa Conduta faz parte de uma agenda anual da companhia para refor\u00e7ar uma atua\u00e7\u00e3o \u00edntegra, baseada em seu C\u00f3digo de Conduta\" \/>\n<meta property=\"og:url\" content=\"https:\/\/www.veracel.com.br\/veracel-realiza-semana-da-boa-conduta-com-duas-palestras-abertas-ao-publico\/\" \/>\n<meta property=\"og:site_name\" content=\"Veracel Celulose\" \/>\n<meta property=\"article:published_time\" content=\"2025-08-06T19:16:30+00:00\" \/>\n<meta property=\"article:modified_time\" content=\"2025-08-06T19:19:07+00:00\" \/>\n<meta property=\"og:image\" content=\"https:\/\/www.veracel.com.br\/wp-content\/uploads\/2025\/08\/semana-boa-conduta-veracel-celulose.jpg\" \/>\n\t<meta property=\"og:image:width\" content=\"1131\" \/>\n\t<meta property=\"og:image:height\" content=\"578\" \/>\n\t<meta property=\"og:image:type\" content=\"image\/jpeg\" \/>\n<meta name=\"author\" content=\"saulo\" \/>\n<meta name=\"twitter:card\" content=\"summary_large_image\" \/>\n<meta name=\"twitter:label1\" content=\"Written by\" \/>\n\t<meta name=\"twitter:data1\" content=\"saulo\" \/>\n\t<meta name=\"twitter:label2\" content=\"Est. reading time\" \/>\n\t<meta name=\"twitter:data2\" content=\"3 minutes\" \/>\n<script type=\"application\/ld+json\" class=\"yoast-schema-graph\">{\"@context\":\"https:\\\/\\\/schema.org\",\"@graph\":[{\"@type\":\"WebPage\",\"@id\":\"https:\\\/\\\/www.veracel.com.br\\\/veracel-realiza-semana-da-boa-conduta-com-duas-palestras-abertas-ao-publico\\\/\",\"url\":\"https:\\\/\\\/www.veracel.com.br\\\/veracel-realiza-semana-da-boa-conduta-com-duas-palestras-abertas-ao-publico\\\/\",\"name\":\"Semana da Boa Conduta ter\u00e1 duas palestras abertas ao p\u00fablico\",\"isPartOf\":{\"@id\":\"https:\\\/\\\/www.veracel.com.br\\\/#website\"},\"primaryImageOfPage\":{\"@id\":\"https:\\\/\\\/www.veracel.com.br\\\/veracel-realiza-semana-da-boa-conduta-com-duas-palestras-abertas-ao-publico\\\/#primaryimage\"},\"image\":{\"@id\":\"https:\\\/\\\/www.veracel.com.br\\\/veracel-realiza-semana-da-boa-conduta-com-duas-palestras-abertas-ao-publico\\\/#primaryimage\"},\"thumbnailUrl\":\"https:\\\/\\\/www.veracel.com.br\\\/wp-content\\\/uploads\\\/2025\\\/08\\\/semana-boa-conduta-veracel-celulose.jpg\",\"datePublished\":\"2025-08-06T19:16:30+00:00\",\"dateModified\":\"2025-08-06T19:19:07+00:00\",\"description\":\"A Semana da Boa Conduta faz parte de uma agenda anual da companhia para refor\u00e7ar uma atua\u00e7\u00e3o \u00edntegra, baseada em seu C\u00f3digo de Conduta\",\"breadcrumb\":{\"@id\":\"https:\\\/\\\/www.veracel.com.br\\\/veracel-realiza-semana-da-boa-conduta-com-duas-palestras-abertas-ao-publico\\\/#breadcrumb\"},\"inLanguage\":\"en-US\",\"potentialAction\":[{\"@type\":\"ReadAction\",\"target\":[\"https:\\\/\\\/www.veracel.com.br\\\/veracel-realiza-semana-da-boa-conduta-com-duas-palestras-abertas-ao-publico\\\/\"]}]},{\"@type\":\"ImageObject\",\"inLanguage\":\"en-US\",\"@id\":\"https:\\\/\\\/www.veracel.com.br\\\/veracel-realiza-semana-da-boa-conduta-com-duas-palestras-abertas-ao-publico\\\/#primaryimage\",\"url\":\"https:\\\/\\\/www.veracel.com.br\\\/wp-content\\\/uploads\\\/2025\\\/08\\\/semana-boa-conduta-veracel-celulose.jpg\",\"contentUrl\":\"https:\\\/\\\/www.veracel.com.br\\\/wp-content\\\/uploads\\\/2025\\\/08\\\/semana-boa-conduta-veracel-celulose.jpg\",\"width\":1131,\"height\":578},{\"@type\":\"BreadcrumbList\",\"@id\":\"https:\\\/\\\/www.veracel.com.br\\\/veracel-realiza-semana-da-boa-conduta-com-duas-palestras-abertas-ao-publico\\\/#breadcrumb\",\"itemListElement\":[{\"@type\":\"ListItem\",\"position\":1,\"name\":\"Home\",\"item\":\"https:\\\/\\\/www.veracel.com.br\\\/\"},{\"@type\":\"ListItem\",\"position\":2,\"name\":\"Not\u00edcias\",\"item\":\"https:\\\/\\\/www.veracel.com.br\\\/noticias\\\/\"},{\"@type\":\"ListItem\",\"position\":3,\"name\":\"Veracel realiza Semana da Boa Conduta com duas palestras abertas ao p\u00fablico\"}]},{\"@type\":\"WebSite\",\"@id\":\"https:\\\/\\\/www.veracel.com.br\\\/#website\",\"url\":\"https:\\\/\\\/www.veracel.com.br\\\/\",\"name\":\"Veracel Celulose\",\"description\":\"Quando crescemos juntos vamos muito mais longe\",\"publisher\":{\"@id\":\"https:\\\/\\\/www.veracel.com.br\\\/#organization\"},\"potentialAction\":[{\"@type\":\"SearchAction\",\"target\":{\"@type\":\"EntryPoint\",\"urlTemplate\":\"https:\\\/\\\/www.veracel.com.br\\\/?s={search_term_string}\"},\"query-input\":{\"@type\":\"PropertyValueSpecification\",\"valueRequired\":true,\"valueName\":\"search_term_string\"}}],\"inLanguage\":\"en-US\"},{\"@type\":\"Organization\",\"@id\":\"https:\\\/\\\/www.veracel.com.br\\\/#organization\",\"name\":\"Veracel Celulose\",\"url\":\"https:\\\/\\\/www.veracel.com.br\\\/\",\"logo\":{\"@type\":\"ImageObject\",\"inLanguage\":\"en-US\",\"@id\":\"https:\\\/\\\/www.veracel.com.br\\\/#\\\/schema\\\/logo\\\/image\\\/\",\"url\":\"https:\\\/\\\/www.veracel.com.br\\\/wp-content\\\/uploads\\\/2024\\\/08\\\/Ativo-1.png\",\"contentUrl\":\"https:\\\/\\\/www.veracel.com.br\\\/wp-content\\\/uploads\\\/2024\\\/08\\\/Ativo-1.png\",\"width\":400,\"height\":121,\"caption\":\"Veracel Celulose\"},\"image\":{\"@id\":\"https:\\\/\\\/www.veracel.com.br\\\/#\\\/schema\\\/logo\\\/image\\\/\"},\"sameAs\":[\"https:\\\/\\\/www.instagram.com\\\/veracelcelulose\",\"https:\\\/\\\/www.linkedin.com\\\/company\\\/veracelcelulose\\\/\",\"https:\\\/\\\/www.youtube.com\\\/user\\\/CanalVeracel\"]}]}<\/script>\n<!-- \/ Yoast SEO Premium plugin. -->","yoast_head_json":{"title":"Semana da Boa Conduta ter\u00e1 duas palestras abertas ao p\u00fablico","description":"A Semana da Boa Conduta faz parte de uma agenda anual da companhia para refor\u00e7ar uma atua\u00e7\u00e3o \u00edntegra, baseada em seu C\u00f3digo de Conduta","robots":{"index":"index","follow":"follow","max-snippet":"max-snippet:-1","max-image-preview":"max-image-preview:large","max-video-preview":"max-video-preview:-1"},"canonical":"https:\/\/www.veracel.com.br\/veracel-realiza-semana-da-boa-conduta-com-duas-palestras-abertas-ao-publico\/","og_locale":"en_US","og_type":"article","og_title":"Veracel realiza Semana da Boa Conduta com duas palestras abertas ao p\u00fablico","og_description":"A Semana da Boa Conduta faz parte de uma agenda anual da companhia para refor\u00e7ar uma atua\u00e7\u00e3o \u00edntegra, baseada em seu C\u00f3digo de Conduta","og_url":"https:\/\/www.veracel.com.br\/veracel-realiza-semana-da-boa-conduta-com-duas-palestras-abertas-ao-publico\/","og_site_name":"Veracel Celulose","article_published_time":"2025-08-06T19:16:30+00:00","article_modified_time":"2025-08-06T19:19:07+00:00","og_image":[{"width":1131,"height":578,"url":"https:\/\/www.veracel.com.br\/wp-content\/uploads\/2025\/08\/semana-boa-conduta-veracel-celulose.jpg","type":"image\/jpeg"}],"author":"saulo","twitter_card":"summary_large_image","twitter_misc":{"Written by":"saulo","Est. reading time":"3 minutes"},"schema":{"@context":"https:\/\/schema.org","@graph":[{"@type":"WebPage","@id":"https:\/\/www.veracel.com.br\/veracel-realiza-semana-da-boa-conduta-com-duas-palestras-abertas-ao-publico\/","url":"https:\/\/www.veracel.com.br\/veracel-realiza-semana-da-boa-conduta-com-duas-palestras-abertas-ao-publico\/","name":"Semana da Boa Conduta ter\u00e1 duas palestras abertas ao p\u00fablico","isPartOf":{"@id":"https:\/\/www.veracel.com.br\/#website"},"primaryImageOfPage":{"@id":"https:\/\/www.veracel.com.br\/veracel-realiza-semana-da-boa-conduta-com-duas-palestras-abertas-ao-publico\/#primaryimage"},"image":{"@id":"https:\/\/www.veracel.com.br\/veracel-realiza-semana-da-boa-conduta-com-duas-palestras-abertas-ao-publico\/#primaryimage"},"thumbnailUrl":"https:\/\/www.veracel.com.br\/wp-content\/uploads\/2025\/08\/semana-boa-conduta-veracel-celulose.jpg","datePublished":"2025-08-06T19:16:30+00:00","dateModified":"2025-08-06T19:19:07+00:00","description":"A Semana da Boa Conduta faz parte de uma agenda anual da companhia para refor\u00e7ar uma atua\u00e7\u00e3o \u00edntegra, baseada em seu C\u00f3digo de Conduta","breadcrumb":{"@id":"https:\/\/www.veracel.com.br\/veracel-realiza-semana-da-boa-conduta-com-duas-palestras-abertas-ao-publico\/#breadcrumb"},"inLanguage":"en-US","potentialAction":[{"@type":"ReadAction","target":["https:\/\/www.veracel.com.br\/veracel-realiza-semana-da-boa-conduta-com-duas-palestras-abertas-ao-publico\/"]}]},{"@type":"ImageObject","inLanguage":"en-US","@id":"https:\/\/www.veracel.com.br\/veracel-realiza-semana-da-boa-conduta-com-duas-palestras-abertas-ao-publico\/#primaryimage","url":"https:\/\/www.veracel.com.br\/wp-content\/uploads\/2025\/08\/semana-boa-conduta-veracel-celulose.jpg","contentUrl":"https:\/\/www.veracel.com.br\/wp-content\/uploads\/2025\/08\/semana-boa-conduta-veracel-celulose.jpg","width":1131,"height":578},{"@type":"BreadcrumbList","@id":"https:\/\/www.veracel.com.br\/veracel-realiza-semana-da-boa-conduta-com-duas-palestras-abertas-ao-publico\/#breadcrumb","itemListElement":[{"@type":"ListItem","position":1,"name":"Home","item":"https:\/\/www.veracel.com.br\/"},{"@type":"ListItem","position":2,"name":"Not\u00edcias","item":"https:\/\/www.veracel.com.br\/noticias\/"},{"@type":"ListItem","position":3,"name":"Veracel realiza Semana da Boa Conduta com duas palestras abertas ao p\u00fablico"}]},{"@type":"WebSite","@id":"https:\/\/www.veracel.com.br\/#website","url":"https:\/\/www.veracel.com.br\/","name":"Veracel Celulose","description":"Quando crescemos juntos vamos muito mais longe","publisher":{"@id":"https:\/\/www.veracel.com.br\/#organization"},"potentialAction":[{"@type":"SearchAction","target":{"@type":"EntryPoint","urlTemplate":"https:\/\/www.veracel.com.br\/?s={search_term_string}"},"query-input":{"@type":"PropertyValueSpecification","valueRequired":true,"valueName":"search_term_string"}}],"inLanguage":"en-US"},{"@type":"Organization","@id":"https:\/\/www.veracel.com.br\/#organization","name":"Veracel Celulose","url":"https:\/\/www.veracel.com.br\/","logo":{"@type":"ImageObject","inLanguage":"en-US","@id":"https:\/\/www.veracel.com.br\/#\/schema\/logo\/image\/","url":"https:\/\/www.veracel.com.br\/wp-content\/uploads\/2024\/08\/Ativo-1.png","contentUrl":"https:\/\/www.veracel.com.br\/wp-content\/uploads\/2024\/08\/Ativo-1.png","width":400,"height":121,"caption":"Veracel Celulose"},"image":{"@id":"https:\/\/www.veracel.com.br\/#\/schema\/logo\/image\/"},"sameAs":["https:\/\/www.instagram.com\/veracelcelulose","https:\/\/www.linkedin.com\/company\/veracelcelulose\/","https:\/\/www.youtube.com\/user\/CanalVeracel"]}]}},"_links":{"self":[{"href":"https:\/\/www.veracel.com.br\/en\/wp-json\/wp\/v2\/posts\/40956","targetHints":{"allow":["GET"]}}],"collection":[{"href":"https:\/\/www.veracel.com.br\/en\/wp-json\/wp\/v2\/posts"}],"about":[{"href":"https:\/\/www.veracel.com.br\/en\/wp-json\/wp\/v2\/types\/post"}],"author":[{"embeddable":true,"href":"https:\/\/www.veracel.com.br\/en\/wp-json\/wp\/v2\/users\/2"}],"replies":[{"embeddable":true,"href":"https:\/\/www.veracel.com.br\/en\/wp-json\/wp\/v2\/comments?post=40956"}],"version-history":[{"count":2,"href":"https:\/\/www.veracel.com.br\/en\/wp-json\/wp\/v2\/posts\/40956\/revisions"}],"predecessor-version":[{"id":40960,"href":"https:\/\/www.veracel.com.br\/en\/wp-json\/wp\/v2\/posts\/40956\/revisions\/40960"}],"wp:featuredmedia":[{"embeddable":true,"href":"https:\/\/www.veracel.com.br\/en\/wp-json\/wp\/v2\/media\/40957"}],"wp:attachment":[{"href":"https:\/\/www.veracel.com.br\/en\/wp-json\/wp\/v2\/media?parent=40956"}],"wp:term":[{"taxonomy":"category","embeddable":true,"href":"https:\/\/www.veracel.com.br\/en\/wp-json\/wp\/v2\/categories?post=40956"},{"taxonomy":"post_tag","embeddable":true,"href":"https:\/\/www.veracel.com.br\/en\/wp-json\/wp\/v2\/tags?post=40956"}],"curies":[{"name":"wp","href":"https:\/\/api.w.org\/{rel}","templated":true}]}}