{"id":41020,"date":"2025-08-13T14:46:00","date_gmt":"2025-08-13T17:46:00","guid":{"rendered":"https:\/\/www.veracel.com.br\/?p=41020"},"modified":"2025-08-13T14:46:48","modified_gmt":"2025-08-13T17:46:48","slug":"veracel-e-senai-bahia-oferecem-cursos-profissionalizantes-gratuitos","status":"publish","type":"post","link":"https:\/\/www.veracel.com.br\/en\/veracel-e-senai-bahia-oferecem-cursos-profissionalizantes-gratuitos\/","title":{"rendered":"Veracel e Senai Bahia oferecem cursos profissionalizantes gratuitos"},"content":{"rendered":"<p>A Veracel, em parceria com o Senai Bahia, anuncia o lan\u00e7amento de dois novos cursos profissionalizantes gratuitos e refor\u00e7a sua estrat\u00e9gia de apoiar a forma\u00e7\u00e3o e desenvolvimento de profissionais para \u00e1reas estrat\u00e9gicas e de alta demanda. Desta vez, os cursos s\u00e3o:\u00a0<strong>Qualifica\u00e7\u00e3o Profissional em\u00a0Assistente Administrativo e Recursos Humanos<\/strong>,\u00a0e\u00a0<strong>Curso T\u00e9cnico de N\u00edvel M\u00e9dio em Celulose e Papel<\/strong>. As inscri\u00e7\u00f5es est\u00e3o abertas e t\u00eam datas distintas de encerramento.<\/p>\n<p>&nbsp;<\/p>\n<h2>Curso de Qualifica\u00e7\u00e3o Profissional em Assistente Administrativo e Recursos Humanos<\/h2>\n<p>O curso de\u00a0Qualifica\u00e7\u00e3o Profissional em Assistente Administrativo e Recursos Humanos\u00a0possui 50 vagas e \u00e9 voltado exclusivamente para Pessoas com Defici\u00eancia (PCD). As aulas acontecer\u00e3o de setembro a dezembro, no per\u00edodo matutino, de forma totalmente remota. Para se candidatar, \u00e9 necess\u00e1rio ter Ensino Fundamental completo, idade m\u00ednima de 16 anos e laudo m\u00e9dico atualizado. O processo seletivo ser\u00e1 online e contar\u00e1 com tr\u00eas etapas: inscri\u00e7\u00e3o, an\u00e1lise documental e curricular, e prova online. As inscri\u00e7\u00f5es v\u00e3o at\u00e9\u00a027 de agosto, atrav\u00e9s\u00a0da plataforma do Senai, com in\u00edcio previsto para\u00a018 de setembro.<\/p>\n<h2><\/h2>\n<h2>Curso T\u00e9cnico em Celulose e Papel<\/h2>\n<p>O Curso T\u00e9cnico em Celulose e Papel possui 50 vagas e \u00e9 gratuito. Podem se inscrever candidatos que tenham conclu\u00eddo o Ensino M\u00e9dio ou estejam no 2\u00ba ano, e tenham disponibilidade para frequentar as aulas, que ser\u00e3o presenciais na cidade Eun\u00e1polis (BA), no per\u00edodo noturno. O curso ter\u00e1 uma carga de 1200 horas, com aulas te\u00f3ricas e pr\u00e1ticas, e acontece de setembro de 2025 a agosto de 2027. O processo seletivo contar\u00e1 com quatro etapas: inscri\u00e7\u00e3o, an\u00e1lise documental, prova online e entrevista em grupo. As inscri\u00e7\u00f5es est\u00e3o dispon\u00edveis no at\u00e9 o dia 17 de agosto.<\/p>\n<p>&nbsp;<\/p>\n<p>Essa iniciativa refor\u00e7a o compromisso da Veracel e do SENAI com o desenvolvimento regional, a inclus\u00e3o social e a promo\u00e7\u00e3o da empregabilidade por meio da educa\u00e7\u00e3o t\u00e9cnica e profissional, oferecendo oportunidades de qualifica\u00e7\u00e3o alinhadas \u00e0s demandas do mercado de trabalho e contribuindo para o crescimento sustent\u00e1vel da regi\u00e3o.<\/p>\n<p>&nbsp;<\/p>\n<h2>Links de inscri\u00e7\u00f5es:<\/h2>\n<p><strong><a href=\"https:\/\/www.senaibahia.com.br\/qualificacao-profissional-em-assistente-administrativo-e-recursos-humanos-pcd\/\" target=\"_blank\" rel=\"noopener\">Qualifica\u00e7\u00e3o Profissional em Assistente Administrativo e Recursos Humanos<\/a><\/strong>\u00a0&#8211; Inscri\u00e7\u00f5es at\u00e9 27 de agosto &#8211;<\/p>\n<p><strong><a href=\"https:\/\/www.senaibahia.com.br\/celulose-e-papel\/\" target=\"_blank\" rel=\"noopener\">Curso T\u00e9cnico em Celulose e Papel<\/a>\u00a0<\/strong>&#8211; Inscri\u00e7\u00f5es at\u00e9 17 agosto<\/p>\n<p>&nbsp;<\/p>\n<h2>Mais informa\u00e7\u00f5es sobre a Veracel Celulose:<\/h2>\n<p>A Veracel Celulose \u00e9 uma empresa da bioeconomia brasileira que produz celulose de forma sustent\u00e1vel a partir da fibra do eucalipto. Ao todo, as opera\u00e7\u00f5es da empresa abrangem 11 munic\u00edpios da Costa do Descobrimento, no extremo sul da Bahia. Os acionistas da companhia s\u00e3o a brasileira Suzano e a sueco-finlandesa Stora Enso, ambas com tradi\u00e7\u00e3o na produ\u00e7\u00e3o de celulose e papel. <strong><a href=\"https:\/\/www.veracel.com.br\/nosso-jeito\/\">Saiba mais sobre a Veracel Celulose<\/a><\/strong>.<\/p>\n<p>A companhia est\u00e1 inserida em um ambiente de grande biodiversidade e m\u00faltiplas culturas.\u00a0 A Veracel entende que produzir celulose de forma sustent\u00e1vel a torna especial, com grandes desafios e responsabilidades. Nesse contexto, a empresa protege o meio ambiente na\u00a0<strong><a href=\"https:\/\/www.veracel.com.br\/rppn-estacao-veracel\/\">RPPN (Reserva Particular do Patrim\u00f4nio Natural) Esta\u00e7\u00e3o Veracel\u00a0<\/a><\/strong>e em mais de 90 mil hectares preservados de Mata Atl\u00e2ntica que mant\u00e9m.<\/p>\n<p>A empresa promove o desenvolvimento social das comunidades vizinhas, entendendo que suas a\u00e7\u00f5es mudam positivamente o mundo e colaborando para o cumprimento de metas globais de desenvolvimento sustent\u00e1vel.<\/p>\n<p>O processo seletivo ser\u00e1 promovido em alinhamento com os pilares de Diversidade e Inclus\u00e3o da Veracel. Todas as vagas est\u00e3o dispon\u00edveis para pessoas com defici\u00eancia.<\/p>\n<p>A Veracel faz parte do ranking de melhores lugares para trabalhar da Bahia, de acordo com a consultoria global <strong><a href=\"https:\/\/www.veracel.com.br\/veracel-conquista-pela-setima-vez-consecutiva-a-certificacao-great-place-to-work-gptw\/\">Great Place to Work \u2013 GPTW, pelo 7\u00ba ano consecutivo<\/a><\/strong>.<\/p>\n<p>A Veracel \u00e9 formada por um time diverso, que tem orgulho do que faz e reconhece a empresa como\u00a0uma das melhores para trabalhar no Brasil.<\/p>\n<p>Para a companhia, crescer significa contribuir para um ambiente melhor para todos. \u00c9 assim que a Veracel busca viver seu prop\u00f3sito de ser respons\u00e1vel, inspirar pessoas e valorizar a vida.<\/p>\n","protected":false},"excerpt":{"rendered":"<p>A Veracel, em parceria com o Senai Bahia, anuncia o lan\u00e7amento de dois novos cursos profissionalizantes gratuitos e refor\u00e7a sua estrat\u00e9gia de apoiar a forma\u00e7\u00e3o e desenvolvimento de profissionais para \u00e1reas estrat\u00e9gicas e de alta demanda. Desta vez, os cursos s\u00e3o:\u00a0Qualifica\u00e7\u00e3o Profissional em\u00a0Assistente Administrativo e Recursos Humanos,\u00a0e\u00a0Curso T\u00e9cnico de N\u00edvel M\u00e9dio em Celulose e Papel. [&hellip;]<\/p>\n","protected":false},"author":2,"featured_media":41025,"comment_status":"closed","ping_status":"closed","sticky":false,"template":"","format":"standard","meta":{"_acf_changed":false,"footnotes":"","_links_to":"","_links_to_target":""},"categories":[271,211],"tags":[],"class_list":["post-41020","post","type-post","status-publish","format-standard","has-post-thumbnail","hentry","category-a-veracel","category-noticias"],"acf":[],"yoast_head":"<!-- This site is optimized with the Yoast SEO Premium plugin v26.7 (Yoast SEO v27.4) - https:\/\/yoast.com\/product\/yoast-seo-premium-wordpress\/ -->\n<title>Veracel e Senai oferecem cursos profissionalizantes gratuitos<\/title>\n<meta name=\"description\" content=\"Inscri\u00e7\u00f5es abertas para 2 novos cursos profissionalizantes gratuitos da Veracel Celulose em parceria com o Senai Bahia\" \/>\n<meta name=\"robots\" content=\"index, follow, max-snippet:-1, max-image-preview:large, max-video-preview:-1\" \/>\n<link rel=\"canonical\" href=\"https:\/\/www.veracel.com.br\/veracel-e-senai-bahia-oferecem-cursos-profissionalizantes-gratuitos\/\" \/>\n<meta property=\"og:locale\" content=\"en_US\" \/>\n<meta property=\"og:type\" content=\"article\" \/>\n<meta property=\"og:title\" content=\"Veracel e Senai Bahia oferecem cursos profissionalizantes gratuitos\" \/>\n<meta property=\"og:description\" content=\"Inscri\u00e7\u00f5es abertas para 2 novos cursos profissionalizantes gratuitos da Veracel Celulose em parceria com o Senai Bahia\" \/>\n<meta property=\"og:url\" content=\"https:\/\/www.veracel.com.br\/veracel-e-senai-bahia-oferecem-cursos-profissionalizantes-gratuitos\/\" \/>\n<meta property=\"og:site_name\" content=\"Veracel Celulose\" \/>\n<meta property=\"article:published_time\" content=\"2025-08-13T17:46:00+00:00\" \/>\n<meta property=\"article:modified_time\" content=\"2025-08-13T17:46:48+00:00\" \/>\n<meta property=\"og:image\" content=\"https:\/\/www.veracel.com.br\/wp-content\/uploads\/2025\/08\/curso-veracel-senai.webp\" \/>\n\t<meta property=\"og:image:width\" content=\"768\" \/>\n\t<meta property=\"og:image:height\" content=\"512\" \/>\n\t<meta property=\"og:image:type\" content=\"image\/webp\" \/>\n<meta name=\"author\" content=\"saulo\" \/>\n<meta name=\"twitter:card\" content=\"summary_large_image\" \/>\n<meta name=\"twitter:label1\" content=\"Written by\" \/>\n\t<meta name=\"twitter:data1\" content=\"saulo\" \/>\n\t<meta name=\"twitter:label2\" content=\"Est. reading time\" \/>\n\t<meta name=\"twitter:data2\" content=\"4 minutes\" \/>\n<script type=\"application\/ld+json\" class=\"yoast-schema-graph\">{\"@context\":\"https:\\\/\\\/schema.org\",\"@graph\":[{\"@type\":\"WebPage\",\"@id\":\"https:\\\/\\\/www.veracel.com.br\\\/veracel-e-senai-bahia-oferecem-cursos-profissionalizantes-gratuitos\\\/\",\"url\":\"https:\\\/\\\/www.veracel.com.br\\\/veracel-e-senai-bahia-oferecem-cursos-profissionalizantes-gratuitos\\\/\",\"name\":\"Veracel e Senai oferecem cursos profissionalizantes gratuitos\",\"isPartOf\":{\"@id\":\"https:\\\/\\\/www.veracel.com.br\\\/#website\"},\"primaryImageOfPage\":{\"@id\":\"https:\\\/\\\/www.veracel.com.br\\\/veracel-e-senai-bahia-oferecem-cursos-profissionalizantes-gratuitos\\\/#primaryimage\"},\"image\":{\"@id\":\"https:\\\/\\\/www.veracel.com.br\\\/veracel-e-senai-bahia-oferecem-cursos-profissionalizantes-gratuitos\\\/#primaryimage\"},\"thumbnailUrl\":\"https:\\\/\\\/www.veracel.com.br\\\/wp-content\\\/uploads\\\/2025\\\/08\\\/curso-veracel-senai.webp\",\"datePublished\":\"2025-08-13T17:46:00+00:00\",\"dateModified\":\"2025-08-13T17:46:48+00:00\",\"description\":\"Inscri\u00e7\u00f5es abertas para 2 novos cursos profissionalizantes gratuitos da Veracel Celulose em parceria com o Senai Bahia\",\"breadcrumb\":{\"@id\":\"https:\\\/\\\/www.veracel.com.br\\\/veracel-e-senai-bahia-oferecem-cursos-profissionalizantes-gratuitos\\\/#breadcrumb\"},\"inLanguage\":\"en-US\",\"potentialAction\":[{\"@type\":\"ReadAction\",\"target\":[\"https:\\\/\\\/www.veracel.com.br\\\/veracel-e-senai-bahia-oferecem-cursos-profissionalizantes-gratuitos\\\/\"]}]},{\"@type\":\"ImageObject\",\"inLanguage\":\"en-US\",\"@id\":\"https:\\\/\\\/www.veracel.com.br\\\/veracel-e-senai-bahia-oferecem-cursos-profissionalizantes-gratuitos\\\/#primaryimage\",\"url\":\"https:\\\/\\\/www.veracel.com.br\\\/wp-content\\\/uploads\\\/2025\\\/08\\\/curso-veracel-senai.webp\",\"contentUrl\":\"https:\\\/\\\/www.veracel.com.br\\\/wp-content\\\/uploads\\\/2025\\\/08\\\/curso-veracel-senai.webp\",\"width\":768,\"height\":512,\"caption\":\"Os avan\u00e7os da Veracel em representatividade e inclus\u00e3o\"},{\"@type\":\"BreadcrumbList\",\"@id\":\"https:\\\/\\\/www.veracel.com.br\\\/veracel-e-senai-bahia-oferecem-cursos-profissionalizantes-gratuitos\\\/#breadcrumb\",\"itemListElement\":[{\"@type\":\"ListItem\",\"position\":1,\"name\":\"Home\",\"item\":\"https:\\\/\\\/www.veracel.com.br\\\/\"},{\"@type\":\"ListItem\",\"position\":2,\"name\":\"Not\u00edcias\",\"item\":\"https:\\\/\\\/www.veracel.com.br\\\/noticias\\\/\"},{\"@type\":\"ListItem\",\"position\":3,\"name\":\"Veracel e Senai Bahia oferecem cursos profissionalizantes gratuitos\"}]},{\"@type\":\"WebSite\",\"@id\":\"https:\\\/\\\/www.veracel.com.br\\\/#website\",\"url\":\"https:\\\/\\\/www.veracel.com.br\\\/\",\"name\":\"Veracel Celulose\",\"description\":\"Quando crescemos juntos vamos muito mais longe\",\"publisher\":{\"@id\":\"https:\\\/\\\/www.veracel.com.br\\\/#organization\"},\"potentialAction\":[{\"@type\":\"SearchAction\",\"target\":{\"@type\":\"EntryPoint\",\"urlTemplate\":\"https:\\\/\\\/www.veracel.com.br\\\/?s={search_term_string}\"},\"query-input\":{\"@type\":\"PropertyValueSpecification\",\"valueRequired\":true,\"valueName\":\"search_term_string\"}}],\"inLanguage\":\"en-US\"},{\"@type\":\"Organization\",\"@id\":\"https:\\\/\\\/www.veracel.com.br\\\/#organization\",\"name\":\"Veracel Celulose\",\"url\":\"https:\\\/\\\/www.veracel.com.br\\\/\",\"logo\":{\"@type\":\"ImageObject\",\"inLanguage\":\"en-US\",\"@id\":\"https:\\\/\\\/www.veracel.com.br\\\/#\\\/schema\\\/logo\\\/image\\\/\",\"url\":\"https:\\\/\\\/www.veracel.com.br\\\/wp-content\\\/uploads\\\/2024\\\/08\\\/Ativo-1.png\",\"contentUrl\":\"https:\\\/\\\/www.veracel.com.br\\\/wp-content\\\/uploads\\\/2024\\\/08\\\/Ativo-1.png\",\"width\":400,\"height\":121,\"caption\":\"Veracel Celulose\"},\"image\":{\"@id\":\"https:\\\/\\\/www.veracel.com.br\\\/#\\\/schema\\\/logo\\\/image\\\/\"},\"sameAs\":[\"https:\\\/\\\/www.instagram.com\\\/veracelcelulose\",\"https:\\\/\\\/www.linkedin.com\\\/company\\\/veracelcelulose\\\/\",\"https:\\\/\\\/www.youtube.com\\\/user\\\/CanalVeracel\"]}]}<\/script>\n<!-- \/ Yoast SEO Premium plugin. -->","yoast_head_json":{"title":"Veracel e Senai oferecem cursos profissionalizantes gratuitos","description":"Inscri\u00e7\u00f5es abertas para 2 novos cursos profissionalizantes gratuitos da Veracel Celulose em parceria com o Senai Bahia","robots":{"index":"index","follow":"follow","max-snippet":"max-snippet:-1","max-image-preview":"max-image-preview:large","max-video-preview":"max-video-preview:-1"},"canonical":"https:\/\/www.veracel.com.br\/veracel-e-senai-bahia-oferecem-cursos-profissionalizantes-gratuitos\/","og_locale":"en_US","og_type":"article","og_title":"Veracel e Senai Bahia oferecem cursos profissionalizantes gratuitos","og_description":"Inscri\u00e7\u00f5es abertas para 2 novos cursos profissionalizantes gratuitos da Veracel Celulose em parceria com o Senai Bahia","og_url":"https:\/\/www.veracel.com.br\/veracel-e-senai-bahia-oferecem-cursos-profissionalizantes-gratuitos\/","og_site_name":"Veracel Celulose","article_published_time":"2025-08-13T17:46:00+00:00","article_modified_time":"2025-08-13T17:46:48+00:00","og_image":[{"width":768,"height":512,"url":"https:\/\/www.veracel.com.br\/wp-content\/uploads\/2025\/08\/curso-veracel-senai.webp","type":"image\/webp"}],"author":"saulo","twitter_card":"summary_large_image","twitter_misc":{"Written by":"saulo","Est. reading time":"4 minutes"},"schema":{"@context":"https:\/\/schema.org","@graph":[{"@type":"WebPage","@id":"https:\/\/www.veracel.com.br\/veracel-e-senai-bahia-oferecem-cursos-profissionalizantes-gratuitos\/","url":"https:\/\/www.veracel.com.br\/veracel-e-senai-bahia-oferecem-cursos-profissionalizantes-gratuitos\/","name":"Veracel e Senai oferecem cursos profissionalizantes gratuitos","isPartOf":{"@id":"https:\/\/www.veracel.com.br\/#website"},"primaryImageOfPage":{"@id":"https:\/\/www.veracel.com.br\/veracel-e-senai-bahia-oferecem-cursos-profissionalizantes-gratuitos\/#primaryimage"},"image":{"@id":"https:\/\/www.veracel.com.br\/veracel-e-senai-bahia-oferecem-cursos-profissionalizantes-gratuitos\/#primaryimage"},"thumbnailUrl":"https:\/\/www.veracel.com.br\/wp-content\/uploads\/2025\/08\/curso-veracel-senai.webp","datePublished":"2025-08-13T17:46:00+00:00","dateModified":"2025-08-13T17:46:48+00:00","description":"Inscri\u00e7\u00f5es abertas para 2 novos cursos profissionalizantes gratuitos da Veracel Celulose em parceria com o Senai Bahia","breadcrumb":{"@id":"https:\/\/www.veracel.com.br\/veracel-e-senai-bahia-oferecem-cursos-profissionalizantes-gratuitos\/#breadcrumb"},"inLanguage":"en-US","potentialAction":[{"@type":"ReadAction","target":["https:\/\/www.veracel.com.br\/veracel-e-senai-bahia-oferecem-cursos-profissionalizantes-gratuitos\/"]}]},{"@type":"ImageObject","inLanguage":"en-US","@id":"https:\/\/www.veracel.com.br\/veracel-e-senai-bahia-oferecem-cursos-profissionalizantes-gratuitos\/#primaryimage","url":"https:\/\/www.veracel.com.br\/wp-content\/uploads\/2025\/08\/curso-veracel-senai.webp","contentUrl":"https:\/\/www.veracel.com.br\/wp-content\/uploads\/2025\/08\/curso-veracel-senai.webp","width":768,"height":512,"caption":"Os avan\u00e7os da Veracel em representatividade e inclus\u00e3o"},{"@type":"BreadcrumbList","@id":"https:\/\/www.veracel.com.br\/veracel-e-senai-bahia-oferecem-cursos-profissionalizantes-gratuitos\/#breadcrumb","itemListElement":[{"@type":"ListItem","position":1,"name":"Home","item":"https:\/\/www.veracel.com.br\/"},{"@type":"ListItem","position":2,"name":"Not\u00edcias","item":"https:\/\/www.veracel.com.br\/noticias\/"},{"@type":"ListItem","position":3,"name":"Veracel e Senai Bahia oferecem cursos profissionalizantes gratuitos"}]},{"@type":"WebSite","@id":"https:\/\/www.veracel.com.br\/#website","url":"https:\/\/www.veracel.com.br\/","name":"Veracel Celulose","description":"Quando crescemos juntos vamos muito mais longe","publisher":{"@id":"https:\/\/www.veracel.com.br\/#organization"},"potentialAction":[{"@type":"SearchAction","target":{"@type":"EntryPoint","urlTemplate":"https:\/\/www.veracel.com.br\/?s={search_term_string}"},"query-input":{"@type":"PropertyValueSpecification","valueRequired":true,"valueName":"search_term_string"}}],"inLanguage":"en-US"},{"@type":"Organization","@id":"https:\/\/www.veracel.com.br\/#organization","name":"Veracel Celulose","url":"https:\/\/www.veracel.com.br\/","logo":{"@type":"ImageObject","inLanguage":"en-US","@id":"https:\/\/www.veracel.com.br\/#\/schema\/logo\/image\/","url":"https:\/\/www.veracel.com.br\/wp-content\/uploads\/2024\/08\/Ativo-1.png","contentUrl":"https:\/\/www.veracel.com.br\/wp-content\/uploads\/2024\/08\/Ativo-1.png","width":400,"height":121,"caption":"Veracel Celulose"},"image":{"@id":"https:\/\/www.veracel.com.br\/#\/schema\/logo\/image\/"},"sameAs":["https:\/\/www.instagram.com\/veracelcelulose","https:\/\/www.linkedin.com\/company\/veracelcelulose\/","https:\/\/www.youtube.com\/user\/CanalVeracel"]}]}},"_links":{"self":[{"href":"https:\/\/www.veracel.com.br\/en\/wp-json\/wp\/v2\/posts\/41020","targetHints":{"allow":["GET"]}}],"collection":[{"href":"https:\/\/www.veracel.com.br\/en\/wp-json\/wp\/v2\/posts"}],"about":[{"href":"https:\/\/www.veracel.com.br\/en\/wp-json\/wp\/v2\/types\/post"}],"author":[{"embeddable":true,"href":"https:\/\/www.veracel.com.br\/en\/wp-json\/wp\/v2\/users\/2"}],"replies":[{"embeddable":true,"href":"https:\/\/www.veracel.com.br\/en\/wp-json\/wp\/v2\/comments?post=41020"}],"version-history":[{"count":2,"href":"https:\/\/www.veracel.com.br\/en\/wp-json\/wp\/v2\/posts\/41020\/revisions"}],"predecessor-version":[{"id":41029,"href":"https:\/\/www.veracel.com.br\/en\/wp-json\/wp\/v2\/posts\/41020\/revisions\/41029"}],"wp:featuredmedia":[{"embeddable":true,"href":"https:\/\/www.veracel.com.br\/en\/wp-json\/wp\/v2\/media\/41025"}],"wp:attachment":[{"href":"https:\/\/www.veracel.com.br\/en\/wp-json\/wp\/v2\/media?parent=41020"}],"wp:term":[{"taxonomy":"category","embeddable":true,"href":"https:\/\/www.veracel.com.br\/en\/wp-json\/wp\/v2\/categories?post=41020"},{"taxonomy":"post_tag","embeddable":true,"href":"https:\/\/www.veracel.com.br\/en\/wp-json\/wp\/v2\/tags?post=41020"}],"curies":[{"name":"wp","href":"https:\/\/api.w.org\/{rel}","templated":true}]}}