{"id":41116,"date":"2025-08-25T11:21:16","date_gmt":"2025-08-25T14:21:16","guid":{"rendered":"https:\/\/www.veracel.com.br\/?p=41116"},"modified":"2025-08-25T11:21:16","modified_gmt":"2025-08-25T14:21:16","slug":"veracel-investe-em-qualificacao-e-empregabilidade","status":"publish","type":"post","link":"https:\/\/www.veracel.com.br\/en\/veracel-investe-em-qualificacao-e-empregabilidade\/","title":{"rendered":"Veracel investe em qualifica\u00e7\u00e3o e empregabilidade"},"content":{"rendered":"<p>A gera\u00e7\u00e3o de oportunidades \u00e9 uma das formas mais eficazes de transformar realidades. Por isso, a Veracel investe em qualifica\u00e7\u00e3o e empregabilidade desenvolvendo a\u00e7\u00f5es concretas para qualificar os talentos que vivem nos territ\u00f3rios onde atua. Com programas voltados \u00e0 forma\u00e7\u00e3o t\u00e9cnica, parcerias educacionais e est\u00edmulo \u00e0 inclus\u00e3o produtiva, a empresa contribui para o crescimento pessoal e profissional de centenas de pessoas todos os anos.<\/p>\n<p>A estrat\u00e9gia de forma\u00e7\u00e3o de m\u00e3o de obra da Veracel est\u00e1 diretamente alinhada \u00e0 sua vis\u00e3o de desenvolvimento territorial sustent\u00e1vel: contratar localmente, promover acesso a educa\u00e7\u00e3o de qualidade e garantir que a empresa e a comunidade cres\u00e7am juntas.<\/p>\n<h3><b>Forma\u00e7\u00e3o conectada com as demandas do setor<\/b><\/h3>\n<p>O setor florestal exige compet\u00eancias t\u00e9cnicas espec\u00edficas e aten\u00e7\u00e3o constante \u00e0 seguran\u00e7a, \u00e0 qualidade e \u00e0 inova\u00e7\u00e3o. Para garantir que os(as) profissionais da regi\u00e3o estejam preparados(as), a Veracel mant\u00e9m um programa robusto de forma\u00e7\u00e3o de m\u00e3o de obra, com conte\u00fados alinhados \u00e0s reais necessidades das opera\u00e7\u00f5es industriais e florestais.<\/p>\n<p>Esses programas v\u00e3o desde cursos b\u00e1sicos e capacita\u00e7\u00f5es pr\u00e1ticas at\u00e9 a\u00e7\u00f5es de forma\u00e7\u00e3o mais aprofundadas, com foco em opera\u00e7\u00e3o de m\u00e1quinas, silvicultura, log\u00edstica, manuten\u00e7\u00e3o industrial e outras \u00e1reas essenciais.<\/p>\n<p><strong>A atua\u00e7\u00e3o inclui:<\/strong><\/p>\n<ul>\n<li aria-level=\"1\">Parcerias com institui\u00e7\u00f5es como o SENAI e universidades p\u00fablicas e privadas;<\/li>\n<li aria-level=\"1\">Programas internos de treinamento e desenvolvimento;<\/li>\n<li aria-level=\"1\">Est\u00edmulo \u00e0 forma\u00e7\u00e3o t\u00e9cnica e comportamental de jovens e adultos.<\/li>\n<\/ul>\n<p>Essa abordagem garante que o conhecimento gerado tenha aplica\u00e7\u00e3o direta no dia a dia de quem participa \u2014 e que a empregabilidade local se fortale\u00e7a continuamente.<\/p>\n<h3><b>Prioridade para contrata\u00e7\u00e3o de pessoas da regi\u00e3o<\/b><\/h3>\n<p>Mais do que formar, a Veracel prioriza a <b>contrata\u00e7\u00e3o de profissionais que vivem nos munic\u00edpios da sua \u00e1rea de atua\u00e7\u00e3o<\/b>, gerando emprego, renda e movimentando a economia regional.<\/p>\n<p>Esse compromisso se manifesta nas pol\u00edticas de recrutamento, nos editais de programas como Jovem Aprendiz e Est\u00e1gio, e tamb\u00e9m nas contrata\u00e7\u00f5es realizadas via programas de capacita\u00e7\u00e3o.<\/p>\n<p>Al\u00e9m disso, quando os profissionais formados n\u00e3o s\u00e3o absorvidos pela empresa, a Veracel atua para:<\/p>\n<ul>\n<li aria-level=\"1\">Conectar essas pessoas a outras empresas do setor;<\/li>\n<li aria-level=\"1\">Apoiar iniciativas locais de empregabilidade;<\/li>\n<li aria-level=\"1\">Estimular o crescimento de uma rede de talentos na regi\u00e3o.<\/li>\n<\/ul>\n<h3><b>Est\u00e1gio, Jovem Aprendiz e inclus\u00e3o produtiva<\/b><\/h3>\n<p>A Veracel tamb\u00e9m aposta no protagonismo das novas gera\u00e7\u00f5es. Seus programas de Est\u00e1gio e Jovem Aprendiz s\u00e3o portas de entrada para o mercado de trabalho, com foco no desenvolvimento t\u00e9cnico, no autoconhecimento e na prepara\u00e7\u00e3o para os desafios do mundo profissional.<\/p>\n<p><strong>Esses programas oferecem:<\/strong><\/p>\n<ul>\n<li aria-level=\"1\">Acompanhamento de tutores(as) e profissionais experientes;<\/li>\n<li aria-level=\"1\">Participa\u00e7\u00e3o em projetos reais dentro da empresa;<\/li>\n<li aria-level=\"1\">Forma\u00e7\u00e3o comportamental, com foco em \u00e9tica, responsabilidade e trabalho em equipe.<\/li>\n<\/ul>\n<p>A empresa entende que inserir jovens no mercado n\u00e3o \u00e9 apenas oferecer uma vaga, mas criar caminhos para que cada um(a) desenvolva seu potencial de forma consciente e estruturada.<\/p>\n<h3><b>Coopera\u00e7\u00e3o para al\u00e9m dos muros da empresa<\/b><\/h3>\n<p>A Veracel sabe que formar m\u00e3o de obra n\u00e3o \u00e9 uma tarefa solit\u00e1ria. Por isso, ela atua em rede com <b>institui\u00e7\u00f5es de ensino, empresas parceiras e iniciativas comunit\u00e1rias<\/b>, promovendo conex\u00f5es que ampliam o acesso \u00e0 qualifica\u00e7\u00e3o e ao emprego.<\/p>\n<p><strong>Essa coopera\u00e7\u00e3o inclui:<\/strong><\/p>\n<ul>\n<li aria-level=\"1\">Apoio \u00e0 infraestrutura de escolas t\u00e9cnicas e cursos profissionalizantes;<\/li>\n<li aria-level=\"1\">Fomento a oficinas e capacita\u00e7\u00f5es espec\u00edficas com base nas demandas do mercado;<\/li>\n<li aria-level=\"1\">Participa\u00e7\u00e3o em comit\u00eas e f\u00f3runs que discutem estrat\u00e9gias de empregabilidade regional.<\/li>\n<\/ul>\n<p>O objetivo \u00e9 garantir que a forma\u00e7\u00e3o de m\u00e3o de obra seja cont\u00ednua, inclusiva e conectada \u00e0 realidade das pessoas.<\/p>\n<h3><b>Desenvolvimento com autonomia e protagonismo<\/b><\/h3>\n<p>Investir em qualifica\u00e7\u00e3o profissional \u00e9 investir em autonomia. \u00c9 permitir que as pessoas fa\u00e7am escolhas, construam caminhos e transformem suas hist\u00f3rias por meio do trabalho digno.<\/p>\n<p>Para a Veracel, esse \u00e9 um pilar estrat\u00e9gico: n\u00e3o h\u00e1 sustentabilidade verdadeira sem pessoas preparadas e valorizadas. O conhecimento, a t\u00e9cnica e o talento local s\u00e3o recursos fundamentais para o futuro do territ\u00f3rio \u2014 e para o futuro da empresa.<\/p>\n<p>Quer saber mais sobre as oportunidades de capacita\u00e7\u00e3o e trabalho na Veracel?<\/p>\n<p><a href=\"https:\/\/vemparaaveracel.gupy.io\/\">Acesse nosso portal de vagas!\u00a0<\/a><\/p>\n<p><a href=\"https:\/\/www.veracel.com.br\/vagas\/\">Conhe\u00e7a nossa p\u00e1gina dedicada ao trabalho na Veracel.<\/a><\/p>\n","protected":false},"excerpt":{"rendered":"<p>A gera\u00e7\u00e3o de oportunidades \u00e9 uma das formas mais eficazes de transformar realidades. Por isso, a Veracel investe em qualifica\u00e7\u00e3o e empregabilidade desenvolvendo a\u00e7\u00f5es concretas para qualificar os talentos que vivem nos territ\u00f3rios onde atua. Com programas voltados \u00e0 forma\u00e7\u00e3o t\u00e9cnica, parcerias educacionais e est\u00edmulo \u00e0 inclus\u00e3o produtiva, a empresa contribui para o crescimento pessoal [&hellip;]<\/p>\n","protected":false},"author":2,"featured_media":37976,"comment_status":"closed","ping_status":"closed","sticky":false,"template":"","format":"standard","meta":{"_acf_changed":false,"footnotes":"","_links_to":"","_links_to_target":""},"categories":[332],"tags":[],"class_list":["post-41116","post","type-post","status-publish","format-standard","has-post-thumbnail","hentry","category-sustentabilidade-veracel"],"acf":[],"yoast_head":"<!-- This site is optimized with the Yoast SEO Premium plugin v26.7 (Yoast SEO v27.4) - https:\/\/yoast.com\/product\/yoast-seo-premium-wordpress\/ -->\n<title>Veracel investe em qualifica\u00e7\u00e3o e empregabilidade - Veracel Celulose<\/title>\n<meta name=\"description\" content=\"Com programas voltados \u00e0 forma\u00e7\u00e3o t\u00e9cnica, parcerias educacionais e est\u00edmulo \u00e0 inclus\u00e3o produtiva, a Veracel amplia a empregabilidade.\" \/>\n<meta name=\"robots\" content=\"index, follow, max-snippet:-1, max-image-preview:large, max-video-preview:-1\" \/>\n<link rel=\"canonical\" href=\"https:\/\/www.veracel.com.br\/veracel-investe-em-qualificacao-e-empregabilidade\/\" \/>\n<meta property=\"og:locale\" content=\"en_US\" \/>\n<meta property=\"og:type\" content=\"article\" \/>\n<meta property=\"og:title\" content=\"Veracel investe em qualifica\u00e7\u00e3o e empregabilidade\" \/>\n<meta property=\"og:description\" content=\"Com programas voltados \u00e0 forma\u00e7\u00e3o t\u00e9cnica, parcerias educacionais e est\u00edmulo \u00e0 inclus\u00e3o produtiva, a Veracel amplia a empregabilidade.\" \/>\n<meta property=\"og:url\" content=\"https:\/\/www.veracel.com.br\/veracel-investe-em-qualificacao-e-empregabilidade\/\" \/>\n<meta property=\"og:site_name\" content=\"Veracel Celulose\" \/>\n<meta property=\"article:published_time\" content=\"2025-08-25T14:21:16+00:00\" \/>\n<meta property=\"og:image\" content=\"https:\/\/www.veracel.com.br\/wp-content\/uploads\/2021\/12\/capacitacao-para-motoristas-veracel-celulose.jpg\" \/>\n\t<meta property=\"og:image:width\" content=\"800\" \/>\n\t<meta property=\"og:image:height\" content=\"600\" \/>\n\t<meta property=\"og:image:type\" content=\"image\/jpeg\" \/>\n<meta name=\"author\" content=\"saulo\" \/>\n<meta name=\"twitter:card\" content=\"summary_large_image\" \/>\n<meta name=\"twitter:label1\" content=\"Written by\" \/>\n\t<meta name=\"twitter:data1\" content=\"saulo\" \/>\n\t<meta name=\"twitter:label2\" content=\"Est. reading time\" \/>\n\t<meta name=\"twitter:data2\" content=\"4 minutes\" \/>\n<script type=\"application\/ld+json\" class=\"yoast-schema-graph\">{\"@context\":\"https:\\\/\\\/schema.org\",\"@graph\":[{\"@type\":\"WebPage\",\"@id\":\"https:\\\/\\\/www.veracel.com.br\\\/veracel-investe-em-qualificacao-e-empregabilidade\\\/\",\"url\":\"https:\\\/\\\/www.veracel.com.br\\\/veracel-investe-em-qualificacao-e-empregabilidade\\\/\",\"name\":\"Veracel investe em qualifica\u00e7\u00e3o e empregabilidade - Veracel Celulose\",\"isPartOf\":{\"@id\":\"https:\\\/\\\/www.veracel.com.br\\\/#website\"},\"primaryImageOfPage\":{\"@id\":\"https:\\\/\\\/www.veracel.com.br\\\/veracel-investe-em-qualificacao-e-empregabilidade\\\/#primaryimage\"},\"image\":{\"@id\":\"https:\\\/\\\/www.veracel.com.br\\\/veracel-investe-em-qualificacao-e-empregabilidade\\\/#primaryimage\"},\"thumbnailUrl\":\"https:\\\/\\\/www.veracel.com.br\\\/wp-content\\\/uploads\\\/2021\\\/12\\\/capacitacao-para-motoristas-veracel-celulose.jpg\",\"datePublished\":\"2025-08-25T14:21:16+00:00\",\"description\":\"Com programas voltados \u00e0 forma\u00e7\u00e3o t\u00e9cnica, parcerias educacionais e est\u00edmulo \u00e0 inclus\u00e3o produtiva, a Veracel amplia a empregabilidade.\",\"breadcrumb\":{\"@id\":\"https:\\\/\\\/www.veracel.com.br\\\/veracel-investe-em-qualificacao-e-empregabilidade\\\/#breadcrumb\"},\"inLanguage\":\"en-US\",\"potentialAction\":[{\"@type\":\"ReadAction\",\"target\":[\"https:\\\/\\\/www.veracel.com.br\\\/veracel-investe-em-qualificacao-e-empregabilidade\\\/\"]}]},{\"@type\":\"ImageObject\",\"inLanguage\":\"en-US\",\"@id\":\"https:\\\/\\\/www.veracel.com.br\\\/veracel-investe-em-qualificacao-e-empregabilidade\\\/#primaryimage\",\"url\":\"https:\\\/\\\/www.veracel.com.br\\\/wp-content\\\/uploads\\\/2021\\\/12\\\/capacitacao-para-motoristas-veracel-celulose.jpg\",\"contentUrl\":\"https:\\\/\\\/www.veracel.com.br\\\/wp-content\\\/uploads\\\/2021\\\/12\\\/capacitacao-para-motoristas-veracel-celulose.jpg\",\"width\":800,\"height\":600,\"caption\":\"Veracel investe em qualifica\u00e7\u00e3o e empregabilidade\"},{\"@type\":\"BreadcrumbList\",\"@id\":\"https:\\\/\\\/www.veracel.com.br\\\/veracel-investe-em-qualificacao-e-empregabilidade\\\/#breadcrumb\",\"itemListElement\":[{\"@type\":\"ListItem\",\"position\":1,\"name\":\"Home\",\"item\":\"https:\\\/\\\/www.veracel.com.br\\\/\"},{\"@type\":\"ListItem\",\"position\":2,\"name\":\"Sustentabilidade na Veracel\",\"item\":\"https:\\\/\\\/www.veracel.com.br\\\/sustentabilidade-na-veracel\\\/\"},{\"@type\":\"ListItem\",\"position\":3,\"name\":\"Veracel investe em qualifica\u00e7\u00e3o e empregabilidade\"}]},{\"@type\":\"WebSite\",\"@id\":\"https:\\\/\\\/www.veracel.com.br\\\/#website\",\"url\":\"https:\\\/\\\/www.veracel.com.br\\\/\",\"name\":\"Veracel Celulose\",\"description\":\"Quando crescemos juntos vamos muito mais longe\",\"publisher\":{\"@id\":\"https:\\\/\\\/www.veracel.com.br\\\/#organization\"},\"potentialAction\":[{\"@type\":\"SearchAction\",\"target\":{\"@type\":\"EntryPoint\",\"urlTemplate\":\"https:\\\/\\\/www.veracel.com.br\\\/?s={search_term_string}\"},\"query-input\":{\"@type\":\"PropertyValueSpecification\",\"valueRequired\":true,\"valueName\":\"search_term_string\"}}],\"inLanguage\":\"en-US\"},{\"@type\":\"Organization\",\"@id\":\"https:\\\/\\\/www.veracel.com.br\\\/#organization\",\"name\":\"Veracel Celulose\",\"url\":\"https:\\\/\\\/www.veracel.com.br\\\/\",\"logo\":{\"@type\":\"ImageObject\",\"inLanguage\":\"en-US\",\"@id\":\"https:\\\/\\\/www.veracel.com.br\\\/#\\\/schema\\\/logo\\\/image\\\/\",\"url\":\"https:\\\/\\\/www.veracel.com.br\\\/wp-content\\\/uploads\\\/2024\\\/08\\\/Ativo-1.png\",\"contentUrl\":\"https:\\\/\\\/www.veracel.com.br\\\/wp-content\\\/uploads\\\/2024\\\/08\\\/Ativo-1.png\",\"width\":400,\"height\":121,\"caption\":\"Veracel Celulose\"},\"image\":{\"@id\":\"https:\\\/\\\/www.veracel.com.br\\\/#\\\/schema\\\/logo\\\/image\\\/\"},\"sameAs\":[\"https:\\\/\\\/www.instagram.com\\\/veracelcelulose\",\"https:\\\/\\\/www.linkedin.com\\\/company\\\/veracelcelulose\\\/\",\"https:\\\/\\\/www.youtube.com\\\/user\\\/CanalVeracel\"]}]}<\/script>\n<!-- \/ Yoast SEO Premium plugin. -->","yoast_head_json":{"title":"Veracel investe em qualifica\u00e7\u00e3o e empregabilidade - Veracel Celulose","description":"Com programas voltados \u00e0 forma\u00e7\u00e3o t\u00e9cnica, parcerias educacionais e est\u00edmulo \u00e0 inclus\u00e3o produtiva, a Veracel amplia a empregabilidade.","robots":{"index":"index","follow":"follow","max-snippet":"max-snippet:-1","max-image-preview":"max-image-preview:large","max-video-preview":"max-video-preview:-1"},"canonical":"https:\/\/www.veracel.com.br\/veracel-investe-em-qualificacao-e-empregabilidade\/","og_locale":"en_US","og_type":"article","og_title":"Veracel investe em qualifica\u00e7\u00e3o e empregabilidade","og_description":"Com programas voltados \u00e0 forma\u00e7\u00e3o t\u00e9cnica, parcerias educacionais e est\u00edmulo \u00e0 inclus\u00e3o produtiva, a Veracel amplia a empregabilidade.","og_url":"https:\/\/www.veracel.com.br\/veracel-investe-em-qualificacao-e-empregabilidade\/","og_site_name":"Veracel Celulose","article_published_time":"2025-08-25T14:21:16+00:00","og_image":[{"width":800,"height":600,"url":"https:\/\/www.veracel.com.br\/wp-content\/uploads\/2021\/12\/capacitacao-para-motoristas-veracel-celulose.jpg","type":"image\/jpeg"}],"author":"saulo","twitter_card":"summary_large_image","twitter_misc":{"Written by":"saulo","Est. reading time":"4 minutes"},"schema":{"@context":"https:\/\/schema.org","@graph":[{"@type":"WebPage","@id":"https:\/\/www.veracel.com.br\/veracel-investe-em-qualificacao-e-empregabilidade\/","url":"https:\/\/www.veracel.com.br\/veracel-investe-em-qualificacao-e-empregabilidade\/","name":"Veracel investe em qualifica\u00e7\u00e3o e empregabilidade - Veracel Celulose","isPartOf":{"@id":"https:\/\/www.veracel.com.br\/#website"},"primaryImageOfPage":{"@id":"https:\/\/www.veracel.com.br\/veracel-investe-em-qualificacao-e-empregabilidade\/#primaryimage"},"image":{"@id":"https:\/\/www.veracel.com.br\/veracel-investe-em-qualificacao-e-empregabilidade\/#primaryimage"},"thumbnailUrl":"https:\/\/www.veracel.com.br\/wp-content\/uploads\/2021\/12\/capacitacao-para-motoristas-veracel-celulose.jpg","datePublished":"2025-08-25T14:21:16+00:00","description":"Com programas voltados \u00e0 forma\u00e7\u00e3o t\u00e9cnica, parcerias educacionais e est\u00edmulo \u00e0 inclus\u00e3o produtiva, a Veracel amplia a empregabilidade.","breadcrumb":{"@id":"https:\/\/www.veracel.com.br\/veracel-investe-em-qualificacao-e-empregabilidade\/#breadcrumb"},"inLanguage":"en-US","potentialAction":[{"@type":"ReadAction","target":["https:\/\/www.veracel.com.br\/veracel-investe-em-qualificacao-e-empregabilidade\/"]}]},{"@type":"ImageObject","inLanguage":"en-US","@id":"https:\/\/www.veracel.com.br\/veracel-investe-em-qualificacao-e-empregabilidade\/#primaryimage","url":"https:\/\/www.veracel.com.br\/wp-content\/uploads\/2021\/12\/capacitacao-para-motoristas-veracel-celulose.jpg","contentUrl":"https:\/\/www.veracel.com.br\/wp-content\/uploads\/2021\/12\/capacitacao-para-motoristas-veracel-celulose.jpg","width":800,"height":600,"caption":"Veracel investe em qualifica\u00e7\u00e3o e empregabilidade"},{"@type":"BreadcrumbList","@id":"https:\/\/www.veracel.com.br\/veracel-investe-em-qualificacao-e-empregabilidade\/#breadcrumb","itemListElement":[{"@type":"ListItem","position":1,"name":"Home","item":"https:\/\/www.veracel.com.br\/"},{"@type":"ListItem","position":2,"name":"Sustentabilidade na Veracel","item":"https:\/\/www.veracel.com.br\/sustentabilidade-na-veracel\/"},{"@type":"ListItem","position":3,"name":"Veracel investe em qualifica\u00e7\u00e3o e empregabilidade"}]},{"@type":"WebSite","@id":"https:\/\/www.veracel.com.br\/#website","url":"https:\/\/www.veracel.com.br\/","name":"Veracel Celulose","description":"Quando crescemos juntos vamos muito mais longe","publisher":{"@id":"https:\/\/www.veracel.com.br\/#organization"},"potentialAction":[{"@type":"SearchAction","target":{"@type":"EntryPoint","urlTemplate":"https:\/\/www.veracel.com.br\/?s={search_term_string}"},"query-input":{"@type":"PropertyValueSpecification","valueRequired":true,"valueName":"search_term_string"}}],"inLanguage":"en-US"},{"@type":"Organization","@id":"https:\/\/www.veracel.com.br\/#organization","name":"Veracel Celulose","url":"https:\/\/www.veracel.com.br\/","logo":{"@type":"ImageObject","inLanguage":"en-US","@id":"https:\/\/www.veracel.com.br\/#\/schema\/logo\/image\/","url":"https:\/\/www.veracel.com.br\/wp-content\/uploads\/2024\/08\/Ativo-1.png","contentUrl":"https:\/\/www.veracel.com.br\/wp-content\/uploads\/2024\/08\/Ativo-1.png","width":400,"height":121,"caption":"Veracel Celulose"},"image":{"@id":"https:\/\/www.veracel.com.br\/#\/schema\/logo\/image\/"},"sameAs":["https:\/\/www.instagram.com\/veracelcelulose","https:\/\/www.linkedin.com\/company\/veracelcelulose\/","https:\/\/www.youtube.com\/user\/CanalVeracel"]}]}},"_links":{"self":[{"href":"https:\/\/www.veracel.com.br\/en\/wp-json\/wp\/v2\/posts\/41116","targetHints":{"allow":["GET"]}}],"collection":[{"href":"https:\/\/www.veracel.com.br\/en\/wp-json\/wp\/v2\/posts"}],"about":[{"href":"https:\/\/www.veracel.com.br\/en\/wp-json\/wp\/v2\/types\/post"}],"author":[{"embeddable":true,"href":"https:\/\/www.veracel.com.br\/en\/wp-json\/wp\/v2\/users\/2"}],"replies":[{"embeddable":true,"href":"https:\/\/www.veracel.com.br\/en\/wp-json\/wp\/v2\/comments?post=41116"}],"version-history":[{"count":1,"href":"https:\/\/www.veracel.com.br\/en\/wp-json\/wp\/v2\/posts\/41116\/revisions"}],"predecessor-version":[{"id":41117,"href":"https:\/\/www.veracel.com.br\/en\/wp-json\/wp\/v2\/posts\/41116\/revisions\/41117"}],"wp:featuredmedia":[{"embeddable":true,"href":"https:\/\/www.veracel.com.br\/en\/wp-json\/wp\/v2\/media\/37976"}],"wp:attachment":[{"href":"https:\/\/www.veracel.com.br\/en\/wp-json\/wp\/v2\/media?parent=41116"}],"wp:term":[{"taxonomy":"category","embeddable":true,"href":"https:\/\/www.veracel.com.br\/en\/wp-json\/wp\/v2\/categories?post=41116"},{"taxonomy":"post_tag","embeddable":true,"href":"https:\/\/www.veracel.com.br\/en\/wp-json\/wp\/v2\/tags?post=41116"}],"curies":[{"name":"wp","href":"https:\/\/api.w.org\/{rel}","templated":true}]}}