{"id":41119,"date":"2025-08-25T11:34:41","date_gmt":"2025-08-25T14:34:41","guid":{"rendered":"https:\/\/www.veracel.com.br\/?p=41119"},"modified":"2025-08-25T11:34:41","modified_gmt":"2025-08-25T14:34:41","slug":"veracel-no-apoio-as-mulheres-comunidades-tradicionais-e-liderancas-locais","status":"publish","type":"post","link":"https:\/\/www.veracel.com.br\/en\/veracel-no-apoio-as-mulheres-comunidades-tradicionais-e-liderancas-locais\/","title":{"rendered":"A Veracel no apoio \u00e0s mulheres, comunidades tradicionais e lideran\u00e7as locais"},"content":{"rendered":"<p>Promover o protagonismo de mulheres, agricultores(as), marisqueiras, ind\u00edgenas, pescadores(as) e tantas outras lideran\u00e7as comunit\u00e1rias \u00e9 um compromisso cont\u00ednuo da Veracel. A empresa acredita que o desenvolvimento sustent\u00e1vel s\u00f3 se concretiza quando aqueles e aquelas que vivem e cuidam do territ\u00f3rio s\u00e3o reconhecidos(as), apoiados(as) e valorizados(as) como agentes de transforma\u00e7\u00e3o.<\/p>\n<p>Com uma atua\u00e7\u00e3o territorial capilarizada, a Veracel implementa projetos de apoio \u00e0s mulheres, comunidades tradicionais e lideran\u00e7as locais, respeitando os saberes locais, incentivando a autonomia e criando condi\u00e7\u00f5es reais para que comunidades tradicionais e grupos historicamente marginalizados desenvolvam seus pr\u00f3prios caminhos de crescimento.<\/p>\n<h3><b>Apoio \u00e0s mulheres do campo, das \u00e1guas e da floresta<\/b><\/h3>\n<p>Mulheres t\u00eam papel central na conserva\u00e7\u00e3o da biodiversidade, na produ\u00e7\u00e3o de alimentos e no cuidado com suas comunidades. Reconhecendo isso, a Veracel atua para promover equidade de oportunidades, estimular a gera\u00e7\u00e3o de renda e garantir que essas mulheres ocupem posi\u00e7\u00f5es de lideran\u00e7a e decis\u00e3o.<\/p>\n<p>Entre os destaques de 2024 est\u00e3o:<\/p>\n<ul>\n<li aria-level=\"1\"><a href=\"https:\/\/www.bahiadiaadia.com\/noticias\/sustentabilidade\/11631\/producao-de-grupos-femininos-fortalece-renda-de-comunidades-no-sul-da-bahia-31-08-2022\" target=\"_blank\" rel=\"noopener\"><b>Catadoras de Marisco de Belmonte<\/b>: mulheres que gerenciam a Unidade de Beneficiamento de Mariscos e Pescados receberam apoio para participar de festivais gastron\u00f4micos em Eun\u00e1polis e Arraial d\u2019Ajuda. A estrutura da unidade tamb\u00e9m foi reformada com apoio da Veracel, agregando valor aos produtos locais.<\/a><\/li>\n<li aria-level=\"1\"><b>Mulheres agricultoras<\/b> nos assentamentos e agroflorestas: em iniciativas como o DSAF e o Projeto Agrovida, as agricultoras tiveram acesso a capacita\u00e7\u00f5es, apoio t\u00e9cnico e infraestrutura para comercializa\u00e7\u00e3o de produtos derivados da mandioca, frutas e mel.<\/li>\n<li aria-level=\"1\"><b>Mulheres ind\u00edgenas<\/b>: por meio de a\u00e7\u00f5es educativas, programas culturais e incentivo \u00e0 meliponicultura, a Veracel fortalece o papel das mulheres nas aldeias, promovendo conhecimento, sa\u00fade, renda e continuidade das tradi\u00e7\u00f5es.<\/li>\n<\/ul>\n<p>Essas iniciativas mostram como a atua\u00e7\u00e3o da empresa vai al\u00e9m da inclus\u00e3o simb\u00f3lica, garantindo que mulheres tenham ferramentas para conduzir seus pr\u00f3prios projetos de vida com autonomia e dignidade.<\/p>\n<h3><b>Protagonismo coletivo como pilar estrat\u00e9gico<\/b><\/h3>\n<p>A Veracel reconhece que, para alcan\u00e7ar mudan\u00e7as duradouras, \u00e9 preciso investir no <b>desenvolvimento das lideran\u00e7as comunit\u00e1rias<\/b>, apoiando aquelas pessoas que mobilizam suas comunidades em torno de um bem comum.<\/p>\n<p>Com base nessa vis\u00e3o, a empresa investe em:<\/p>\n<ul>\n<li aria-level=\"1\"><b>Forma\u00e7\u00f5es em gest\u00e3o de projetos e capta\u00e7\u00e3o de recursos<\/b>;<\/li>\n<li aria-level=\"1\"><b>Apoio \u00e0 estrutura\u00e7\u00e3o de associa\u00e7\u00f5es comunit\u00e1rias<\/b>;<\/li>\n<li aria-level=\"1\"><b>Di\u00e1logo constante com conselhos e comit\u00eas locais<\/b> (caciques, lideran\u00e7as ind\u00edgenas, pescadores, produtores e movimentos sociais);<\/li>\n<li aria-level=\"1\"><b>Fortalecimento da economia solid\u00e1ria<\/b> e dos saberes locais.<\/li>\n<\/ul>\n<p>Um exemplo desse protagonismo \u00e9 o projeto com os <b>marisqueiros e pescadores da Costa do Descobrimento<\/b>, que vai desde a escuta ativa das lideran\u00e7as at\u00e9 o apoio t\u00e9cnico para garantir seguran\u00e7a no mar, estrutura de comercializa\u00e7\u00e3o e visibilidade para seus produtos.<\/p>\n<h3><b>Inclus\u00e3o produtiva e apoio \u00e0s comunidades tradicionais<\/b><\/h3>\n<p>A Veracel atua com dezenas de comunidades em \u00e1reas rurais, costeiras e ind\u00edgenas, levando solu\u00e7\u00f5es adaptadas \u00e0s suas realidades e respeitando seus modos de vida. Entre os resultados concretos est\u00e3o:<\/p>\n<ul>\n<li aria-level=\"1\">Cria\u00e7\u00e3o de cadeias produtivas de mel, mandioca, mariscos e \u00f3leos essenciais;<\/li>\n<li aria-level=\"1\">Apoio a projetos de agroecologia em assentamentos rurais;<\/li>\n<li aria-level=\"1\">Investimento em sistemas agroflorestais voltados \u00e0 alimenta\u00e7\u00e3o e gera\u00e7\u00e3o de renda;<\/li>\n<li aria-level=\"1\">Fomento a pr\u00e1ticas sustent\u00e1veis de pesca e meliponicultura ind\u00edgena.<\/li>\n<\/ul>\n<p>Essas a\u00e7\u00f5es refor\u00e7am a estrat\u00e9gia da empresa de <b>construir valor com quem vive o territ\u00f3rio<\/b>, combatendo desigualdades hist\u00f3ricas e estimulando a autonomia dos grupos sociais que mais precisam.<\/p>\n<h3><b>Educa\u00e7\u00e3o, visibilidade e empoderamento<\/b><\/h3>\n<p>Al\u00e9m do apoio direto, a Veracel investe na <b>educa\u00e7\u00e3o, visibilidade e fortalecimento identit\u00e1rio das mulheres e lideran\u00e7as tradicionais<\/b>, por meio de:<\/p>\n<ul>\n<li aria-level=\"1\">Participa\u00e7\u00e3o em eventos e congressos locais e nacionais;<\/li>\n<li aria-level=\"1\">Apoio a festivais culturais e gastron\u00f4micos como instrumentos de promo\u00e7\u00e3o social;<\/li>\n<li aria-level=\"1\">Inclus\u00e3o de temas como equidade, direitos humanos e valoriza\u00e7\u00e3o cultural em todos os seus programas sociais.<\/li>\n<\/ul>\n<p>Esse conjunto de a\u00e7\u00f5es forma uma base s\u00f3lida para que a transforma\u00e7\u00e3o n\u00e3o dependa apenas de recursos pontuais, mas de conhecimento, confian\u00e7a e capacidade de a\u00e7\u00e3o.<\/p>\n<h3><b>Apoiar quem cuida do territ\u00f3rio \u00e9 cuidar do futuro<\/b><\/h3>\n<p>A atua\u00e7\u00e3o da Veracel junto \u00e0s mulheres e lideran\u00e7as locais reafirma um princ\u00edpio fundamental: <b>o desenvolvimento s\u00f3 \u00e9 sustent\u00e1vel quando \u00e9 compartilhado<\/b>. Quando quem planta, pesca, cuida da terra e da \u00e1gua tem voz, espa\u00e7o e apoio, o territ\u00f3rio cresce com dignidade, justi\u00e7a e equil\u00edbrio.<\/p>\n<p><b>Conhe\u00e7a outras hist\u00f3rias de transforma\u00e7\u00e3o apoiadas pela Veracel.<\/b><\/p>\n<blockquote class=\"wp-embedded-content\" data-secret=\"1pxFrOszlw\"><p><a href=\"https:\/\/www.veracel.com.br\/sustentabilidade-na-veracel-compromisso-com-o-futuro\/\">Sustentabilidade na Veracel: compromisso com o futuro<\/a><\/p><\/blockquote>\n<p><iframe class=\"wp-embedded-content\" sandbox=\"allow-scripts\" security=\"restricted\" style=\"position: absolute; visibility: hidden;\" title=\"&#8220;Sustentabilidade na Veracel: compromisso com o futuro&#8221; &#8212; Veracel Celulose\" src=\"https:\/\/www.veracel.com.br\/sustentabilidade-na-veracel-compromisso-com-o-futuro\/embed\/#?secret=5qHC1ACQA5#?secret=1pxFrOszlw\" data-secret=\"1pxFrOszlw\" width=\"600\" height=\"338\" frameborder=\"0\" marginwidth=\"0\" marginheight=\"0\" scrolling=\"no\"><\/iframe><\/p>\n","protected":false},"excerpt":{"rendered":"<p>Promover o protagonismo de mulheres, agricultores(as), marisqueiras, ind\u00edgenas, pescadores(as) e tantas outras lideran\u00e7as comunit\u00e1rias \u00e9 um compromisso cont\u00ednuo da Veracel. A empresa acredita que o desenvolvimento sustent\u00e1vel s\u00f3 se concretiza quando aqueles e aquelas que vivem e cuidam do territ\u00f3rio s\u00e3o reconhecidos(as), apoiados(as) e valorizados(as) como agentes de transforma\u00e7\u00e3o. Com uma atua\u00e7\u00e3o territorial capilarizada, a [&hellip;]<\/p>\n","protected":false},"author":2,"featured_media":25420,"comment_status":"closed","ping_status":"closed","sticky":false,"template":"","format":"standard","meta":{"_acf_changed":false,"footnotes":"","_links_to":"","_links_to_target":""},"categories":[332],"tags":[],"class_list":["post-41119","post","type-post","status-publish","format-standard","has-post-thumbnail","hentry","category-sustentabilidade-veracel"],"acf":[],"yoast_head":"<!-- This site is optimized with the Yoast SEO Premium plugin v26.7 (Yoast SEO v27.4) - https:\/\/yoast.com\/product\/yoast-seo-premium-wordpress\/ -->\n<title>A Veracel no apoio \u00e0s mulheres, comunidades e lideran\u00e7as locais<\/title>\n<meta name=\"description\" content=\"Promover o protagonismo de mulheres, agricultores(as), marisqueiras, ind\u00edgenas, pescadores(as) \u00e9 um compromisso da Veracel.\" \/>\n<meta name=\"robots\" content=\"index, follow, max-snippet:-1, max-image-preview:large, max-video-preview:-1\" \/>\n<link rel=\"canonical\" href=\"https:\/\/www.veracel.com.br\/veracel-no-apoio-as-mulheres-comunidades-tradicionais-e-liderancas-locais\/\" \/>\n<meta property=\"og:locale\" content=\"en_US\" \/>\n<meta property=\"og:type\" content=\"article\" \/>\n<meta property=\"og:title\" content=\"A Veracel no apoio \u00e0s mulheres, comunidades tradicionais e lideran\u00e7as locais\" \/>\n<meta property=\"og:description\" content=\"Promover o protagonismo de mulheres, agricultores(as), marisqueiras, ind\u00edgenas, pescadores(as) \u00e9 um compromisso da Veracel.\" \/>\n<meta property=\"og:url\" content=\"https:\/\/www.veracel.com.br\/veracel-no-apoio-as-mulheres-comunidades-tradicionais-e-liderancas-locais\/\" \/>\n<meta property=\"og:site_name\" content=\"Veracel Celulose\" \/>\n<meta property=\"article:published_time\" content=\"2025-08-25T14:34:41+00:00\" \/>\n<meta property=\"og:image\" content=\"https:\/\/www.veracel.com.br\/wp-content\/uploads\/2022\/08\/mulheres-sul-da-bahia-geracao-de-renda-veracel-celulose-02.jpg\" \/>\n\t<meta property=\"og:image:width\" content=\"800\" \/>\n\t<meta property=\"og:image:height\" content=\"533\" \/>\n\t<meta property=\"og:image:type\" content=\"image\/jpeg\" \/>\n<meta name=\"author\" content=\"saulo\" \/>\n<meta name=\"twitter:card\" content=\"summary_large_image\" \/>\n<meta name=\"twitter:label1\" content=\"Written by\" \/>\n\t<meta name=\"twitter:data1\" content=\"saulo\" \/>\n\t<meta name=\"twitter:label2\" content=\"Est. reading time\" \/>\n\t<meta name=\"twitter:data2\" content=\"4 minutes\" \/>\n<script type=\"application\/ld+json\" class=\"yoast-schema-graph\">{\"@context\":\"https:\\\/\\\/schema.org\",\"@graph\":[{\"@type\":\"WebPage\",\"@id\":\"https:\\\/\\\/www.veracel.com.br\\\/veracel-no-apoio-as-mulheres-comunidades-tradicionais-e-liderancas-locais\\\/\",\"url\":\"https:\\\/\\\/www.veracel.com.br\\\/veracel-no-apoio-as-mulheres-comunidades-tradicionais-e-liderancas-locais\\\/\",\"name\":\"A Veracel no apoio \u00e0s mulheres, comunidades e lideran\u00e7as locais\",\"isPartOf\":{\"@id\":\"https:\\\/\\\/www.veracel.com.br\\\/#website\"},\"primaryImageOfPage\":{\"@id\":\"https:\\\/\\\/www.veracel.com.br\\\/veracel-no-apoio-as-mulheres-comunidades-tradicionais-e-liderancas-locais\\\/#primaryimage\"},\"image\":{\"@id\":\"https:\\\/\\\/www.veracel.com.br\\\/veracel-no-apoio-as-mulheres-comunidades-tradicionais-e-liderancas-locais\\\/#primaryimage\"},\"thumbnailUrl\":\"https:\\\/\\\/www.veracel.com.br\\\/wp-content\\\/uploads\\\/2022\\\/08\\\/mulheres-sul-da-bahia-geracao-de-renda-veracel-celulose-02.jpg\",\"datePublished\":\"2025-08-25T14:34:41+00:00\",\"description\":\"Promover o protagonismo de mulheres, agricultores(as), marisqueiras, ind\u00edgenas, pescadores(as) \u00e9 um compromisso da Veracel.\",\"breadcrumb\":{\"@id\":\"https:\\\/\\\/www.veracel.com.br\\\/veracel-no-apoio-as-mulheres-comunidades-tradicionais-e-liderancas-locais\\\/#breadcrumb\"},\"inLanguage\":\"en-US\",\"potentialAction\":[{\"@type\":\"ReadAction\",\"target\":[\"https:\\\/\\\/www.veracel.com.br\\\/veracel-no-apoio-as-mulheres-comunidades-tradicionais-e-liderancas-locais\\\/\"]}]},{\"@type\":\"ImageObject\",\"inLanguage\":\"en-US\",\"@id\":\"https:\\\/\\\/www.veracel.com.br\\\/veracel-no-apoio-as-mulheres-comunidades-tradicionais-e-liderancas-locais\\\/#primaryimage\",\"url\":\"https:\\\/\\\/www.veracel.com.br\\\/wp-content\\\/uploads\\\/2022\\\/08\\\/mulheres-sul-da-bahia-geracao-de-renda-veracel-celulose-02.jpg\",\"contentUrl\":\"https:\\\/\\\/www.veracel.com.br\\\/wp-content\\\/uploads\\\/2022\\\/08\\\/mulheres-sul-da-bahia-geracao-de-renda-veracel-celulose-02.jpg\",\"width\":800,\"height\":533,\"caption\":\"A Veracel no apoio \u00e0s mulheres, comunidades tradicionais e lideran\u00e7as locais\"},{\"@type\":\"BreadcrumbList\",\"@id\":\"https:\\\/\\\/www.veracel.com.br\\\/veracel-no-apoio-as-mulheres-comunidades-tradicionais-e-liderancas-locais\\\/#breadcrumb\",\"itemListElement\":[{\"@type\":\"ListItem\",\"position\":1,\"name\":\"Home\",\"item\":\"https:\\\/\\\/www.veracel.com.br\\\/\"},{\"@type\":\"ListItem\",\"position\":2,\"name\":\"Sustentabilidade na Veracel\",\"item\":\"https:\\\/\\\/www.veracel.com.br\\\/sustentabilidade-na-veracel\\\/\"},{\"@type\":\"ListItem\",\"position\":3,\"name\":\"A Veracel no apoio \u00e0s mulheres, comunidades tradicionais e lideran\u00e7as locais\"}]},{\"@type\":\"WebSite\",\"@id\":\"https:\\\/\\\/www.veracel.com.br\\\/#website\",\"url\":\"https:\\\/\\\/www.veracel.com.br\\\/\",\"name\":\"Veracel Celulose\",\"description\":\"Quando crescemos juntos vamos muito mais longe\",\"publisher\":{\"@id\":\"https:\\\/\\\/www.veracel.com.br\\\/#organization\"},\"potentialAction\":[{\"@type\":\"SearchAction\",\"target\":{\"@type\":\"EntryPoint\",\"urlTemplate\":\"https:\\\/\\\/www.veracel.com.br\\\/?s={search_term_string}\"},\"query-input\":{\"@type\":\"PropertyValueSpecification\",\"valueRequired\":true,\"valueName\":\"search_term_string\"}}],\"inLanguage\":\"en-US\"},{\"@type\":\"Organization\",\"@id\":\"https:\\\/\\\/www.veracel.com.br\\\/#organization\",\"name\":\"Veracel Celulose\",\"url\":\"https:\\\/\\\/www.veracel.com.br\\\/\",\"logo\":{\"@type\":\"ImageObject\",\"inLanguage\":\"en-US\",\"@id\":\"https:\\\/\\\/www.veracel.com.br\\\/#\\\/schema\\\/logo\\\/image\\\/\",\"url\":\"https:\\\/\\\/www.veracel.com.br\\\/wp-content\\\/uploads\\\/2024\\\/08\\\/Ativo-1.png\",\"contentUrl\":\"https:\\\/\\\/www.veracel.com.br\\\/wp-content\\\/uploads\\\/2024\\\/08\\\/Ativo-1.png\",\"width\":400,\"height\":121,\"caption\":\"Veracel Celulose\"},\"image\":{\"@id\":\"https:\\\/\\\/www.veracel.com.br\\\/#\\\/schema\\\/logo\\\/image\\\/\"},\"sameAs\":[\"https:\\\/\\\/www.instagram.com\\\/veracelcelulose\",\"https:\\\/\\\/www.linkedin.com\\\/company\\\/veracelcelulose\\\/\",\"https:\\\/\\\/www.youtube.com\\\/user\\\/CanalVeracel\"]}]}<\/script>\n<!-- \/ Yoast SEO Premium plugin. -->","yoast_head_json":{"title":"A Veracel no apoio \u00e0s mulheres, comunidades e lideran\u00e7as locais","description":"Promover o protagonismo de mulheres, agricultores(as), marisqueiras, ind\u00edgenas, pescadores(as) \u00e9 um compromisso da Veracel.","robots":{"index":"index","follow":"follow","max-snippet":"max-snippet:-1","max-image-preview":"max-image-preview:large","max-video-preview":"max-video-preview:-1"},"canonical":"https:\/\/www.veracel.com.br\/veracel-no-apoio-as-mulheres-comunidades-tradicionais-e-liderancas-locais\/","og_locale":"en_US","og_type":"article","og_title":"A Veracel no apoio \u00e0s mulheres, comunidades tradicionais e lideran\u00e7as locais","og_description":"Promover o protagonismo de mulheres, agricultores(as), marisqueiras, ind\u00edgenas, pescadores(as) \u00e9 um compromisso da Veracel.","og_url":"https:\/\/www.veracel.com.br\/veracel-no-apoio-as-mulheres-comunidades-tradicionais-e-liderancas-locais\/","og_site_name":"Veracel Celulose","article_published_time":"2025-08-25T14:34:41+00:00","og_image":[{"width":800,"height":533,"url":"https:\/\/www.veracel.com.br\/wp-content\/uploads\/2022\/08\/mulheres-sul-da-bahia-geracao-de-renda-veracel-celulose-02.jpg","type":"image\/jpeg"}],"author":"saulo","twitter_card":"summary_large_image","twitter_misc":{"Written by":"saulo","Est. reading time":"4 minutes"},"schema":{"@context":"https:\/\/schema.org","@graph":[{"@type":"WebPage","@id":"https:\/\/www.veracel.com.br\/veracel-no-apoio-as-mulheres-comunidades-tradicionais-e-liderancas-locais\/","url":"https:\/\/www.veracel.com.br\/veracel-no-apoio-as-mulheres-comunidades-tradicionais-e-liderancas-locais\/","name":"A Veracel no apoio \u00e0s mulheres, comunidades e lideran\u00e7as locais","isPartOf":{"@id":"https:\/\/www.veracel.com.br\/#website"},"primaryImageOfPage":{"@id":"https:\/\/www.veracel.com.br\/veracel-no-apoio-as-mulheres-comunidades-tradicionais-e-liderancas-locais\/#primaryimage"},"image":{"@id":"https:\/\/www.veracel.com.br\/veracel-no-apoio-as-mulheres-comunidades-tradicionais-e-liderancas-locais\/#primaryimage"},"thumbnailUrl":"https:\/\/www.veracel.com.br\/wp-content\/uploads\/2022\/08\/mulheres-sul-da-bahia-geracao-de-renda-veracel-celulose-02.jpg","datePublished":"2025-08-25T14:34:41+00:00","description":"Promover o protagonismo de mulheres, agricultores(as), marisqueiras, ind\u00edgenas, pescadores(as) \u00e9 um compromisso da Veracel.","breadcrumb":{"@id":"https:\/\/www.veracel.com.br\/veracel-no-apoio-as-mulheres-comunidades-tradicionais-e-liderancas-locais\/#breadcrumb"},"inLanguage":"en-US","potentialAction":[{"@type":"ReadAction","target":["https:\/\/www.veracel.com.br\/veracel-no-apoio-as-mulheres-comunidades-tradicionais-e-liderancas-locais\/"]}]},{"@type":"ImageObject","inLanguage":"en-US","@id":"https:\/\/www.veracel.com.br\/veracel-no-apoio-as-mulheres-comunidades-tradicionais-e-liderancas-locais\/#primaryimage","url":"https:\/\/www.veracel.com.br\/wp-content\/uploads\/2022\/08\/mulheres-sul-da-bahia-geracao-de-renda-veracel-celulose-02.jpg","contentUrl":"https:\/\/www.veracel.com.br\/wp-content\/uploads\/2022\/08\/mulheres-sul-da-bahia-geracao-de-renda-veracel-celulose-02.jpg","width":800,"height":533,"caption":"A Veracel no apoio \u00e0s mulheres, comunidades tradicionais e lideran\u00e7as locais"},{"@type":"BreadcrumbList","@id":"https:\/\/www.veracel.com.br\/veracel-no-apoio-as-mulheres-comunidades-tradicionais-e-liderancas-locais\/#breadcrumb","itemListElement":[{"@type":"ListItem","position":1,"name":"Home","item":"https:\/\/www.veracel.com.br\/"},{"@type":"ListItem","position":2,"name":"Sustentabilidade na Veracel","item":"https:\/\/www.veracel.com.br\/sustentabilidade-na-veracel\/"},{"@type":"ListItem","position":3,"name":"A Veracel no apoio \u00e0s mulheres, comunidades tradicionais e lideran\u00e7as locais"}]},{"@type":"WebSite","@id":"https:\/\/www.veracel.com.br\/#website","url":"https:\/\/www.veracel.com.br\/","name":"Veracel Celulose","description":"Quando crescemos juntos vamos muito mais longe","publisher":{"@id":"https:\/\/www.veracel.com.br\/#organization"},"potentialAction":[{"@type":"SearchAction","target":{"@type":"EntryPoint","urlTemplate":"https:\/\/www.veracel.com.br\/?s={search_term_string}"},"query-input":{"@type":"PropertyValueSpecification","valueRequired":true,"valueName":"search_term_string"}}],"inLanguage":"en-US"},{"@type":"Organization","@id":"https:\/\/www.veracel.com.br\/#organization","name":"Veracel Celulose","url":"https:\/\/www.veracel.com.br\/","logo":{"@type":"ImageObject","inLanguage":"en-US","@id":"https:\/\/www.veracel.com.br\/#\/schema\/logo\/image\/","url":"https:\/\/www.veracel.com.br\/wp-content\/uploads\/2024\/08\/Ativo-1.png","contentUrl":"https:\/\/www.veracel.com.br\/wp-content\/uploads\/2024\/08\/Ativo-1.png","width":400,"height":121,"caption":"Veracel Celulose"},"image":{"@id":"https:\/\/www.veracel.com.br\/#\/schema\/logo\/image\/"},"sameAs":["https:\/\/www.instagram.com\/veracelcelulose","https:\/\/www.linkedin.com\/company\/veracelcelulose\/","https:\/\/www.youtube.com\/user\/CanalVeracel"]}]}},"_links":{"self":[{"href":"https:\/\/www.veracel.com.br\/en\/wp-json\/wp\/v2\/posts\/41119","targetHints":{"allow":["GET"]}}],"collection":[{"href":"https:\/\/www.veracel.com.br\/en\/wp-json\/wp\/v2\/posts"}],"about":[{"href":"https:\/\/www.veracel.com.br\/en\/wp-json\/wp\/v2\/types\/post"}],"author":[{"embeddable":true,"href":"https:\/\/www.veracel.com.br\/en\/wp-json\/wp\/v2\/users\/2"}],"replies":[{"embeddable":true,"href":"https:\/\/www.veracel.com.br\/en\/wp-json\/wp\/v2\/comments?post=41119"}],"version-history":[{"count":2,"href":"https:\/\/www.veracel.com.br\/en\/wp-json\/wp\/v2\/posts\/41119\/revisions"}],"predecessor-version":[{"id":41123,"href":"https:\/\/www.veracel.com.br\/en\/wp-json\/wp\/v2\/posts\/41119\/revisions\/41123"}],"wp:featuredmedia":[{"embeddable":true,"href":"https:\/\/www.veracel.com.br\/en\/wp-json\/wp\/v2\/media\/25420"}],"wp:attachment":[{"href":"https:\/\/www.veracel.com.br\/en\/wp-json\/wp\/v2\/media?parent=41119"}],"wp:term":[{"taxonomy":"category","embeddable":true,"href":"https:\/\/www.veracel.com.br\/en\/wp-json\/wp\/v2\/categories?post=41119"},{"taxonomy":"post_tag","embeddable":true,"href":"https:\/\/www.veracel.com.br\/en\/wp-json\/wp\/v2\/tags?post=41119"}],"curies":[{"name":"wp","href":"https:\/\/api.w.org\/{rel}","templated":true}]}}