{"id":41905,"date":"2025-09-26T09:58:43","date_gmt":"2025-09-26T12:58:43","guid":{"rendered":"https:\/\/www.veracel.com.br\/?p=41905"},"modified":"2025-09-26T10:02:39","modified_gmt":"2025-09-26T13:02:39","slug":"curso-remoto-e-gratuito-para-pcds-senai-e-veracel-oferecem-formacao-em-assistente-administrativo-de-recursos-humanos","status":"publish","type":"post","link":"https:\/\/www.veracel.com.br\/en\/curso-remoto-e-gratuito-para-pcds-senai-e-veracel-oferecem-formacao-em-assistente-administrativo-de-recursos-humanos\/","title":{"rendered":"Curso remoto e gratuito para PCDs: SENAI e Veracel oferecem forma\u00e7\u00e3o em Assistente Administrativo de Recursos Humanos"},"content":{"rendered":"<p><em>Com foco na inclus\u00e3o do mercado de trabalho, as inscri\u00e7\u00f5es do curso remoto e gratuito para PCDs est\u00e3o abertas at\u00e9 o dia 12 de outubro para pessoas de todo o Brasil<\/em><\/p>\n<p>&nbsp;<\/p>\n<p>Em uma parceria focada na inclus\u00e3o, a Veracel Celulose e o SENAI Bahia abrem as inscri\u00e7\u00f5es para o curso gratuito de\u00a0Qualifica\u00e7\u00e3o Profissional em Assistente Administrativo de Recursos Humanos. A forma\u00e7\u00e3o \u00e9 exclusiva para Pessoas com Defici\u00eancia (PCD). Os interessados devem preencher o formul\u00e1rio de inscri\u00e7\u00e3o online at\u00e9 o dia 12 de outubro, pelo site do\u00a0SENAI.<\/p>\n<p>&nbsp;<\/p>\n<h2>Vagas dispon\u00edveis e requisitos<\/h2>\n<p>Ser\u00e3o oferecidas 50 vagas para o curso, que \u00e9 totalmente remoto e gratuito. Para participar, os candidatos precisam ter:<\/p>\n<ul>\n<li>Ensino Fundamental completo<\/li>\n<li>Idade m\u00ednima de 16 anos<\/li>\n<li>Laudo m\u00e9dico atualizado<\/li>\n<\/ul>\n<p>Apesar de ser ministrado por professores do SENAI Bahia, o curso \u00e9 exclusivo a PCDs de todo o territ\u00f3rio nacional.<\/p>\n<p>&nbsp;<\/p>\n<h2>Processo seletivo 100% online<\/h2>\n<p>O processo de sele\u00e7\u00e3o \u00e9 100% online e consiste em tr\u00eas etapas:<\/p>\n<ol>\n<li>Inscri\u00e7\u00e3o<\/li>\n<li>An\u00e1lise documental e curricular<\/li>\n<li>Prova online<\/li>\n<\/ol>\n<p>&nbsp;<\/p>\n<h2>Cronograma do curso e plataformas utilizadas<\/h2>\n<p>Com in\u00edcio em outubro e previs\u00e3o de conclus\u00e3o em janeiro de 2026, as aulas ser\u00e3o ministradas atrav\u00e9s de plataformas virtuais como:<\/p>\n<ul>\n<li>Meu SENAI<\/li>\n<li>Microsoft Teams<\/li>\n<li>Google Workspace<\/li>\n<\/ul>\n<p>As aulas acontecer\u00e3o de segunda a sexta-feira, no per\u00edodo noturno.<\/p>\n<p>&nbsp;<\/p>\n<h2>Compromisso com a inclus\u00e3o e empregabilidade<\/h2>\n<p>A iniciativa refor\u00e7a o compromisso da Veracel e do SENAI com o desenvolvimento e a inclus\u00e3o social, promovendo a empregabilidade e a qualifica\u00e7\u00e3o profissional para atender \u00e0s demandas do mercado de trabalho.<\/p>\n<p>&nbsp;<\/p>\n<h2>Link para inscri\u00e7\u00e3o<\/h2>\n<p>Qualifica\u00e7\u00e3o Profissional em Assistente Administrativo e Recursos Humanos &#8211; Inscri\u00e7\u00f5es at\u00e9 12 de outubro.<br \/>\nAssim como o curso, as inscri\u00e7\u00f5es s\u00e3o gratuitas.<\/p>\n<p><strong><a href=\"https:\/\/www.senaibahia.com.br\/qualificacao-profissional-em-assistente-administrativo-e-recursos-humanos-pcd\/\" target=\"_blank\" rel=\"noopener\">Inscreva-se no curso remoto e gratuito para PCDs: SENAI e Veracel\u00a0<\/a><\/strong><\/p>\n<p>&nbsp;<\/p>\n<h2>Mais informa\u00e7\u00f5es sobre a empresa:<\/h2>\n<p><strong><a href=\"https:\/\/www.veracel.com.br\/nosso-jeito\/\">Saiba mais sobre o jeito de ser da Veracel Celulose<\/a><\/strong><\/p>\n<p><strong><a href=\"https:\/\/www.veracel.com.br\/rppn-estacao-veracel\/\" target=\"_blank\" rel=\"noopener\">Conhe\u00e7a a maior reserva particular do patrim\u00f4nio natural. a RPPN Esta\u00e7\u00e3o Veracel<\/a><\/strong><\/p>\n<p><strong><a href=\"https:\/\/www.veracel.com.br\/veracel-conquista-pela-setima-vez-consecutiva-a-certificacao-great-place-to-work-gptw\/\">Fomos eleitos pelo Great Place to Work &#8211; GPTW, pelo 7\u00ba ano consecutivo, como uma das melhores empresas para trabalhar da Bahia<\/a><\/strong><\/p>\n<p>&nbsp;<\/p>\n","protected":false},"excerpt":{"rendered":"<p>Com foco na inclus\u00e3o do mercado de trabalho, as inscri\u00e7\u00f5es do curso remoto e gratuito para PCDs est\u00e3o abertas at\u00e9 o dia 12 de outubro para pessoas de todo o Brasil &nbsp; Em uma parceria focada na inclus\u00e3o, a Veracel Celulose e o SENAI Bahia abrem as inscri\u00e7\u00f5es para o curso gratuito de\u00a0Qualifica\u00e7\u00e3o Profissional em [&hellip;]<\/p>\n","protected":false},"author":2,"featured_media":0,"comment_status":"closed","ping_status":"closed","sticky":false,"template":"","format":"standard","meta":{"_acf_changed":false,"footnotes":"","_links_to":"","_links_to_target":""},"categories":[271,211],"tags":[],"class_list":["post-41905","post","type-post","status-publish","format-standard","hentry","category-a-veracel","category-noticias"],"acf":[],"yoast_head":"<!-- This site is optimized with the Yoast SEO Premium plugin v26.7 (Yoast SEO v27.4) - https:\/\/yoast.com\/product\/yoast-seo-premium-wordpress\/ -->\n<title>Curso gratuito e remoto para PCDs em RH | SENAI + Veracel<\/title>\n<meta name=\"description\" content=\"Veracel e SENAI Bahia oferecem curso gratuito de Assistente Administrativo em RH para PCDs. Inscri\u00e7\u00f5es at\u00e9 12 de outubro.\" \/>\n<meta name=\"robots\" content=\"index, follow, max-snippet:-1, max-image-preview:large, max-video-preview:-1\" \/>\n<link rel=\"canonical\" href=\"https:\/\/www.veracel.com.br\/curso-remoto-e-gratuito-para-pcds-senai-e-veracel-oferecem-formacao-em-assistente-administrativo-de-recursos-humanos\/\" \/>\n<meta property=\"og:locale\" content=\"en_US\" \/>\n<meta property=\"og:type\" content=\"article\" \/>\n<meta property=\"og:title\" content=\"Curso remoto e gratuito para PCDs: SENAI e Veracel oferecem forma\u00e7\u00e3o em Assistente Administrativo de Recursos Humanos\" \/>\n<meta property=\"og:description\" content=\"Veracel e SENAI Bahia oferecem curso gratuito de Assistente Administrativo em RH para PCDs. Inscri\u00e7\u00f5es at\u00e9 12 de outubro.\" \/>\n<meta property=\"og:url\" content=\"https:\/\/www.veracel.com.br\/curso-remoto-e-gratuito-para-pcds-senai-e-veracel-oferecem-formacao-em-assistente-administrativo-de-recursos-humanos\/\" \/>\n<meta property=\"og:site_name\" content=\"Veracel Celulose\" \/>\n<meta property=\"article:published_time\" content=\"2025-09-26T12:58:43+00:00\" \/>\n<meta property=\"article:modified_time\" content=\"2025-09-26T13:02:39+00:00\" \/>\n<meta name=\"author\" content=\"saulo\" \/>\n<meta name=\"twitter:card\" content=\"summary_large_image\" \/>\n<meta name=\"twitter:label1\" content=\"Written by\" \/>\n\t<meta name=\"twitter:data1\" content=\"saulo\" \/>\n\t<meta name=\"twitter:label2\" content=\"Est. reading time\" \/>\n\t<meta name=\"twitter:data2\" content=\"2 minutes\" \/>\n<script type=\"application\/ld+json\" class=\"yoast-schema-graph\">{\"@context\":\"https:\\\/\\\/schema.org\",\"@graph\":[{\"@type\":\"WebPage\",\"@id\":\"https:\\\/\\\/www.veracel.com.br\\\/curso-remoto-e-gratuito-para-pcds-senai-e-veracel-oferecem-formacao-em-assistente-administrativo-de-recursos-humanos\\\/\",\"url\":\"https:\\\/\\\/www.veracel.com.br\\\/curso-remoto-e-gratuito-para-pcds-senai-e-veracel-oferecem-formacao-em-assistente-administrativo-de-recursos-humanos\\\/\",\"name\":\"Curso gratuito e remoto para PCDs em RH | SENAI + Veracel\",\"isPartOf\":{\"@id\":\"https:\\\/\\\/www.veracel.com.br\\\/#website\"},\"datePublished\":\"2025-09-26T12:58:43+00:00\",\"dateModified\":\"2025-09-26T13:02:39+00:00\",\"description\":\"Veracel e SENAI Bahia oferecem curso gratuito de Assistente Administrativo em RH para PCDs. Inscri\u00e7\u00f5es at\u00e9 12 de outubro.\",\"breadcrumb\":{\"@id\":\"https:\\\/\\\/www.veracel.com.br\\\/curso-remoto-e-gratuito-para-pcds-senai-e-veracel-oferecem-formacao-em-assistente-administrativo-de-recursos-humanos\\\/#breadcrumb\"},\"inLanguage\":\"en-US\",\"potentialAction\":[{\"@type\":\"ReadAction\",\"target\":[\"https:\\\/\\\/www.veracel.com.br\\\/curso-remoto-e-gratuito-para-pcds-senai-e-veracel-oferecem-formacao-em-assistente-administrativo-de-recursos-humanos\\\/\"]}]},{\"@type\":\"BreadcrumbList\",\"@id\":\"https:\\\/\\\/www.veracel.com.br\\\/curso-remoto-e-gratuito-para-pcds-senai-e-veracel-oferecem-formacao-em-assistente-administrativo-de-recursos-humanos\\\/#breadcrumb\",\"itemListElement\":[{\"@type\":\"ListItem\",\"position\":1,\"name\":\"Home\",\"item\":\"https:\\\/\\\/www.veracel.com.br\\\/\"},{\"@type\":\"ListItem\",\"position\":2,\"name\":\"Not\u00edcias\",\"item\":\"https:\\\/\\\/www.veracel.com.br\\\/noticias\\\/\"},{\"@type\":\"ListItem\",\"position\":3,\"name\":\"Curso remoto e gratuito para PCDs: SENAI e Veracel oferecem forma\u00e7\u00e3o em Assistente Administrativo de Recursos Humanos\"}]},{\"@type\":\"WebSite\",\"@id\":\"https:\\\/\\\/www.veracel.com.br\\\/#website\",\"url\":\"https:\\\/\\\/www.veracel.com.br\\\/\",\"name\":\"Veracel Celulose\",\"description\":\"Quando crescemos juntos vamos muito mais longe\",\"publisher\":{\"@id\":\"https:\\\/\\\/www.veracel.com.br\\\/#organization\"},\"potentialAction\":[{\"@type\":\"SearchAction\",\"target\":{\"@type\":\"EntryPoint\",\"urlTemplate\":\"https:\\\/\\\/www.veracel.com.br\\\/?s={search_term_string}\"},\"query-input\":{\"@type\":\"PropertyValueSpecification\",\"valueRequired\":true,\"valueName\":\"search_term_string\"}}],\"inLanguage\":\"en-US\"},{\"@type\":\"Organization\",\"@id\":\"https:\\\/\\\/www.veracel.com.br\\\/#organization\",\"name\":\"Veracel Celulose\",\"url\":\"https:\\\/\\\/www.veracel.com.br\\\/\",\"logo\":{\"@type\":\"ImageObject\",\"inLanguage\":\"en-US\",\"@id\":\"https:\\\/\\\/www.veracel.com.br\\\/#\\\/schema\\\/logo\\\/image\\\/\",\"url\":\"https:\\\/\\\/www.veracel.com.br\\\/wp-content\\\/uploads\\\/2024\\\/08\\\/Ativo-1.png\",\"contentUrl\":\"https:\\\/\\\/www.veracel.com.br\\\/wp-content\\\/uploads\\\/2024\\\/08\\\/Ativo-1.png\",\"width\":400,\"height\":121,\"caption\":\"Veracel Celulose\"},\"image\":{\"@id\":\"https:\\\/\\\/www.veracel.com.br\\\/#\\\/schema\\\/logo\\\/image\\\/\"},\"sameAs\":[\"https:\\\/\\\/www.instagram.com\\\/veracelcelulose\",\"https:\\\/\\\/www.linkedin.com\\\/company\\\/veracelcelulose\\\/\",\"https:\\\/\\\/www.youtube.com\\\/user\\\/CanalVeracel\"]}]}<\/script>\n<!-- \/ Yoast SEO Premium plugin. -->","yoast_head_json":{"title":"Curso gratuito e remoto para PCDs em RH | SENAI + Veracel","description":"Veracel e SENAI Bahia oferecem curso gratuito de Assistente Administrativo em RH para PCDs. Inscri\u00e7\u00f5es at\u00e9 12 de outubro.","robots":{"index":"index","follow":"follow","max-snippet":"max-snippet:-1","max-image-preview":"max-image-preview:large","max-video-preview":"max-video-preview:-1"},"canonical":"https:\/\/www.veracel.com.br\/curso-remoto-e-gratuito-para-pcds-senai-e-veracel-oferecem-formacao-em-assistente-administrativo-de-recursos-humanos\/","og_locale":"en_US","og_type":"article","og_title":"Curso remoto e gratuito para PCDs: SENAI e Veracel oferecem forma\u00e7\u00e3o em Assistente Administrativo de Recursos Humanos","og_description":"Veracel e SENAI Bahia oferecem curso gratuito de Assistente Administrativo em RH para PCDs. Inscri\u00e7\u00f5es at\u00e9 12 de outubro.","og_url":"https:\/\/www.veracel.com.br\/curso-remoto-e-gratuito-para-pcds-senai-e-veracel-oferecem-formacao-em-assistente-administrativo-de-recursos-humanos\/","og_site_name":"Veracel Celulose","article_published_time":"2025-09-26T12:58:43+00:00","article_modified_time":"2025-09-26T13:02:39+00:00","author":"saulo","twitter_card":"summary_large_image","twitter_misc":{"Written by":"saulo","Est. reading time":"2 minutes"},"schema":{"@context":"https:\/\/schema.org","@graph":[{"@type":"WebPage","@id":"https:\/\/www.veracel.com.br\/curso-remoto-e-gratuito-para-pcds-senai-e-veracel-oferecem-formacao-em-assistente-administrativo-de-recursos-humanos\/","url":"https:\/\/www.veracel.com.br\/curso-remoto-e-gratuito-para-pcds-senai-e-veracel-oferecem-formacao-em-assistente-administrativo-de-recursos-humanos\/","name":"Curso gratuito e remoto para PCDs em RH | SENAI + Veracel","isPartOf":{"@id":"https:\/\/www.veracel.com.br\/#website"},"datePublished":"2025-09-26T12:58:43+00:00","dateModified":"2025-09-26T13:02:39+00:00","description":"Veracel e SENAI Bahia oferecem curso gratuito de Assistente Administrativo em RH para PCDs. Inscri\u00e7\u00f5es at\u00e9 12 de outubro.","breadcrumb":{"@id":"https:\/\/www.veracel.com.br\/curso-remoto-e-gratuito-para-pcds-senai-e-veracel-oferecem-formacao-em-assistente-administrativo-de-recursos-humanos\/#breadcrumb"},"inLanguage":"en-US","potentialAction":[{"@type":"ReadAction","target":["https:\/\/www.veracel.com.br\/curso-remoto-e-gratuito-para-pcds-senai-e-veracel-oferecem-formacao-em-assistente-administrativo-de-recursos-humanos\/"]}]},{"@type":"BreadcrumbList","@id":"https:\/\/www.veracel.com.br\/curso-remoto-e-gratuito-para-pcds-senai-e-veracel-oferecem-formacao-em-assistente-administrativo-de-recursos-humanos\/#breadcrumb","itemListElement":[{"@type":"ListItem","position":1,"name":"Home","item":"https:\/\/www.veracel.com.br\/"},{"@type":"ListItem","position":2,"name":"Not\u00edcias","item":"https:\/\/www.veracel.com.br\/noticias\/"},{"@type":"ListItem","position":3,"name":"Curso remoto e gratuito para PCDs: SENAI e Veracel oferecem forma\u00e7\u00e3o em Assistente Administrativo de Recursos Humanos"}]},{"@type":"WebSite","@id":"https:\/\/www.veracel.com.br\/#website","url":"https:\/\/www.veracel.com.br\/","name":"Veracel Celulose","description":"Quando crescemos juntos vamos muito mais longe","publisher":{"@id":"https:\/\/www.veracel.com.br\/#organization"},"potentialAction":[{"@type":"SearchAction","target":{"@type":"EntryPoint","urlTemplate":"https:\/\/www.veracel.com.br\/?s={search_term_string}"},"query-input":{"@type":"PropertyValueSpecification","valueRequired":true,"valueName":"search_term_string"}}],"inLanguage":"en-US"},{"@type":"Organization","@id":"https:\/\/www.veracel.com.br\/#organization","name":"Veracel Celulose","url":"https:\/\/www.veracel.com.br\/","logo":{"@type":"ImageObject","inLanguage":"en-US","@id":"https:\/\/www.veracel.com.br\/#\/schema\/logo\/image\/","url":"https:\/\/www.veracel.com.br\/wp-content\/uploads\/2024\/08\/Ativo-1.png","contentUrl":"https:\/\/www.veracel.com.br\/wp-content\/uploads\/2024\/08\/Ativo-1.png","width":400,"height":121,"caption":"Veracel Celulose"},"image":{"@id":"https:\/\/www.veracel.com.br\/#\/schema\/logo\/image\/"},"sameAs":["https:\/\/www.instagram.com\/veracelcelulose","https:\/\/www.linkedin.com\/company\/veracelcelulose\/","https:\/\/www.youtube.com\/user\/CanalVeracel"]}]}},"_links":{"self":[{"href":"https:\/\/www.veracel.com.br\/en\/wp-json\/wp\/v2\/posts\/41905","targetHints":{"allow":["GET"]}}],"collection":[{"href":"https:\/\/www.veracel.com.br\/en\/wp-json\/wp\/v2\/posts"}],"about":[{"href":"https:\/\/www.veracel.com.br\/en\/wp-json\/wp\/v2\/types\/post"}],"author":[{"embeddable":true,"href":"https:\/\/www.veracel.com.br\/en\/wp-json\/wp\/v2\/users\/2"}],"replies":[{"embeddable":true,"href":"https:\/\/www.veracel.com.br\/en\/wp-json\/wp\/v2\/comments?post=41905"}],"version-history":[{"count":4,"href":"https:\/\/www.veracel.com.br\/en\/wp-json\/wp\/v2\/posts\/41905\/revisions"}],"predecessor-version":[{"id":41909,"href":"https:\/\/www.veracel.com.br\/en\/wp-json\/wp\/v2\/posts\/41905\/revisions\/41909"}],"wp:attachment":[{"href":"https:\/\/www.veracel.com.br\/en\/wp-json\/wp\/v2\/media?parent=41905"}],"wp:term":[{"taxonomy":"category","embeddable":true,"href":"https:\/\/www.veracel.com.br\/en\/wp-json\/wp\/v2\/categories?post=41905"},{"taxonomy":"post_tag","embeddable":true,"href":"https:\/\/www.veracel.com.br\/en\/wp-json\/wp\/v2\/tags?post=41905"}],"curies":[{"name":"wp","href":"https:\/\/api.w.org\/{rel}","templated":true}]}}