{"id":41976,"date":"2025-10-17T12:10:47","date_gmt":"2025-10-17T15:10:47","guid":{"rendered":"https:\/\/www.veracel.com.br\/?p=41976"},"modified":"2025-10-17T12:12:46","modified_gmt":"2025-10-17T15:12:46","slug":"veracel-abre-banco-de-talentos-para-operador-de-colheita-florestal","status":"publish","type":"post","link":"https:\/\/www.veracel.com.br\/en\/veracel-abre-banco-de-talentos-para-operador-de-colheita-florestal\/","title":{"rendered":"Veracel abre Banco de Talentos para Operador de Colheita Florestal"},"content":{"rendered":"<p><em>Se voc\u00ea tem experi\u00eancia com m\u00e1quinas florestais e est\u00e1 de olho em novas oportunidades no setor de celulose, essa \u00e9 pra voc\u00ea! A Veracel abriu inscri\u00e7\u00f5es para seu Banco de Talentos voltado \u00e0 contrata\u00e7\u00e3o de Operadores(as) de Colheita Florestal I. Inscri\u00e7\u00f5es v\u00e3o at\u00e9 31 de dezembro de 2025. Continue lendo e descubra como garantir sua vaga!<\/em><\/p>\n<p>&nbsp;<\/p>\n<h2>Oportunidade na \u00e1rea florestal? A Veracel t\u00e1 com tudo!<\/h2>\n<p>A Veracel Celulose, refer\u00eancia no setor de celulose no Brasil, est\u00e1 com uma nova iniciativa para atrair talentos que desejam atuar na \u00e1rea de colheita florestal. A empresa lan\u00e7ou um Banco de Talentos para a fun\u00e7\u00e3o de Operador(a) de Colheita Florestal I, com inscri\u00e7\u00f5es abertas at\u00e9 31 de dezembro de 2025.<\/p>\n<p>Se voc\u00ea tem o perfil t\u00e9cnico, experi\u00eancia com maquin\u00e1rio florestal e est\u00e1 buscando uma coloca\u00e7\u00e3o em uma empresa s\u00f3lida, inovadora e comprometida com a sustentabilidade, chegou sua hora!<\/p>\n<p>&nbsp;<\/p>\n<h2>O que faz um Operador de Colheita Florestal?<\/h2>\n<p>Essa profiss\u00e3o exige muita responsabilidade e aten\u00e7\u00e3o, afinal, o operador \u00e9 quem atua diretamente com as m\u00e1quinas pesadas respons\u00e1veis pela extra\u00e7\u00e3o da madeira.<\/p>\n<p>Entre as atribui\u00e7\u00f5es da fun\u00e7\u00e3o est\u00e3o:<\/p>\n<ul>\n<li>Realizar inspe\u00e7\u00f5es pr\u00e9vias nos equipamentos antes de iniciar as atividades.<\/li>\n<li>Operar m\u00e1quinas espec\u00edficas para produ\u00e7\u00e3o de toras sem casca, seguindo os procedimentos t\u00e9cnicos.<\/li>\n<li>Fazer a manuten\u00e7\u00e3o preventiva, como a troca de sabres e correntes.<\/li>\n<li>Registrar todas as atividades operacionais no sistema da empresa.<\/li>\n<li>Comunicar qualquer tipo de anomalia ou falha no equipamento.<\/li>\n<li>Participar de Di\u00e1logos Di\u00e1rios de Seguran\u00e7a (DDS) e treinamentos internos.<\/li>\n<li>Apoiar atividades de campo e no m\u00f3dulo de apoio quando necess\u00e1rio.<\/li>\n<\/ul>\n<h2><\/h2>\n<h2>Quem pode se candidatar? Confira os requisitos obrigat\u00f3rios:<\/h2>\n<p>Pra n\u00e3o perder tempo, anota a\u00ed tudo que voc\u00ea precisa pra se candidatar:<\/p>\n<p>\u2705 Ensino M\u00e9dio completo<br \/>\n\u2705 CNH categoria B ou superior<br \/>\n\u2705 Curso de Opera\u00e7\u00e3o de M\u00e1quinas Florestais (SENAI ou equivalente) \u2013 certificado obrigat\u00f3rio<br \/>\n\u2705 Experi\u00eancia comprovada em opera\u00e7\u00e3o de m\u00e1quinas florestais<\/p>\n<p>Ponto extra se voc\u00ea j\u00e1 tiver trabalhado em empresas do setor de papel e celulose, ou tiver viv\u00eancia com sistemas de gest\u00e3o da qualidade, meio ambiente ou seguran\u00e7a do trabalho.<\/p>\n<p>&nbsp;<\/p>\n<h2>O que a Veracel oferece?<\/h2>\n<p>Al\u00e9m de fazer parte de uma das empresas mais respeitadas do setor, quem entrar para o time da Veracel ter\u00e1 acesso a um pacote de benef\u00edcios super completo. D\u00e1 s\u00f3 uma olhada:<\/p>\n<ul>\n<li>Assist\u00eancia m\u00e9dica e odontol\u00f3gica<\/li>\n<li>Cesta de Natal<\/li>\n<li>Empr\u00e9stimo consignado<\/li>\n<li>Gin\u00e1stica laboral<\/li>\n<li>Previd\u00eancia privada<\/li>\n<li>Programa de remunera\u00e7\u00e3o vari\u00e1vel<\/li>\n<li>Treinamentos internos<\/li>\n<li>Restaurante na empresa<\/li>\n<li>Seguro de vida<\/li>\n<li>Vale-alimenta\u00e7\u00e3o<\/li>\n<li>Ou seja, \u00e9 qualidade de vida aliada ao crescimento profissional!<\/li>\n<\/ul>\n<p>&nbsp;<\/p>\n<h2>Como se inscrever?<\/h2>\n<p>O processo \u00e9 totalmente online e pode ser feito pelo canal \u201cVem pra Veracel\u201d.<\/p>\n<p><strong><a href=\"https:\/\/vemparaaveracel.gupy.io\/\" target=\"_blank\" rel=\"noopener\">Clique aqui para se candidatar agora<\/a><\/strong><\/p>\n<p>Ah, e n\u00e3o se esque\u00e7a de <strong><a href=\"https:\/\/www.linkedin.com\/company\/veracelcelulose\/\" target=\"_blank\" rel=\"noopener\">seguir o LinkedIn da Veracel<\/a><\/strong> para ficar por dentro de todas as vagas, novidades e atualiza\u00e7\u00f5es da companhia!<\/p>\n<p>&nbsp;<\/p>\n<h2>Dicas para mandar bem na candidatura:<\/h2>\n<p>Quer se destacar? Ent\u00e3o, al\u00e9m de atender aos requisitos t\u00e9cnicos, d\u00e1 uma olhada nessas dicas r\u00e1pidas:<\/p>\n<ul>\n<li>Mantenha seu curr\u00edculo atualizado e com linguagem clara.<\/li>\n<li>Adicione cursos e certificados com datas recentes.<\/li>\n<li>Destaque experi\u00eancias anteriores com m\u00e1quinas florestais.<\/li>\n<li>Demonstre interesse pela \u00e1rea florestal sustent\u00e1vel.<\/li>\n<li>Verifique se seus contatos (telefone e e-mail) est\u00e3o corretos.<\/li>\n<\/ul>\n<p>&nbsp;<\/p>\n<h2>Diversidade e inclus\u00e3o: um compromisso da Veracel<\/h2>\n<p>Um ponto super positivo dessa vaga \u00e9 o compromisso da empresa com a diversidade. A Veracel convida profissionais de todos os g\u00eaneros, ra\u00e7as, orienta\u00e7\u00f5es e habilidades a se inscreverem. Isso mostra o quanto a companhia valoriza ambientes inclusivos e oportunidades para todos!<\/p>\n<p>&nbsp;<\/p>\n<h2>Perguntas Frequentes (FAQ)<\/h2>\n<p><strong>\ud83d\udccc At\u00e9 quando posso me inscrever?<\/strong><br \/>\nAt\u00e9 o dia 31 de dezembro de 2025.<\/p>\n<p><strong>\ud83d\udccc A vaga \u00e9 tempor\u00e1ria ou efetiva?<\/strong><br \/>\nO Banco de Talentos visa futuras contrata\u00e7\u00f5es, com vagas efetivas, de acordo com a necessidade da empresa.<\/p>\n<p><strong>\ud83d\udccc Preciso morar na regi\u00e3o da Veracel?<\/strong><br \/>\n\u00c9 recomend\u00e1vel residir nas regi\u00f5es pr\u00f3ximas \u00e0s opera\u00e7\u00f5es da Veracel, como Eun\u00e1polis, Itabela, Porto Seguro (BA), mas o processo seletivo pode variar conforme a necessidade.<\/p>\n<p><strong>\ud83d\udccc N\u00e3o tenho curso pelo SENAI, posso participar?<\/strong><br \/>\nO curso de Opera\u00e7\u00e3o de M\u00e1quinas Florestais \u00e9 obrigat\u00f3rio, mas pode ser feito por institui\u00e7\u00f5es equivalentes, desde que com certificado v\u00e1lido.<\/p>\n<p>&nbsp;<\/p>\n<h2>Por que trabalhar na \u00e1rea de Colheita Florestal?<\/h2>\n<p>Se voc\u00ea curte trabalhar ao ar livre, com m\u00e1quinas tecnol\u00f3gicas e em uma atividade essencial para o setor industrial brasileiro, a colheita florestal pode ser uma \u00f3tima escolha!<\/p>\n<p>Al\u00e9m disso, \u00e9 uma \u00e1rea que valoriza bastante o profissional t\u00e9cnico, oferece estabilidade e oportunidades de crescimento dentro das grandes empresas como a Veracel.<\/p>\n<p>&nbsp;<\/p>\n<h2>Pronto para fazer parte da Veracel?<\/h2>\n<p>Se voc\u00ea chegou at\u00e9 aqui, \u00e9 porque realmente est\u00e1 interessado em crescer no setor florestal. A Veracel Celulose \u00e9 uma excelente porta de entrada para quem busca reconhecimento, desenvolvimento profissional e um ambiente de trabalho seguro e inclusivo.<\/p>\n<p>Ent\u00e3o, n\u00e3o perde tempo! <strong><a href=\"https:\/\/vemparaaveracel.gupy.io\/jobs\/1696368?jobBoardSource=gupy_public_page\" target=\"_blank\" rel=\"noopener\">Acesse o site, cadastre seu curr\u00edculo e entre pro Banco de Talentos da Veracel<\/a><\/strong>. Quem sabe essa n\u00e3o \u00e9 a virada de chave que voc\u00ea estava esperando?<\/p>\n","protected":false},"excerpt":{"rendered":"<p>Se voc\u00ea tem experi\u00eancia com m\u00e1quinas florestais e est\u00e1 de olho em novas oportunidades no setor de celulose, essa \u00e9 pra voc\u00ea! A Veracel abriu inscri\u00e7\u00f5es para seu Banco de Talentos voltado \u00e0 contrata\u00e7\u00e3o de Operadores(as) de Colheita Florestal I. Inscri\u00e7\u00f5es v\u00e3o at\u00e9 31 de dezembro de 2025. Continue lendo e descubra como garantir sua [&hellip;]<\/p>\n","protected":false},"author":2,"featured_media":41977,"comment_status":"closed","ping_status":"closed","sticky":false,"template":"","format":"standard","meta":{"_acf_changed":false,"footnotes":"","_links_to":"","_links_to_target":""},"categories":[271,211],"tags":[],"class_list":["post-41976","post","type-post","status-publish","format-standard","has-post-thumbnail","hentry","category-a-veracel","category-noticias"],"acf":[],"yoast_head":"<!-- This site is optimized with the Yoast SEO Premium plugin v26.7 (Yoast SEO v27.4) - https:\/\/yoast.com\/product\/yoast-seo-premium-wordpress\/ -->\n<title>Banco de Talentos para Operador de Colheita Florestal<\/title>\n<meta name=\"description\" content=\"A Veracel Celulose est\u00e1 com inscri\u00e7\u00f5es abertas at\u00e9 31\/12 para o Banco de Talentos em Opera\u00e7\u00e3o de Colheita Florestal.\" \/>\n<meta name=\"robots\" content=\"index, follow, max-snippet:-1, max-image-preview:large, max-video-preview:-1\" \/>\n<link rel=\"canonical\" href=\"https:\/\/www.veracel.com.br\/veracel-abre-banco-de-talentos-para-operador-de-colheita-florestal\/\" \/>\n<meta property=\"og:locale\" content=\"en_US\" \/>\n<meta property=\"og:type\" content=\"article\" \/>\n<meta property=\"og:title\" content=\"Veracel abre Banco de Talentos para Operador de Colheita Florestal\" \/>\n<meta property=\"og:description\" content=\"A Veracel Celulose est\u00e1 com inscri\u00e7\u00f5es abertas at\u00e9 31\/12 para o Banco de Talentos em Opera\u00e7\u00e3o de Colheita Florestal.\" \/>\n<meta property=\"og:url\" content=\"https:\/\/www.veracel.com.br\/veracel-abre-banco-de-talentos-para-operador-de-colheita-florestal\/\" \/>\n<meta property=\"og:site_name\" content=\"Veracel Celulose\" \/>\n<meta property=\"article:published_time\" content=\"2025-10-17T15:10:47+00:00\" \/>\n<meta property=\"article:modified_time\" content=\"2025-10-17T15:12:46+00:00\" \/>\n<meta property=\"og:image\" content=\"https:\/\/www.veracel.com.br\/wp-content\/uploads\/2025\/10\/operador-colheita-florestal-veracel.jpg\" \/>\n\t<meta property=\"og:image:width\" content=\"1200\" \/>\n\t<meta property=\"og:image:height\" content=\"800\" \/>\n\t<meta property=\"og:image:type\" content=\"image\/jpeg\" \/>\n<meta name=\"author\" content=\"saulo\" \/>\n<meta name=\"twitter:card\" content=\"summary_large_image\" \/>\n<meta name=\"twitter:label1\" content=\"Written by\" \/>\n\t<meta name=\"twitter:data1\" content=\"saulo\" \/>\n\t<meta name=\"twitter:label2\" content=\"Est. reading time\" \/>\n\t<meta name=\"twitter:data2\" content=\"5 minutes\" \/>\n<script type=\"application\/ld+json\" class=\"yoast-schema-graph\">{\"@context\":\"https:\\\/\\\/schema.org\",\"@graph\":[{\"@type\":\"WebPage\",\"@id\":\"https:\\\/\\\/www.veracel.com.br\\\/veracel-abre-banco-de-talentos-para-operador-de-colheita-florestal\\\/\",\"url\":\"https:\\\/\\\/www.veracel.com.br\\\/veracel-abre-banco-de-talentos-para-operador-de-colheita-florestal\\\/\",\"name\":\"Banco de Talentos para Operador de Colheita Florestal\",\"isPartOf\":{\"@id\":\"https:\\\/\\\/www.veracel.com.br\\\/#website\"},\"primaryImageOfPage\":{\"@id\":\"https:\\\/\\\/www.veracel.com.br\\\/veracel-abre-banco-de-talentos-para-operador-de-colheita-florestal\\\/#primaryimage\"},\"image\":{\"@id\":\"https:\\\/\\\/www.veracel.com.br\\\/veracel-abre-banco-de-talentos-para-operador-de-colheita-florestal\\\/#primaryimage\"},\"thumbnailUrl\":\"https:\\\/\\\/www.veracel.com.br\\\/wp-content\\\/uploads\\\/2025\\\/10\\\/operador-colheita-florestal-veracel.jpg\",\"datePublished\":\"2025-10-17T15:10:47+00:00\",\"dateModified\":\"2025-10-17T15:12:46+00:00\",\"description\":\"A Veracel Celulose est\u00e1 com inscri\u00e7\u00f5es abertas at\u00e9 31\\\/12 para o Banco de Talentos em Opera\u00e7\u00e3o de Colheita Florestal.\",\"breadcrumb\":{\"@id\":\"https:\\\/\\\/www.veracel.com.br\\\/veracel-abre-banco-de-talentos-para-operador-de-colheita-florestal\\\/#breadcrumb\"},\"inLanguage\":\"en-US\",\"potentialAction\":[{\"@type\":\"ReadAction\",\"target\":[\"https:\\\/\\\/www.veracel.com.br\\\/veracel-abre-banco-de-talentos-para-operador-de-colheita-florestal\\\/\"]}]},{\"@type\":\"ImageObject\",\"inLanguage\":\"en-US\",\"@id\":\"https:\\\/\\\/www.veracel.com.br\\\/veracel-abre-banco-de-talentos-para-operador-de-colheita-florestal\\\/#primaryimage\",\"url\":\"https:\\\/\\\/www.veracel.com.br\\\/wp-content\\\/uploads\\\/2025\\\/10\\\/operador-colheita-florestal-veracel.jpg\",\"contentUrl\":\"https:\\\/\\\/www.veracel.com.br\\\/wp-content\\\/uploads\\\/2025\\\/10\\\/operador-colheita-florestal-veracel.jpg\",\"width\":1200,\"height\":800,\"caption\":\"Fotografia da empresa VERACEL em Eunapolis\\\/BA.\"},{\"@type\":\"BreadcrumbList\",\"@id\":\"https:\\\/\\\/www.veracel.com.br\\\/veracel-abre-banco-de-talentos-para-operador-de-colheita-florestal\\\/#breadcrumb\",\"itemListElement\":[{\"@type\":\"ListItem\",\"position\":1,\"name\":\"Home\",\"item\":\"https:\\\/\\\/www.veracel.com.br\\\/\"},{\"@type\":\"ListItem\",\"position\":2,\"name\":\"Not\u00edcias\",\"item\":\"https:\\\/\\\/www.veracel.com.br\\\/noticias\\\/\"},{\"@type\":\"ListItem\",\"position\":3,\"name\":\"Veracel abre Banco de Talentos para Operador de Colheita Florestal\"}]},{\"@type\":\"WebSite\",\"@id\":\"https:\\\/\\\/www.veracel.com.br\\\/#website\",\"url\":\"https:\\\/\\\/www.veracel.com.br\\\/\",\"name\":\"Veracel Celulose\",\"description\":\"Quando crescemos juntos vamos muito mais longe\",\"publisher\":{\"@id\":\"https:\\\/\\\/www.veracel.com.br\\\/#organization\"},\"potentialAction\":[{\"@type\":\"SearchAction\",\"target\":{\"@type\":\"EntryPoint\",\"urlTemplate\":\"https:\\\/\\\/www.veracel.com.br\\\/?s={search_term_string}\"},\"query-input\":{\"@type\":\"PropertyValueSpecification\",\"valueRequired\":true,\"valueName\":\"search_term_string\"}}],\"inLanguage\":\"en-US\"},{\"@type\":\"Organization\",\"@id\":\"https:\\\/\\\/www.veracel.com.br\\\/#organization\",\"name\":\"Veracel Celulose\",\"url\":\"https:\\\/\\\/www.veracel.com.br\\\/\",\"logo\":{\"@type\":\"ImageObject\",\"inLanguage\":\"en-US\",\"@id\":\"https:\\\/\\\/www.veracel.com.br\\\/#\\\/schema\\\/logo\\\/image\\\/\",\"url\":\"https:\\\/\\\/www.veracel.com.br\\\/wp-content\\\/uploads\\\/2024\\\/08\\\/Ativo-1.png\",\"contentUrl\":\"https:\\\/\\\/www.veracel.com.br\\\/wp-content\\\/uploads\\\/2024\\\/08\\\/Ativo-1.png\",\"width\":400,\"height\":121,\"caption\":\"Veracel Celulose\"},\"image\":{\"@id\":\"https:\\\/\\\/www.veracel.com.br\\\/#\\\/schema\\\/logo\\\/image\\\/\"},\"sameAs\":[\"https:\\\/\\\/www.instagram.com\\\/veracelcelulose\",\"https:\\\/\\\/www.linkedin.com\\\/company\\\/veracelcelulose\\\/\",\"https:\\\/\\\/www.youtube.com\\\/user\\\/CanalVeracel\"]}]}<\/script>\n<!-- \/ Yoast SEO Premium plugin. -->","yoast_head_json":{"title":"Banco de Talentos para Operador de Colheita Florestal","description":"A Veracel Celulose est\u00e1 com inscri\u00e7\u00f5es abertas at\u00e9 31\/12 para o Banco de Talentos em Opera\u00e7\u00e3o de Colheita Florestal.","robots":{"index":"index","follow":"follow","max-snippet":"max-snippet:-1","max-image-preview":"max-image-preview:large","max-video-preview":"max-video-preview:-1"},"canonical":"https:\/\/www.veracel.com.br\/veracel-abre-banco-de-talentos-para-operador-de-colheita-florestal\/","og_locale":"en_US","og_type":"article","og_title":"Veracel abre Banco de Talentos para Operador de Colheita Florestal","og_description":"A Veracel Celulose est\u00e1 com inscri\u00e7\u00f5es abertas at\u00e9 31\/12 para o Banco de Talentos em Opera\u00e7\u00e3o de Colheita Florestal.","og_url":"https:\/\/www.veracel.com.br\/veracel-abre-banco-de-talentos-para-operador-de-colheita-florestal\/","og_site_name":"Veracel Celulose","article_published_time":"2025-10-17T15:10:47+00:00","article_modified_time":"2025-10-17T15:12:46+00:00","og_image":[{"width":1200,"height":800,"url":"https:\/\/www.veracel.com.br\/wp-content\/uploads\/2025\/10\/operador-colheita-florestal-veracel.jpg","type":"image\/jpeg"}],"author":"saulo","twitter_card":"summary_large_image","twitter_misc":{"Written by":"saulo","Est. reading time":"5 minutes"},"schema":{"@context":"https:\/\/schema.org","@graph":[{"@type":"WebPage","@id":"https:\/\/www.veracel.com.br\/veracel-abre-banco-de-talentos-para-operador-de-colheita-florestal\/","url":"https:\/\/www.veracel.com.br\/veracel-abre-banco-de-talentos-para-operador-de-colheita-florestal\/","name":"Banco de Talentos para Operador de Colheita Florestal","isPartOf":{"@id":"https:\/\/www.veracel.com.br\/#website"},"primaryImageOfPage":{"@id":"https:\/\/www.veracel.com.br\/veracel-abre-banco-de-talentos-para-operador-de-colheita-florestal\/#primaryimage"},"image":{"@id":"https:\/\/www.veracel.com.br\/veracel-abre-banco-de-talentos-para-operador-de-colheita-florestal\/#primaryimage"},"thumbnailUrl":"https:\/\/www.veracel.com.br\/wp-content\/uploads\/2025\/10\/operador-colheita-florestal-veracel.jpg","datePublished":"2025-10-17T15:10:47+00:00","dateModified":"2025-10-17T15:12:46+00:00","description":"A Veracel Celulose est\u00e1 com inscri\u00e7\u00f5es abertas at\u00e9 31\/12 para o Banco de Talentos em Opera\u00e7\u00e3o de Colheita Florestal.","breadcrumb":{"@id":"https:\/\/www.veracel.com.br\/veracel-abre-banco-de-talentos-para-operador-de-colheita-florestal\/#breadcrumb"},"inLanguage":"en-US","potentialAction":[{"@type":"ReadAction","target":["https:\/\/www.veracel.com.br\/veracel-abre-banco-de-talentos-para-operador-de-colheita-florestal\/"]}]},{"@type":"ImageObject","inLanguage":"en-US","@id":"https:\/\/www.veracel.com.br\/veracel-abre-banco-de-talentos-para-operador-de-colheita-florestal\/#primaryimage","url":"https:\/\/www.veracel.com.br\/wp-content\/uploads\/2025\/10\/operador-colheita-florestal-veracel.jpg","contentUrl":"https:\/\/www.veracel.com.br\/wp-content\/uploads\/2025\/10\/operador-colheita-florestal-veracel.jpg","width":1200,"height":800,"caption":"Fotografia da empresa VERACEL em Eunapolis\/BA."},{"@type":"BreadcrumbList","@id":"https:\/\/www.veracel.com.br\/veracel-abre-banco-de-talentos-para-operador-de-colheita-florestal\/#breadcrumb","itemListElement":[{"@type":"ListItem","position":1,"name":"Home","item":"https:\/\/www.veracel.com.br\/"},{"@type":"ListItem","position":2,"name":"Not\u00edcias","item":"https:\/\/www.veracel.com.br\/noticias\/"},{"@type":"ListItem","position":3,"name":"Veracel abre Banco de Talentos para Operador de Colheita Florestal"}]},{"@type":"WebSite","@id":"https:\/\/www.veracel.com.br\/#website","url":"https:\/\/www.veracel.com.br\/","name":"Veracel Celulose","description":"Quando crescemos juntos vamos muito mais longe","publisher":{"@id":"https:\/\/www.veracel.com.br\/#organization"},"potentialAction":[{"@type":"SearchAction","target":{"@type":"EntryPoint","urlTemplate":"https:\/\/www.veracel.com.br\/?s={search_term_string}"},"query-input":{"@type":"PropertyValueSpecification","valueRequired":true,"valueName":"search_term_string"}}],"inLanguage":"en-US"},{"@type":"Organization","@id":"https:\/\/www.veracel.com.br\/#organization","name":"Veracel Celulose","url":"https:\/\/www.veracel.com.br\/","logo":{"@type":"ImageObject","inLanguage":"en-US","@id":"https:\/\/www.veracel.com.br\/#\/schema\/logo\/image\/","url":"https:\/\/www.veracel.com.br\/wp-content\/uploads\/2024\/08\/Ativo-1.png","contentUrl":"https:\/\/www.veracel.com.br\/wp-content\/uploads\/2024\/08\/Ativo-1.png","width":400,"height":121,"caption":"Veracel Celulose"},"image":{"@id":"https:\/\/www.veracel.com.br\/#\/schema\/logo\/image\/"},"sameAs":["https:\/\/www.instagram.com\/veracelcelulose","https:\/\/www.linkedin.com\/company\/veracelcelulose\/","https:\/\/www.youtube.com\/user\/CanalVeracel"]}]}},"_links":{"self":[{"href":"https:\/\/www.veracel.com.br\/en\/wp-json\/wp\/v2\/posts\/41976","targetHints":{"allow":["GET"]}}],"collection":[{"href":"https:\/\/www.veracel.com.br\/en\/wp-json\/wp\/v2\/posts"}],"about":[{"href":"https:\/\/www.veracel.com.br\/en\/wp-json\/wp\/v2\/types\/post"}],"author":[{"embeddable":true,"href":"https:\/\/www.veracel.com.br\/en\/wp-json\/wp\/v2\/users\/2"}],"replies":[{"embeddable":true,"href":"https:\/\/www.veracel.com.br\/en\/wp-json\/wp\/v2\/comments?post=41976"}],"version-history":[{"count":5,"href":"https:\/\/www.veracel.com.br\/en\/wp-json\/wp\/v2\/posts\/41976\/revisions"}],"predecessor-version":[{"id":41983,"href":"https:\/\/www.veracel.com.br\/en\/wp-json\/wp\/v2\/posts\/41976\/revisions\/41983"}],"wp:featuredmedia":[{"embeddable":true,"href":"https:\/\/www.veracel.com.br\/en\/wp-json\/wp\/v2\/media\/41977"}],"wp:attachment":[{"href":"https:\/\/www.veracel.com.br\/en\/wp-json\/wp\/v2\/media?parent=41976"}],"wp:term":[{"taxonomy":"category","embeddable":true,"href":"https:\/\/www.veracel.com.br\/en\/wp-json\/wp\/v2\/categories?post=41976"},{"taxonomy":"post_tag","embeddable":true,"href":"https:\/\/www.veracel.com.br\/en\/wp-json\/wp\/v2\/tags?post=41976"}],"curies":[{"name":"wp","href":"https:\/\/api.w.org\/{rel}","templated":true}]}}