{"id":42275,"date":"2025-11-05T16:47:59","date_gmt":"2025-11-05T19:47:59","guid":{"rendered":"https:\/\/www.veracel.com.br\/?p=42275"},"modified":"2025-11-07T14:50:03","modified_gmt":"2025-11-07T17:50:03","slug":"veracel-celulose-controle-biologico-pragas-eucalipto","status":"publish","type":"post","link":"https:\/\/www.veracel.com.br\/en\/veracel-celulose-controle-biologico-pragas-eucalipto\/","title":{"rendered":"Controle Biol\u00f3gico na Veracel Celulose: Manejo Sustent\u00e1vel Contra Pragas no Eucalipto"},"content":{"rendered":"<p><em>Controle biol\u00f3gico: 80% de toda a \u00e1rea afetada por pragas j\u00e1 \u00e9 tratada sem qualquer tipo de defensivo qu\u00edmico<\/em><\/p>\n<p>&nbsp;<\/p>\n<p>H\u00e1 mais de cinco anos a Veracel Celulose utiliza controladores biol\u00f3gicos e agentes microbiol\u00f3gicos \u2014 como fungos e bact\u00e9rias \u2014 para combater as pragas que afetam as planta\u00e7\u00f5es de eucalipto da companhia.<\/p>\n<p>&nbsp;<\/p>\n<h2>Aplica\u00e7\u00e3o a\u00e9rea do bioinseticida DiPel\u00ae no manejo florestal<\/h2>\n<p>Um dos exemplos pr\u00e1ticos dessa atua\u00e7\u00e3o \u00e9 a aplica\u00e7\u00e3o a\u00e9rea do DiPel\u00ae, um inseticida biol\u00f3gico composto pelo microrganismo <em>Bacillus thuringiensis<\/em>, que age por ingest\u00e3o e \u00e9 aprovado pelos \u00f3rg\u00e3os reguladores (MAPA, Anvisa e Ibama). \u201cO DiPel\u00ae \u00e9 ingerido pelas lagartas junto das folhas e faz com que elas parem de se alimentar em poucas horas. Essa aplica\u00e7\u00e3o n\u00e3o prejudica insetos ben\u00e9ficos, polinizadores, a sa\u00fade humana ou o meio ambiente\u201d, explica Jessica Josefa Sanches, respons\u00e1vel pela \u00e1rea de Sanidade Florestal da Veracel.<\/p>\n<p>A companhia utiliza o DiPel\u00ae no combate a esp\u00e9cies como a lagarta dos eucaliptos (<em>Thyrinteina arnobia<\/em>) principal respons\u00e1vel por causar danos \u00e0s planta\u00e7\u00f5es de eucalipto. Vale destacar que todas as aplica\u00e7\u00f5es s\u00e3o realizadas seguindo rigorosos crit\u00e9rios t\u00e9cnicos e com respeito absoluto \u00e0s \u00e1reas de preserva\u00e7\u00e3o ambiental e \u00e0 legisla\u00e7\u00e3o vigente.<\/p>\n<p>&nbsp;<\/p>\n<h2>Controle sem qu\u00edmicos com uso de microrganismos e inimigos naturais<\/h2>\n<p>Al\u00e9m do uso do DiPel\u00ae, a Veracel tamb\u00e9m realiza a libera\u00e7\u00e3o de inimigos naturais, como <em>Palmistichus elaeisis<\/em> e <em>Tetrastichus howardi<\/em>, que atacam diretamente as pragas. \u201cTodas as \u00e1reas de plantio s\u00e3o constantemente monitoradas para que a ocorr\u00eancia de pragas seja detectada em est\u00e1gios iniciais. Os defensivos s\u00f3 s\u00e3o utilizados quando outros m\u00e9todos de controle alternativo n\u00e3o funcionam de forma eficaz\u201d, comenta Jessica. Atualmente 80% das \u00e1reas com lagartas desfolhadoras j\u00e1 s\u00e3o tratadas sem defensivos qu\u00edmicos.<\/p>\n<p>&nbsp;<\/p>\n<p><strong><a href=\"https:\/\/www.veracel.com.br\/sustentabilidade\/operacoes-sustentaveis\/\">Confira mais sobre as opera\u00e7\u00f5es sustent\u00e1veis da Veracel Celulose<\/a><\/strong><\/p>\n<p><strong><a href=\"https:\/\/www.veracel.com.br\/nosso-jeito\/\">Saiba mais sobre o nosso jeito de produzir celulose de forma sustent\u00e1vel da Bahia para o Mundo<\/a><\/strong><\/p>\n","protected":false},"excerpt":{"rendered":"<p>Controle biol\u00f3gico: 80% de toda a \u00e1rea afetada por pragas j\u00e1 \u00e9 tratada sem qualquer tipo de defensivo qu\u00edmico &nbsp; H\u00e1 mais de cinco anos a Veracel Celulose utiliza controladores biol\u00f3gicos e agentes microbiol\u00f3gicos \u2014 como fungos e bact\u00e9rias \u2014 para combater as pragas que afetam as planta\u00e7\u00f5es de eucalipto da companhia. &nbsp; Aplica\u00e7\u00e3o a\u00e9rea [&hellip;]<\/p>\n","protected":false},"author":2,"featured_media":0,"comment_status":"closed","ping_status":"closed","sticky":false,"template":"","format":"standard","meta":{"_acf_changed":false,"footnotes":"","_links_to":"","_links_to_target":""},"categories":[211,332],"tags":[],"class_list":["post-42275","post","type-post","status-publish","format-standard","hentry","category-noticias","category-sustentabilidade-veracel"],"acf":[],"yoast_head":"<!-- This site is optimized with the Yoast SEO Premium plugin v26.7 (Yoast SEO v27.4) - https:\/\/yoast.com\/product\/yoast-seo-premium-wordpress\/ -->\n<title>Veracel utiliza controle biol\u00f3gico sustent\u00e1vel no controle de pragas<\/title>\n<meta name=\"description\" content=\"Descubra como a Veracel substituiu 80% dos defensivos qu\u00edmicos por controle biol\u00f3gico sustent\u00e1vel com insetos e microrganismos naturais.\" \/>\n<meta name=\"robots\" content=\"index, follow, max-snippet:-1, max-image-preview:large, max-video-preview:-1\" \/>\n<link rel=\"canonical\" href=\"https:\/\/www.veracel.com.br\/veracel-celulose-controle-biologico-pragas-eucalipto\/\" \/>\n<meta property=\"og:locale\" content=\"en_US\" \/>\n<meta property=\"og:type\" content=\"article\" \/>\n<meta property=\"og:title\" content=\"Controle Biol\u00f3gico na Veracel Celulose: Manejo Sustent\u00e1vel Contra Pragas no Eucalipto\" \/>\n<meta property=\"og:description\" content=\"Descubra como a Veracel substituiu 80% dos defensivos qu\u00edmicos por controle biol\u00f3gico sustent\u00e1vel com insetos e microrganismos naturais.\" \/>\n<meta property=\"og:url\" content=\"https:\/\/www.veracel.com.br\/veracel-celulose-controle-biologico-pragas-eucalipto\/\" \/>\n<meta property=\"og:site_name\" content=\"Veracel Celulose\" \/>\n<meta property=\"article:published_time\" content=\"2025-11-05T19:47:59+00:00\" \/>\n<meta property=\"article:modified_time\" content=\"2025-11-07T17:50:03+00:00\" \/>\n<meta name=\"author\" content=\"saulo\" \/>\n<meta name=\"twitter:card\" content=\"summary_large_image\" \/>\n<meta name=\"twitter:label1\" content=\"Written by\" \/>\n\t<meta name=\"twitter:data1\" content=\"saulo\" \/>\n\t<meta name=\"twitter:label2\" content=\"Est. reading time\" \/>\n\t<meta name=\"twitter:data2\" content=\"2 minutes\" \/>\n<script type=\"application\/ld+json\" class=\"yoast-schema-graph\">{\"@context\":\"https:\\\/\\\/schema.org\",\"@graph\":[{\"@type\":\"WebPage\",\"@id\":\"https:\\\/\\\/www.veracel.com.br\\\/veracel-celulose-controle-biologico-pragas-eucalipto\\\/\",\"url\":\"https:\\\/\\\/www.veracel.com.br\\\/veracel-celulose-controle-biologico-pragas-eucalipto\\\/\",\"name\":\"Veracel utiliza controle biol\u00f3gico sustent\u00e1vel no controle de pragas\",\"isPartOf\":{\"@id\":\"https:\\\/\\\/www.veracel.com.br\\\/#website\"},\"datePublished\":\"2025-11-05T19:47:59+00:00\",\"dateModified\":\"2025-11-07T17:50:03+00:00\",\"description\":\"Descubra como a Veracel substituiu 80% dos defensivos qu\u00edmicos por controle biol\u00f3gico sustent\u00e1vel com insetos e microrganismos naturais.\",\"breadcrumb\":{\"@id\":\"https:\\\/\\\/www.veracel.com.br\\\/veracel-celulose-controle-biologico-pragas-eucalipto\\\/#breadcrumb\"},\"inLanguage\":\"en-US\",\"potentialAction\":[{\"@type\":\"ReadAction\",\"target\":[\"https:\\\/\\\/www.veracel.com.br\\\/veracel-celulose-controle-biologico-pragas-eucalipto\\\/\"]}]},{\"@type\":\"BreadcrumbList\",\"@id\":\"https:\\\/\\\/www.veracel.com.br\\\/veracel-celulose-controle-biologico-pragas-eucalipto\\\/#breadcrumb\",\"itemListElement\":[{\"@type\":\"ListItem\",\"position\":1,\"name\":\"Home\",\"item\":\"https:\\\/\\\/www.veracel.com.br\\\/\"},{\"@type\":\"ListItem\",\"position\":2,\"name\":\"Not\u00edcias\",\"item\":\"https:\\\/\\\/www.veracel.com.br\\\/noticias\\\/\"},{\"@type\":\"ListItem\",\"position\":3,\"name\":\"Controle Biol\u00f3gico na Veracel Celulose: Manejo Sustent\u00e1vel Contra Pragas no Eucalipto\"}]},{\"@type\":\"WebSite\",\"@id\":\"https:\\\/\\\/www.veracel.com.br\\\/#website\",\"url\":\"https:\\\/\\\/www.veracel.com.br\\\/\",\"name\":\"Veracel Celulose\",\"description\":\"Quando crescemos juntos vamos muito mais longe\",\"publisher\":{\"@id\":\"https:\\\/\\\/www.veracel.com.br\\\/#organization\"},\"potentialAction\":[{\"@type\":\"SearchAction\",\"target\":{\"@type\":\"EntryPoint\",\"urlTemplate\":\"https:\\\/\\\/www.veracel.com.br\\\/?s={search_term_string}\"},\"query-input\":{\"@type\":\"PropertyValueSpecification\",\"valueRequired\":true,\"valueName\":\"search_term_string\"}}],\"inLanguage\":\"en-US\"},{\"@type\":\"Organization\",\"@id\":\"https:\\\/\\\/www.veracel.com.br\\\/#organization\",\"name\":\"Veracel Celulose\",\"url\":\"https:\\\/\\\/www.veracel.com.br\\\/\",\"logo\":{\"@type\":\"ImageObject\",\"inLanguage\":\"en-US\",\"@id\":\"https:\\\/\\\/www.veracel.com.br\\\/#\\\/schema\\\/logo\\\/image\\\/\",\"url\":\"https:\\\/\\\/www.veracel.com.br\\\/wp-content\\\/uploads\\\/2024\\\/08\\\/Ativo-1.png\",\"contentUrl\":\"https:\\\/\\\/www.veracel.com.br\\\/wp-content\\\/uploads\\\/2024\\\/08\\\/Ativo-1.png\",\"width\":400,\"height\":121,\"caption\":\"Veracel Celulose\"},\"image\":{\"@id\":\"https:\\\/\\\/www.veracel.com.br\\\/#\\\/schema\\\/logo\\\/image\\\/\"},\"sameAs\":[\"https:\\\/\\\/www.instagram.com\\\/veracelcelulose\",\"https:\\\/\\\/www.linkedin.com\\\/company\\\/veracelcelulose\\\/\",\"https:\\\/\\\/www.youtube.com\\\/user\\\/CanalVeracel\"]}]}<\/script>\n<!-- \/ Yoast SEO Premium plugin. -->","yoast_head_json":{"title":"Veracel utiliza controle biol\u00f3gico sustent\u00e1vel no controle de pragas","description":"Descubra como a Veracel substituiu 80% dos defensivos qu\u00edmicos por controle biol\u00f3gico sustent\u00e1vel com insetos e microrganismos naturais.","robots":{"index":"index","follow":"follow","max-snippet":"max-snippet:-1","max-image-preview":"max-image-preview:large","max-video-preview":"max-video-preview:-1"},"canonical":"https:\/\/www.veracel.com.br\/veracel-celulose-controle-biologico-pragas-eucalipto\/","og_locale":"en_US","og_type":"article","og_title":"Controle Biol\u00f3gico na Veracel Celulose: Manejo Sustent\u00e1vel Contra Pragas no Eucalipto","og_description":"Descubra como a Veracel substituiu 80% dos defensivos qu\u00edmicos por controle biol\u00f3gico sustent\u00e1vel com insetos e microrganismos naturais.","og_url":"https:\/\/www.veracel.com.br\/veracel-celulose-controle-biologico-pragas-eucalipto\/","og_site_name":"Veracel Celulose","article_published_time":"2025-11-05T19:47:59+00:00","article_modified_time":"2025-11-07T17:50:03+00:00","author":"saulo","twitter_card":"summary_large_image","twitter_misc":{"Written by":"saulo","Est. reading time":"2 minutes"},"schema":{"@context":"https:\/\/schema.org","@graph":[{"@type":"WebPage","@id":"https:\/\/www.veracel.com.br\/veracel-celulose-controle-biologico-pragas-eucalipto\/","url":"https:\/\/www.veracel.com.br\/veracel-celulose-controle-biologico-pragas-eucalipto\/","name":"Veracel utiliza controle biol\u00f3gico sustent\u00e1vel no controle de pragas","isPartOf":{"@id":"https:\/\/www.veracel.com.br\/#website"},"datePublished":"2025-11-05T19:47:59+00:00","dateModified":"2025-11-07T17:50:03+00:00","description":"Descubra como a Veracel substituiu 80% dos defensivos qu\u00edmicos por controle biol\u00f3gico sustent\u00e1vel com insetos e microrganismos naturais.","breadcrumb":{"@id":"https:\/\/www.veracel.com.br\/veracel-celulose-controle-biologico-pragas-eucalipto\/#breadcrumb"},"inLanguage":"en-US","potentialAction":[{"@type":"ReadAction","target":["https:\/\/www.veracel.com.br\/veracel-celulose-controle-biologico-pragas-eucalipto\/"]}]},{"@type":"BreadcrumbList","@id":"https:\/\/www.veracel.com.br\/veracel-celulose-controle-biologico-pragas-eucalipto\/#breadcrumb","itemListElement":[{"@type":"ListItem","position":1,"name":"Home","item":"https:\/\/www.veracel.com.br\/"},{"@type":"ListItem","position":2,"name":"Not\u00edcias","item":"https:\/\/www.veracel.com.br\/noticias\/"},{"@type":"ListItem","position":3,"name":"Controle Biol\u00f3gico na Veracel Celulose: Manejo Sustent\u00e1vel Contra Pragas no Eucalipto"}]},{"@type":"WebSite","@id":"https:\/\/www.veracel.com.br\/#website","url":"https:\/\/www.veracel.com.br\/","name":"Veracel Celulose","description":"Quando crescemos juntos vamos muito mais longe","publisher":{"@id":"https:\/\/www.veracel.com.br\/#organization"},"potentialAction":[{"@type":"SearchAction","target":{"@type":"EntryPoint","urlTemplate":"https:\/\/www.veracel.com.br\/?s={search_term_string}"},"query-input":{"@type":"PropertyValueSpecification","valueRequired":true,"valueName":"search_term_string"}}],"inLanguage":"en-US"},{"@type":"Organization","@id":"https:\/\/www.veracel.com.br\/#organization","name":"Veracel Celulose","url":"https:\/\/www.veracel.com.br\/","logo":{"@type":"ImageObject","inLanguage":"en-US","@id":"https:\/\/www.veracel.com.br\/#\/schema\/logo\/image\/","url":"https:\/\/www.veracel.com.br\/wp-content\/uploads\/2024\/08\/Ativo-1.png","contentUrl":"https:\/\/www.veracel.com.br\/wp-content\/uploads\/2024\/08\/Ativo-1.png","width":400,"height":121,"caption":"Veracel Celulose"},"image":{"@id":"https:\/\/www.veracel.com.br\/#\/schema\/logo\/image\/"},"sameAs":["https:\/\/www.instagram.com\/veracelcelulose","https:\/\/www.linkedin.com\/company\/veracelcelulose\/","https:\/\/www.youtube.com\/user\/CanalVeracel"]}]}},"_links":{"self":[{"href":"https:\/\/www.veracel.com.br\/en\/wp-json\/wp\/v2\/posts\/42275","targetHints":{"allow":["GET"]}}],"collection":[{"href":"https:\/\/www.veracel.com.br\/en\/wp-json\/wp\/v2\/posts"}],"about":[{"href":"https:\/\/www.veracel.com.br\/en\/wp-json\/wp\/v2\/types\/post"}],"author":[{"embeddable":true,"href":"https:\/\/www.veracel.com.br\/en\/wp-json\/wp\/v2\/users\/2"}],"replies":[{"embeddable":true,"href":"https:\/\/www.veracel.com.br\/en\/wp-json\/wp\/v2\/comments?post=42275"}],"version-history":[{"count":3,"href":"https:\/\/www.veracel.com.br\/en\/wp-json\/wp\/v2\/posts\/42275\/revisions"}],"predecessor-version":[{"id":42285,"href":"https:\/\/www.veracel.com.br\/en\/wp-json\/wp\/v2\/posts\/42275\/revisions\/42285"}],"wp:attachment":[{"href":"https:\/\/www.veracel.com.br\/en\/wp-json\/wp\/v2\/media?parent=42275"}],"wp:term":[{"taxonomy":"category","embeddable":true,"href":"https:\/\/www.veracel.com.br\/en\/wp-json\/wp\/v2\/categories?post=42275"},{"taxonomy":"post_tag","embeddable":true,"href":"https:\/\/www.veracel.com.br\/en\/wp-json\/wp\/v2\/tags?post=42275"}],"curies":[{"name":"wp","href":"https:\/\/api.w.org\/{rel}","templated":true}]}}