{"id":42293,"date":"2025-11-11T15:49:41","date_gmt":"2025-11-11T18:49:41","guid":{"rendered":"https:\/\/www.veracel.com.br\/?p=42293"},"modified":"2025-11-11T15:49:41","modified_gmt":"2025-11-11T18:49:41","slug":"veracel-celulose-anuncia-transicao-na-lideranca-caio-zanardo-segue-para-a-suzano-e-alexandre-lanna-assume-como-novo-ceo","status":"publish","type":"post","link":"https:\/\/www.veracel.com.br\/en\/veracel-celulose-anuncia-transicao-na-lideranca-caio-zanardo-segue-para-a-suzano-e-alexandre-lanna-assume-como-novo-ceo\/","title":{"rendered":"Veracel Celulose anuncia transi\u00e7\u00e3o na lideran\u00e7a: Caio Zanardo segue para a Suzano e Alexandre Lanna assume como novo CEO"},"content":{"rendered":"<p><em>Ap\u00f3s conduzir um ciclo de expressiva transforma\u00e7\u00e3o desde 2021, Caio Zanardo, atual diretor-presidente da Veracel Celulose, seguir\u00e1 para uma nova posi\u00e7\u00e3o na Suzano, acionista da empresa.<\/em><\/p>\n<p>&nbsp;<\/p>\n<p>A partir de 5 de janeiro de 2026, Alexandre Lanna, atualmente Diretor Industrial na Suzano, assumir\u00e1 como Diretor-Presidente (CEO) da Veracel, conduzindo a empresa em sua pr\u00f3xima etapa de desenvolvimento, com foco em desempenho, inova\u00e7\u00e3o e sustentabilidade. O processo de sucess\u00e3o vem sendo conduzido de forma conjunta e planejada entre os dois executivos, assegurando a continuidade das prioridades estrat\u00e9gicas da empresa e a consolida\u00e7\u00e3o de uma cultura pautada em excel\u00eancia operacional e cuidado com as pessoas.<\/p>\n<p>Durante sua gest\u00e3o, Zanardo impulsionou uma importante evolu\u00e7\u00e3o cultural e estrat\u00e9gica na Veracel, com avan\u00e7os em competitividade operacional, transforma\u00e7\u00e3o digital, sustentabilidade e desenvolvimento de pessoas. \u201cGostar\u00edamos de expressar nosso profundo agradecimento a Caio Zanardo por sua dedica\u00e7\u00e3o e legado\u201d, afirma Johanna Hagelberg, presidente do Conselho de Administra\u00e7\u00e3o da Veracel Celulose.<\/p>\n<p>Alexandre Lanna possui s\u00f3lida trajet\u00f3ria no setor de celulose e papel e ampla experi\u00eancia em gest\u00e3o industrial. Ele chega \u00e0 Veracel com o compromisso de dar continuidade \u00e0 agenda de inova\u00e7\u00e3o e sustentabilidade, refor\u00e7ando o papel da empresa como refer\u00eancia em desempenho, responsabilidade socioambiental e gera\u00e7\u00e3o de valor.<\/p>\n","protected":false},"excerpt":{"rendered":"<p>Ap\u00f3s conduzir um ciclo de expressiva transforma\u00e7\u00e3o desde 2021, Caio Zanardo, atual diretor-presidente da Veracel Celulose, seguir\u00e1 para uma nova posi\u00e7\u00e3o na Suzano, acionista da empresa. &nbsp; A partir de 5 de janeiro de 2026, Alexandre Lanna, atualmente Diretor Industrial na Suzano, assumir\u00e1 como Diretor-Presidente (CEO) da Veracel, conduzindo a empresa em sua pr\u00f3xima etapa [&hellip;]<\/p>\n","protected":false},"author":2,"featured_media":42294,"comment_status":"closed","ping_status":"closed","sticky":false,"template":"","format":"standard","meta":{"_acf_changed":false,"footnotes":"","_links_to":"","_links_to_target":""},"categories":[271,211],"tags":[],"class_list":["post-42293","post","type-post","status-publish","format-standard","has-post-thumbnail","hentry","category-a-veracel","category-noticias"],"acf":[],"yoast_head":"<!-- This site is optimized with the Yoast SEO Premium plugin v26.7 (Yoast SEO v27.4) - https:\/\/yoast.com\/product\/yoast-seo-premium-wordpress\/ -->\n<title>Caio Zanardo, atual diretor-presidente da Veracel, seguir\u00e1 para a Suzano<\/title>\n<meta name=\"description\" content=\"Com a sa\u00edda de Caio Zanardo para a Suzano, a Veracel Celulose inicia uma nova fase sob o comando de Alexandre Lanna, refor\u00e7ando o compromisso com inova\u00e7\u00e3o, desempenho e sustentabilidade.\" \/>\n<meta name=\"robots\" content=\"index, follow, max-snippet:-1, max-image-preview:large, max-video-preview:-1\" \/>\n<link rel=\"canonical\" href=\"https:\/\/www.veracel.com.br\/veracel-celulose-anuncia-transicao-na-lideranca-caio-zanardo-segue-para-a-suzano-e-alexandre-lanna-assume-como-novo-ceo\/\" \/>\n<meta property=\"og:locale\" content=\"en_US\" \/>\n<meta property=\"og:type\" content=\"article\" \/>\n<meta property=\"og:title\" content=\"Veracel Celulose anuncia transi\u00e7\u00e3o na lideran\u00e7a: Caio Zanardo segue para a Suzano e Alexandre Lanna assume como novo CEO\" \/>\n<meta property=\"og:description\" content=\"Com a sa\u00edda de Caio Zanardo para a Suzano, a Veracel Celulose inicia uma nova fase sob o comando de Alexandre Lanna, refor\u00e7ando o compromisso com inova\u00e7\u00e3o, desempenho e sustentabilidade.\" \/>\n<meta property=\"og:url\" content=\"https:\/\/www.veracel.com.br\/veracel-celulose-anuncia-transicao-na-lideranca-caio-zanardo-segue-para-a-suzano-e-alexandre-lanna-assume-como-novo-ceo\/\" \/>\n<meta property=\"og:site_name\" content=\"Veracel Celulose\" \/>\n<meta property=\"article:published_time\" content=\"2025-11-11T18:49:41+00:00\" \/>\n<meta property=\"og:image\" content=\"https:\/\/www.veracel.com.br\/wp-content\/uploads\/2025\/11\/caio-zanardo-veracel.jpg\" \/>\n\t<meta property=\"og:image:width\" content=\"1102\" \/>\n\t<meta property=\"og:image:height\" content=\"675\" \/>\n\t<meta property=\"og:image:type\" content=\"image\/jpeg\" \/>\n<meta name=\"author\" content=\"saulo\" \/>\n<meta name=\"twitter:card\" content=\"summary_large_image\" \/>\n<meta name=\"twitter:label1\" content=\"Written by\" \/>\n\t<meta name=\"twitter:data1\" content=\"saulo\" \/>\n\t<meta name=\"twitter:label2\" content=\"Est. reading time\" \/>\n\t<meta name=\"twitter:data2\" content=\"2 minutes\" \/>\n<script type=\"application\/ld+json\" class=\"yoast-schema-graph\">{\"@context\":\"https:\\\/\\\/schema.org\",\"@graph\":[{\"@type\":\"WebPage\",\"@id\":\"https:\\\/\\\/www.veracel.com.br\\\/veracel-celulose-anuncia-transicao-na-lideranca-caio-zanardo-segue-para-a-suzano-e-alexandre-lanna-assume-como-novo-ceo\\\/\",\"url\":\"https:\\\/\\\/www.veracel.com.br\\\/veracel-celulose-anuncia-transicao-na-lideranca-caio-zanardo-segue-para-a-suzano-e-alexandre-lanna-assume-como-novo-ceo\\\/\",\"name\":\"Caio Zanardo, atual diretor-presidente da Veracel, seguir\u00e1 para a Suzano\",\"isPartOf\":{\"@id\":\"https:\\\/\\\/www.veracel.com.br\\\/#website\"},\"primaryImageOfPage\":{\"@id\":\"https:\\\/\\\/www.veracel.com.br\\\/veracel-celulose-anuncia-transicao-na-lideranca-caio-zanardo-segue-para-a-suzano-e-alexandre-lanna-assume-como-novo-ceo\\\/#primaryimage\"},\"image\":{\"@id\":\"https:\\\/\\\/www.veracel.com.br\\\/veracel-celulose-anuncia-transicao-na-lideranca-caio-zanardo-segue-para-a-suzano-e-alexandre-lanna-assume-como-novo-ceo\\\/#primaryimage\"},\"thumbnailUrl\":\"https:\\\/\\\/www.veracel.com.br\\\/wp-content\\\/uploads\\\/2025\\\/11\\\/caio-zanardo-veracel.jpg\",\"datePublished\":\"2025-11-11T18:49:41+00:00\",\"description\":\"Com a sa\u00edda de Caio Zanardo para a Suzano, a Veracel Celulose inicia uma nova fase sob o comando de Alexandre Lanna, refor\u00e7ando o compromisso com inova\u00e7\u00e3o, desempenho e sustentabilidade.\",\"breadcrumb\":{\"@id\":\"https:\\\/\\\/www.veracel.com.br\\\/veracel-celulose-anuncia-transicao-na-lideranca-caio-zanardo-segue-para-a-suzano-e-alexandre-lanna-assume-como-novo-ceo\\\/#breadcrumb\"},\"inLanguage\":\"en-US\",\"potentialAction\":[{\"@type\":\"ReadAction\",\"target\":[\"https:\\\/\\\/www.veracel.com.br\\\/veracel-celulose-anuncia-transicao-na-lideranca-caio-zanardo-segue-para-a-suzano-e-alexandre-lanna-assume-como-novo-ceo\\\/\"]}]},{\"@type\":\"ImageObject\",\"inLanguage\":\"en-US\",\"@id\":\"https:\\\/\\\/www.veracel.com.br\\\/veracel-celulose-anuncia-transicao-na-lideranca-caio-zanardo-segue-para-a-suzano-e-alexandre-lanna-assume-como-novo-ceo\\\/#primaryimage\",\"url\":\"https:\\\/\\\/www.veracel.com.br\\\/wp-content\\\/uploads\\\/2025\\\/11\\\/caio-zanardo-veracel.jpg\",\"contentUrl\":\"https:\\\/\\\/www.veracel.com.br\\\/wp-content\\\/uploads\\\/2025\\\/11\\\/caio-zanardo-veracel.jpg\",\"width\":1102,\"height\":675},{\"@type\":\"BreadcrumbList\",\"@id\":\"https:\\\/\\\/www.veracel.com.br\\\/veracel-celulose-anuncia-transicao-na-lideranca-caio-zanardo-segue-para-a-suzano-e-alexandre-lanna-assume-como-novo-ceo\\\/#breadcrumb\",\"itemListElement\":[{\"@type\":\"ListItem\",\"position\":1,\"name\":\"Home\",\"item\":\"https:\\\/\\\/www.veracel.com.br\\\/\"},{\"@type\":\"ListItem\",\"position\":2,\"name\":\"Not\u00edcias\",\"item\":\"https:\\\/\\\/www.veracel.com.br\\\/noticias\\\/\"},{\"@type\":\"ListItem\",\"position\":3,\"name\":\"Veracel Celulose anuncia transi\u00e7\u00e3o na lideran\u00e7a: Caio Zanardo segue para a Suzano e Alexandre Lanna assume como novo CEO\"}]},{\"@type\":\"WebSite\",\"@id\":\"https:\\\/\\\/www.veracel.com.br\\\/#website\",\"url\":\"https:\\\/\\\/www.veracel.com.br\\\/\",\"name\":\"Veracel Celulose\",\"description\":\"Quando crescemos juntos vamos muito mais longe\",\"publisher\":{\"@id\":\"https:\\\/\\\/www.veracel.com.br\\\/#organization\"},\"potentialAction\":[{\"@type\":\"SearchAction\",\"target\":{\"@type\":\"EntryPoint\",\"urlTemplate\":\"https:\\\/\\\/www.veracel.com.br\\\/?s={search_term_string}\"},\"query-input\":{\"@type\":\"PropertyValueSpecification\",\"valueRequired\":true,\"valueName\":\"search_term_string\"}}],\"inLanguage\":\"en-US\"},{\"@type\":\"Organization\",\"@id\":\"https:\\\/\\\/www.veracel.com.br\\\/#organization\",\"name\":\"Veracel Celulose\",\"url\":\"https:\\\/\\\/www.veracel.com.br\\\/\",\"logo\":{\"@type\":\"ImageObject\",\"inLanguage\":\"en-US\",\"@id\":\"https:\\\/\\\/www.veracel.com.br\\\/#\\\/schema\\\/logo\\\/image\\\/\",\"url\":\"https:\\\/\\\/www.veracel.com.br\\\/wp-content\\\/uploads\\\/2024\\\/08\\\/Ativo-1.png\",\"contentUrl\":\"https:\\\/\\\/www.veracel.com.br\\\/wp-content\\\/uploads\\\/2024\\\/08\\\/Ativo-1.png\",\"width\":400,\"height\":121,\"caption\":\"Veracel Celulose\"},\"image\":{\"@id\":\"https:\\\/\\\/www.veracel.com.br\\\/#\\\/schema\\\/logo\\\/image\\\/\"},\"sameAs\":[\"https:\\\/\\\/www.instagram.com\\\/veracelcelulose\",\"https:\\\/\\\/www.linkedin.com\\\/company\\\/veracelcelulose\\\/\",\"https:\\\/\\\/www.youtube.com\\\/user\\\/CanalVeracel\"]}]}<\/script>\n<!-- \/ Yoast SEO Premium plugin. -->","yoast_head_json":{"title":"Caio Zanardo, atual diretor-presidente da Veracel, seguir\u00e1 para a Suzano","description":"Com a sa\u00edda de Caio Zanardo para a Suzano, a Veracel Celulose inicia uma nova fase sob o comando de Alexandre Lanna, refor\u00e7ando o compromisso com inova\u00e7\u00e3o, desempenho e sustentabilidade.","robots":{"index":"index","follow":"follow","max-snippet":"max-snippet:-1","max-image-preview":"max-image-preview:large","max-video-preview":"max-video-preview:-1"},"canonical":"https:\/\/www.veracel.com.br\/veracel-celulose-anuncia-transicao-na-lideranca-caio-zanardo-segue-para-a-suzano-e-alexandre-lanna-assume-como-novo-ceo\/","og_locale":"en_US","og_type":"article","og_title":"Veracel Celulose anuncia transi\u00e7\u00e3o na lideran\u00e7a: Caio Zanardo segue para a Suzano e Alexandre Lanna assume como novo CEO","og_description":"Com a sa\u00edda de Caio Zanardo para a Suzano, a Veracel Celulose inicia uma nova fase sob o comando de Alexandre Lanna, refor\u00e7ando o compromisso com inova\u00e7\u00e3o, desempenho e sustentabilidade.","og_url":"https:\/\/www.veracel.com.br\/veracel-celulose-anuncia-transicao-na-lideranca-caio-zanardo-segue-para-a-suzano-e-alexandre-lanna-assume-como-novo-ceo\/","og_site_name":"Veracel Celulose","article_published_time":"2025-11-11T18:49:41+00:00","og_image":[{"width":1102,"height":675,"url":"https:\/\/www.veracel.com.br\/wp-content\/uploads\/2025\/11\/caio-zanardo-veracel.jpg","type":"image\/jpeg"}],"author":"saulo","twitter_card":"summary_large_image","twitter_misc":{"Written by":"saulo","Est. reading time":"2 minutes"},"schema":{"@context":"https:\/\/schema.org","@graph":[{"@type":"WebPage","@id":"https:\/\/www.veracel.com.br\/veracel-celulose-anuncia-transicao-na-lideranca-caio-zanardo-segue-para-a-suzano-e-alexandre-lanna-assume-como-novo-ceo\/","url":"https:\/\/www.veracel.com.br\/veracel-celulose-anuncia-transicao-na-lideranca-caio-zanardo-segue-para-a-suzano-e-alexandre-lanna-assume-como-novo-ceo\/","name":"Caio Zanardo, atual diretor-presidente da Veracel, seguir\u00e1 para a Suzano","isPartOf":{"@id":"https:\/\/www.veracel.com.br\/#website"},"primaryImageOfPage":{"@id":"https:\/\/www.veracel.com.br\/veracel-celulose-anuncia-transicao-na-lideranca-caio-zanardo-segue-para-a-suzano-e-alexandre-lanna-assume-como-novo-ceo\/#primaryimage"},"image":{"@id":"https:\/\/www.veracel.com.br\/veracel-celulose-anuncia-transicao-na-lideranca-caio-zanardo-segue-para-a-suzano-e-alexandre-lanna-assume-como-novo-ceo\/#primaryimage"},"thumbnailUrl":"https:\/\/www.veracel.com.br\/wp-content\/uploads\/2025\/11\/caio-zanardo-veracel.jpg","datePublished":"2025-11-11T18:49:41+00:00","description":"Com a sa\u00edda de Caio Zanardo para a Suzano, a Veracel Celulose inicia uma nova fase sob o comando de Alexandre Lanna, refor\u00e7ando o compromisso com inova\u00e7\u00e3o, desempenho e sustentabilidade.","breadcrumb":{"@id":"https:\/\/www.veracel.com.br\/veracel-celulose-anuncia-transicao-na-lideranca-caio-zanardo-segue-para-a-suzano-e-alexandre-lanna-assume-como-novo-ceo\/#breadcrumb"},"inLanguage":"en-US","potentialAction":[{"@type":"ReadAction","target":["https:\/\/www.veracel.com.br\/veracel-celulose-anuncia-transicao-na-lideranca-caio-zanardo-segue-para-a-suzano-e-alexandre-lanna-assume-como-novo-ceo\/"]}]},{"@type":"ImageObject","inLanguage":"en-US","@id":"https:\/\/www.veracel.com.br\/veracel-celulose-anuncia-transicao-na-lideranca-caio-zanardo-segue-para-a-suzano-e-alexandre-lanna-assume-como-novo-ceo\/#primaryimage","url":"https:\/\/www.veracel.com.br\/wp-content\/uploads\/2025\/11\/caio-zanardo-veracel.jpg","contentUrl":"https:\/\/www.veracel.com.br\/wp-content\/uploads\/2025\/11\/caio-zanardo-veracel.jpg","width":1102,"height":675},{"@type":"BreadcrumbList","@id":"https:\/\/www.veracel.com.br\/veracel-celulose-anuncia-transicao-na-lideranca-caio-zanardo-segue-para-a-suzano-e-alexandre-lanna-assume-como-novo-ceo\/#breadcrumb","itemListElement":[{"@type":"ListItem","position":1,"name":"Home","item":"https:\/\/www.veracel.com.br\/"},{"@type":"ListItem","position":2,"name":"Not\u00edcias","item":"https:\/\/www.veracel.com.br\/noticias\/"},{"@type":"ListItem","position":3,"name":"Veracel Celulose anuncia transi\u00e7\u00e3o na lideran\u00e7a: Caio Zanardo segue para a Suzano e Alexandre Lanna assume como novo CEO"}]},{"@type":"WebSite","@id":"https:\/\/www.veracel.com.br\/#website","url":"https:\/\/www.veracel.com.br\/","name":"Veracel Celulose","description":"Quando crescemos juntos vamos muito mais longe","publisher":{"@id":"https:\/\/www.veracel.com.br\/#organization"},"potentialAction":[{"@type":"SearchAction","target":{"@type":"EntryPoint","urlTemplate":"https:\/\/www.veracel.com.br\/?s={search_term_string}"},"query-input":{"@type":"PropertyValueSpecification","valueRequired":true,"valueName":"search_term_string"}}],"inLanguage":"en-US"},{"@type":"Organization","@id":"https:\/\/www.veracel.com.br\/#organization","name":"Veracel Celulose","url":"https:\/\/www.veracel.com.br\/","logo":{"@type":"ImageObject","inLanguage":"en-US","@id":"https:\/\/www.veracel.com.br\/#\/schema\/logo\/image\/","url":"https:\/\/www.veracel.com.br\/wp-content\/uploads\/2024\/08\/Ativo-1.png","contentUrl":"https:\/\/www.veracel.com.br\/wp-content\/uploads\/2024\/08\/Ativo-1.png","width":400,"height":121,"caption":"Veracel Celulose"},"image":{"@id":"https:\/\/www.veracel.com.br\/#\/schema\/logo\/image\/"},"sameAs":["https:\/\/www.instagram.com\/veracelcelulose","https:\/\/www.linkedin.com\/company\/veracelcelulose\/","https:\/\/www.youtube.com\/user\/CanalVeracel"]}]}},"_links":{"self":[{"href":"https:\/\/www.veracel.com.br\/en\/wp-json\/wp\/v2\/posts\/42293","targetHints":{"allow":["GET"]}}],"collection":[{"href":"https:\/\/www.veracel.com.br\/en\/wp-json\/wp\/v2\/posts"}],"about":[{"href":"https:\/\/www.veracel.com.br\/en\/wp-json\/wp\/v2\/types\/post"}],"author":[{"embeddable":true,"href":"https:\/\/www.veracel.com.br\/en\/wp-json\/wp\/v2\/users\/2"}],"replies":[{"embeddable":true,"href":"https:\/\/www.veracel.com.br\/en\/wp-json\/wp\/v2\/comments?post=42293"}],"version-history":[{"count":1,"href":"https:\/\/www.veracel.com.br\/en\/wp-json\/wp\/v2\/posts\/42293\/revisions"}],"predecessor-version":[{"id":42296,"href":"https:\/\/www.veracel.com.br\/en\/wp-json\/wp\/v2\/posts\/42293\/revisions\/42296"}],"wp:featuredmedia":[{"embeddable":true,"href":"https:\/\/www.veracel.com.br\/en\/wp-json\/wp\/v2\/media\/42294"}],"wp:attachment":[{"href":"https:\/\/www.veracel.com.br\/en\/wp-json\/wp\/v2\/media?parent=42293"}],"wp:term":[{"taxonomy":"category","embeddable":true,"href":"https:\/\/www.veracel.com.br\/en\/wp-json\/wp\/v2\/categories?post=42293"},{"taxonomy":"post_tag","embeddable":true,"href":"https:\/\/www.veracel.com.br\/en\/wp-json\/wp\/v2\/tags?post=42293"}],"curies":[{"name":"wp","href":"https:\/\/api.w.org\/{rel}","templated":true}]}}