{"id":42298,"date":"2025-11-11T16:19:20","date_gmt":"2025-11-11T19:19:20","guid":{"rendered":"https:\/\/www.veracel.com.br\/?p=42298"},"modified":"2025-11-11T16:23:29","modified_gmt":"2025-11-11T19:23:29","slug":"veracel-celulose-na-cop30","status":"publish","type":"post","link":"https:\/\/www.veracel.com.br\/en\/veracel-celulose-na-cop30\/","title":{"rendered":"Veracel leva \u00e0 COP30 modelos brasileiros de resili\u00eancia comunit\u00e1ria, bioeconomia e restaura\u00e7\u00e3o da Mata Atl\u00e2ntica"},"content":{"rendered":"<p><em>A Veracel Celulose participar\u00e1 de tr\u00eas pain\u00e9is no Pavilh\u00e3o Finland\u00eas na COP30, ao lado da Stora Enso, compartilhando experi\u00eancias que unem produ\u00e7\u00e3o, conserva\u00e7\u00e3o e desenvolvimento territorial no Sul da Bahia<\/em><\/p>\n<p>&nbsp;<\/p>\n<p>A Veracel Celulose participa da <strong><a href=\"https:\/\/cop30.br\/pt-br\" target=\"_blank\" rel=\"noopener\">COP30<\/a><\/strong> com uma agenda dedicada a demonstrar, na pr\u00e1tica, como produ\u00e7\u00e3o florestal, conserva\u00e7\u00e3o da natureza e prosperidade do territ\u00f3rio caminham juntas. Nos dias 17 e 18 de novembro, a companhia estar\u00e1 em tr\u00eas pain\u00e9is no Pavilh\u00e3o Finland\u00eas, dentro da programa\u00e7\u00e3o da <strong><a href=\"https:\/\/www.storaenso.com\/en\/\" target=\"_blank\" rel=\"noopener\">Stora Enso<\/a><\/strong> (acionista da Veracel), para apresentar experi\u00eancias de restaura\u00e7\u00e3o em escala, bioeconomia com agricultores(as) familiares e m\u00e9tricas cient\u00edficas de biodiversidade aplicadas \u00e0 Mata Atl\u00e2ntica.<\/p>\n<p>&nbsp;<\/p>\n<h2>Sul da Bahia como exemplo de integra\u00e7\u00e3o entre economia e meio ambiente<\/h2>\n<p>Com sede no Sul da Bahia, a Veracel representa um modelo de neg\u00f3cio que alia resultados econ\u00f4micos, regenera\u00e7\u00e3o ambiental e inclus\u00e3o social. O setor de \u00e1rvores plantadas \u00e9 um aliado estrat\u00e9gico na mitiga\u00e7\u00e3o clim\u00e1tica: ocupa 9,9 milh\u00f5es de hectares no pa\u00eds e estoca cerca de 1,88 bilh\u00e3o de toneladas de CO\u2082.<\/p>\n<blockquote><p>\u201cA Veracel faz parte dessa transforma\u00e7\u00e3o e chega \u00e0 COP30 para mostrar, na pr\u00e1tica, como solu\u00e7\u00f5es baseadas na natureza e a bioeconomia podem gerar prosperidade para as pessoas e para o planeta\u201d, afirma Caio Zanardo, diretor-presidente da empresa.<\/p><\/blockquote>\n<p>&nbsp;<\/p>\n<h2>Projeto Mu\u00e7ununga: restaura\u00e7\u00e3o em escala com esp\u00e9cies nativas<\/h2>\n<p>Entre os destaques que a companhia levar\u00e1 \u00e0 confer\u00eancia est\u00e3o o <strong>Projeto Mu\u00e7ununga<\/strong>, que prev\u00ea a restaura\u00e7\u00e3o de 1.200 hectares com mais de 70 esp\u00e9cies nativas no Sul da Bahia. A iniciativa acelera a recupera\u00e7\u00e3o de fun\u00e7\u00f5es ecol\u00f3gicas, amplia a conectividade de paisagens e fortalece servi\u00e7os ambientais essenciais.<\/p>\n<p>&nbsp;<\/p>\n<h2>Agroflorestas e bioeconomia com inclus\u00e3o social<\/h2>\n<p>Outro exemplo \u00e9 o programa <strong>Conectando Pessoas \u00e0 Mata Atl\u00e2ntica<\/strong>, que estrutura sistemas agroflorestais em mais de 50 hectares de \u00e1reas de associa\u00e7\u00f5es de agricultores familiares. O programa combina esp\u00e9cies nativas com culturas econ\u00f4micas, promovendo gera\u00e7\u00e3o de renda, seguran\u00e7a alimentar e conserva\u00e7\u00e3o ambiental, com potencial de acesso a mercados de carbono. A empresa tamb\u00e9m apresentar\u00e1 sua abordagem de mensura\u00e7\u00e3o cient\u00edfica da biodiversidade, que comprova ganhos l\u00edquidos de conserva\u00e7\u00e3o, monitora habitats e fornece evid\u00eancias para pol\u00edticas p\u00fablicas, decis\u00f5es de investimento e escalabilidade de iniciativas sustent\u00e1veis.<\/p>\n<p>&nbsp;<\/p>\n<h2>Comunidades resilientes e desenvolvimento sustent\u00e1vel no centro do debate<\/h2>\n<p>A Veracel tamb\u00e9m levar\u00e1 \u00e0 COP30 uma reflex\u00e3o sobre <strong>comunidades resilientes<\/strong> e os projetos que fortalecem comunidades rurais, ind\u00edgenas e tradicionais no Sul e Extremo Sul da Bahia. O painel destacar\u00e1 como o di\u00e1logo territorial e as parcerias com governos, universidades e organiza\u00e7\u00f5es locais t\u00eam transformado desafios hist\u00f3ricos em oportunidades de desenvolvimento sustent\u00e1vel \u2014 com gera\u00e7\u00e3o de renda, inclus\u00e3o social e maior capacidade de adapta\u00e7\u00e3o das fam\u00edlias \u00e0s mudan\u00e7as clim\u00e1ticas.<\/p>\n<p>&nbsp;<\/p>\n<h2>Programa\u00e7\u00e3o COP30 no Pavilh\u00e3o Finland\u00eas:<\/h2>\n<ul>\n<li><strong>17 de novembro | 16h\u201317h<\/strong> \u2014 Resilient communities: Mitigating climate change impacts on livelihoods. Debate sobre como governos, empresas e comunidades podem fortalecer meios de vida diante das mudan\u00e7as clim\u00e1ticas, com experi\u00eancias de gera\u00e7\u00e3o de renda, educa\u00e7\u00e3o e di\u00e1logo com comunidades tradicionais.<\/li>\n<li><strong>18 de novembro | 10h\u201311h<\/strong> \u2014 Forest restoration: From incremental gains to systematic impact. Trajet\u00f3ria de restaura\u00e7\u00e3o na Mata Atl\u00e2ntica e mecanismos para escalar a\u00e7\u00f5es com investimentos em carbono de qualidade e coopera\u00e7\u00e3o multissetorial.<\/li>\n<li><strong>18 de novembro | 14h\u201315h<\/strong> \u2014 Towards net positive impact on nature: Using science-based metrics to measure biodiversity gains. Uso de m\u00e9tricas cient\u00edficas para orientar a recupera\u00e7\u00e3o de habitats, com destaque para a RPPN Esta\u00e7\u00e3o Veracel e certifica\u00e7\u00f5es de servi\u00e7os ecossist\u00eamicos.<\/li>\n<\/ul>\n<p>&nbsp;<\/p>\n<p><strong><a href=\"https:\/\/www.veracel.com.br\/sustentabilidade\/operacoes-sustentaveis\/\">Saiba mais sobre as opera\u00e7\u00f5es sustent\u00e1veis da Veracel Celulose<\/a><\/strong><\/p>\n<p><a href=\"https:\/\/www.veracel.com.br\/rppn-estacao-veracel\/\"><strong>Conhe\u00e7a a RPPN Esta\u00e7\u00e3o Veracel, a maior reserva particular de Mata Atl\u00e2ntica do nordeste<\/strong><\/a><\/p>\n","protected":false},"excerpt":{"rendered":"<p>A Veracel Celulose participar\u00e1 de tr\u00eas pain\u00e9is no Pavilh\u00e3o Finland\u00eas na COP30, ao lado da Stora Enso, compartilhando experi\u00eancias que unem produ\u00e7\u00e3o, conserva\u00e7\u00e3o e desenvolvimento territorial no Sul da Bahia &nbsp; A Veracel Celulose participa da COP30 com uma agenda dedicada a demonstrar, na pr\u00e1tica, como produ\u00e7\u00e3o florestal, conserva\u00e7\u00e3o da natureza e prosperidade do territ\u00f3rio [&hellip;]<\/p>\n","protected":false},"author":2,"featured_media":42303,"comment_status":"closed","ping_status":"closed","sticky":false,"template":"","format":"standard","meta":{"_acf_changed":false,"footnotes":"","_links_to":"","_links_to_target":""},"categories":[271,211],"tags":[],"class_list":["post-42298","post","type-post","status-publish","format-standard","has-post-thumbnail","hentry","category-a-veracel","category-noticias"],"acf":[],"yoast_head":"<!-- This site is optimized with the Yoast SEO Premium plugin v26.7 (Yoast SEO v27.4) - https:\/\/yoast.com\/product\/yoast-seo-premium-wordpress\/ -->\n<title>Veracel na COP30: restaura\u00e7\u00e3o, bioeconomia e comunidades resilientes<\/title>\n<meta name=\"description\" content=\"Veracel Celulose apresenta na COP30 a\u00e7\u00f5es em restaura\u00e7\u00e3o, bioeconomia e comunidades resilientes no Sul da Bahia contra mudan\u00e7as clim\u00e1ticas.\" \/>\n<meta name=\"robots\" content=\"index, follow, max-snippet:-1, max-image-preview:large, max-video-preview:-1\" \/>\n<link rel=\"canonical\" href=\"https:\/\/www.veracel.com.br\/veracel-celulose-na-cop30\/\" \/>\n<meta property=\"og:locale\" content=\"en_US\" \/>\n<meta property=\"og:type\" content=\"article\" \/>\n<meta property=\"og:title\" content=\"Veracel leva \u00e0 COP30 modelos brasileiros de resili\u00eancia comunit\u00e1ria, bioeconomia e restaura\u00e7\u00e3o da Mata Atl\u00e2ntica\" \/>\n<meta property=\"og:description\" content=\"Veracel Celulose apresenta na COP30 a\u00e7\u00f5es em restaura\u00e7\u00e3o, bioeconomia e comunidades resilientes no Sul da Bahia contra mudan\u00e7as clim\u00e1ticas.\" \/>\n<meta property=\"og:url\" content=\"https:\/\/www.veracel.com.br\/veracel-celulose-na-cop30\/\" \/>\n<meta property=\"og:site_name\" content=\"Veracel Celulose\" \/>\n<meta property=\"article:published_time\" content=\"2025-11-11T19:19:20+00:00\" \/>\n<meta property=\"article:modified_time\" content=\"2025-11-11T19:23:29+00:00\" \/>\n<meta property=\"og:image\" content=\"https:\/\/www.veracel.com.br\/wp-content\/uploads\/2021\/12\/veracel-celulose-na-COP30.jpg\" \/>\n\t<meta property=\"og:image:width\" content=\"1200\" \/>\n\t<meta property=\"og:image:height\" content=\"799\" \/>\n\t<meta property=\"og:image:type\" content=\"image\/jpeg\" \/>\n<meta name=\"author\" content=\"saulo\" \/>\n<meta name=\"twitter:card\" content=\"summary_large_image\" \/>\n<meta name=\"twitter:label1\" content=\"Written by\" \/>\n\t<meta name=\"twitter:data1\" content=\"saulo\" \/>\n\t<meta name=\"twitter:label2\" content=\"Est. reading time\" \/>\n\t<meta name=\"twitter:data2\" content=\"4 minutes\" \/>\n<script type=\"application\/ld+json\" class=\"yoast-schema-graph\">{\"@context\":\"https:\\\/\\\/schema.org\",\"@graph\":[{\"@type\":\"WebPage\",\"@id\":\"https:\\\/\\\/www.veracel.com.br\\\/veracel-celulose-na-cop30\\\/\",\"url\":\"https:\\\/\\\/www.veracel.com.br\\\/veracel-celulose-na-cop30\\\/\",\"name\":\"Veracel na COP30: restaura\u00e7\u00e3o, bioeconomia e comunidades resilientes\",\"isPartOf\":{\"@id\":\"https:\\\/\\\/www.veracel.com.br\\\/#website\"},\"primaryImageOfPage\":{\"@id\":\"https:\\\/\\\/www.veracel.com.br\\\/veracel-celulose-na-cop30\\\/#primaryimage\"},\"image\":{\"@id\":\"https:\\\/\\\/www.veracel.com.br\\\/veracel-celulose-na-cop30\\\/#primaryimage\"},\"thumbnailUrl\":\"https:\\\/\\\/www.veracel.com.br\\\/wp-content\\\/uploads\\\/2021\\\/12\\\/veracel-celulose-na-COP30.jpg\",\"datePublished\":\"2025-11-11T19:19:20+00:00\",\"dateModified\":\"2025-11-11T19:23:29+00:00\",\"description\":\"Veracel Celulose apresenta na COP30 a\u00e7\u00f5es em restaura\u00e7\u00e3o, bioeconomia e comunidades resilientes no Sul da Bahia contra mudan\u00e7as clim\u00e1ticas.\",\"breadcrumb\":{\"@id\":\"https:\\\/\\\/www.veracel.com.br\\\/veracel-celulose-na-cop30\\\/#breadcrumb\"},\"inLanguage\":\"en-US\",\"potentialAction\":[{\"@type\":\"ReadAction\",\"target\":[\"https:\\\/\\\/www.veracel.com.br\\\/veracel-celulose-na-cop30\\\/\"]}]},{\"@type\":\"ImageObject\",\"inLanguage\":\"en-US\",\"@id\":\"https:\\\/\\\/www.veracel.com.br\\\/veracel-celulose-na-cop30\\\/#primaryimage\",\"url\":\"https:\\\/\\\/www.veracel.com.br\\\/wp-content\\\/uploads\\\/2021\\\/12\\\/veracel-celulose-na-COP30.jpg\",\"contentUrl\":\"https:\\\/\\\/www.veracel.com.br\\\/wp-content\\\/uploads\\\/2021\\\/12\\\/veracel-celulose-na-COP30.jpg\",\"width\":1200,\"height\":799,\"caption\":\"Veracel Celulose na COP30\"},{\"@type\":\"BreadcrumbList\",\"@id\":\"https:\\\/\\\/www.veracel.com.br\\\/veracel-celulose-na-cop30\\\/#breadcrumb\",\"itemListElement\":[{\"@type\":\"ListItem\",\"position\":1,\"name\":\"Home\",\"item\":\"https:\\\/\\\/www.veracel.com.br\\\/\"},{\"@type\":\"ListItem\",\"position\":2,\"name\":\"Not\u00edcias\",\"item\":\"https:\\\/\\\/www.veracel.com.br\\\/noticias\\\/\"},{\"@type\":\"ListItem\",\"position\":3,\"name\":\"Veracel leva \u00e0 COP30 modelos brasileiros de resili\u00eancia comunit\u00e1ria, bioeconomia e restaura\u00e7\u00e3o da Mata Atl\u00e2ntica\"}]},{\"@type\":\"WebSite\",\"@id\":\"https:\\\/\\\/www.veracel.com.br\\\/#website\",\"url\":\"https:\\\/\\\/www.veracel.com.br\\\/\",\"name\":\"Veracel Celulose\",\"description\":\"Quando crescemos juntos vamos muito mais longe\",\"publisher\":{\"@id\":\"https:\\\/\\\/www.veracel.com.br\\\/#organization\"},\"potentialAction\":[{\"@type\":\"SearchAction\",\"target\":{\"@type\":\"EntryPoint\",\"urlTemplate\":\"https:\\\/\\\/www.veracel.com.br\\\/?s={search_term_string}\"},\"query-input\":{\"@type\":\"PropertyValueSpecification\",\"valueRequired\":true,\"valueName\":\"search_term_string\"}}],\"inLanguage\":\"en-US\"},{\"@type\":\"Organization\",\"@id\":\"https:\\\/\\\/www.veracel.com.br\\\/#organization\",\"name\":\"Veracel Celulose\",\"url\":\"https:\\\/\\\/www.veracel.com.br\\\/\",\"logo\":{\"@type\":\"ImageObject\",\"inLanguage\":\"en-US\",\"@id\":\"https:\\\/\\\/www.veracel.com.br\\\/#\\\/schema\\\/logo\\\/image\\\/\",\"url\":\"https:\\\/\\\/www.veracel.com.br\\\/wp-content\\\/uploads\\\/2024\\\/08\\\/Ativo-1.png\",\"contentUrl\":\"https:\\\/\\\/www.veracel.com.br\\\/wp-content\\\/uploads\\\/2024\\\/08\\\/Ativo-1.png\",\"width\":400,\"height\":121,\"caption\":\"Veracel Celulose\"},\"image\":{\"@id\":\"https:\\\/\\\/www.veracel.com.br\\\/#\\\/schema\\\/logo\\\/image\\\/\"},\"sameAs\":[\"https:\\\/\\\/www.instagram.com\\\/veracelcelulose\",\"https:\\\/\\\/www.linkedin.com\\\/company\\\/veracelcelulose\\\/\",\"https:\\\/\\\/www.youtube.com\\\/user\\\/CanalVeracel\"]}]}<\/script>\n<!-- \/ Yoast SEO Premium plugin. -->","yoast_head_json":{"title":"Veracel na COP30: restaura\u00e7\u00e3o, bioeconomia e comunidades resilientes","description":"Veracel Celulose apresenta na COP30 a\u00e7\u00f5es em restaura\u00e7\u00e3o, bioeconomia e comunidades resilientes no Sul da Bahia contra mudan\u00e7as clim\u00e1ticas.","robots":{"index":"index","follow":"follow","max-snippet":"max-snippet:-1","max-image-preview":"max-image-preview:large","max-video-preview":"max-video-preview:-1"},"canonical":"https:\/\/www.veracel.com.br\/veracel-celulose-na-cop30\/","og_locale":"en_US","og_type":"article","og_title":"Veracel leva \u00e0 COP30 modelos brasileiros de resili\u00eancia comunit\u00e1ria, bioeconomia e restaura\u00e7\u00e3o da Mata Atl\u00e2ntica","og_description":"Veracel Celulose apresenta na COP30 a\u00e7\u00f5es em restaura\u00e7\u00e3o, bioeconomia e comunidades resilientes no Sul da Bahia contra mudan\u00e7as clim\u00e1ticas.","og_url":"https:\/\/www.veracel.com.br\/veracel-celulose-na-cop30\/","og_site_name":"Veracel Celulose","article_published_time":"2025-11-11T19:19:20+00:00","article_modified_time":"2025-11-11T19:23:29+00:00","og_image":[{"width":1200,"height":799,"url":"https:\/\/www.veracel.com.br\/wp-content\/uploads\/2021\/12\/veracel-celulose-na-COP30.jpg","type":"image\/jpeg"}],"author":"saulo","twitter_card":"summary_large_image","twitter_misc":{"Written by":"saulo","Est. reading time":"4 minutes"},"schema":{"@context":"https:\/\/schema.org","@graph":[{"@type":"WebPage","@id":"https:\/\/www.veracel.com.br\/veracel-celulose-na-cop30\/","url":"https:\/\/www.veracel.com.br\/veracel-celulose-na-cop30\/","name":"Veracel na COP30: restaura\u00e7\u00e3o, bioeconomia e comunidades resilientes","isPartOf":{"@id":"https:\/\/www.veracel.com.br\/#website"},"primaryImageOfPage":{"@id":"https:\/\/www.veracel.com.br\/veracel-celulose-na-cop30\/#primaryimage"},"image":{"@id":"https:\/\/www.veracel.com.br\/veracel-celulose-na-cop30\/#primaryimage"},"thumbnailUrl":"https:\/\/www.veracel.com.br\/wp-content\/uploads\/2021\/12\/veracel-celulose-na-COP30.jpg","datePublished":"2025-11-11T19:19:20+00:00","dateModified":"2025-11-11T19:23:29+00:00","description":"Veracel Celulose apresenta na COP30 a\u00e7\u00f5es em restaura\u00e7\u00e3o, bioeconomia e comunidades resilientes no Sul da Bahia contra mudan\u00e7as clim\u00e1ticas.","breadcrumb":{"@id":"https:\/\/www.veracel.com.br\/veracel-celulose-na-cop30\/#breadcrumb"},"inLanguage":"en-US","potentialAction":[{"@type":"ReadAction","target":["https:\/\/www.veracel.com.br\/veracel-celulose-na-cop30\/"]}]},{"@type":"ImageObject","inLanguage":"en-US","@id":"https:\/\/www.veracel.com.br\/veracel-celulose-na-cop30\/#primaryimage","url":"https:\/\/www.veracel.com.br\/wp-content\/uploads\/2021\/12\/veracel-celulose-na-COP30.jpg","contentUrl":"https:\/\/www.veracel.com.br\/wp-content\/uploads\/2021\/12\/veracel-celulose-na-COP30.jpg","width":1200,"height":799,"caption":"Veracel Celulose na COP30"},{"@type":"BreadcrumbList","@id":"https:\/\/www.veracel.com.br\/veracel-celulose-na-cop30\/#breadcrumb","itemListElement":[{"@type":"ListItem","position":1,"name":"Home","item":"https:\/\/www.veracel.com.br\/"},{"@type":"ListItem","position":2,"name":"Not\u00edcias","item":"https:\/\/www.veracel.com.br\/noticias\/"},{"@type":"ListItem","position":3,"name":"Veracel leva \u00e0 COP30 modelos brasileiros de resili\u00eancia comunit\u00e1ria, bioeconomia e restaura\u00e7\u00e3o da Mata Atl\u00e2ntica"}]},{"@type":"WebSite","@id":"https:\/\/www.veracel.com.br\/#website","url":"https:\/\/www.veracel.com.br\/","name":"Veracel Celulose","description":"Quando crescemos juntos vamos muito mais longe","publisher":{"@id":"https:\/\/www.veracel.com.br\/#organization"},"potentialAction":[{"@type":"SearchAction","target":{"@type":"EntryPoint","urlTemplate":"https:\/\/www.veracel.com.br\/?s={search_term_string}"},"query-input":{"@type":"PropertyValueSpecification","valueRequired":true,"valueName":"search_term_string"}}],"inLanguage":"en-US"},{"@type":"Organization","@id":"https:\/\/www.veracel.com.br\/#organization","name":"Veracel Celulose","url":"https:\/\/www.veracel.com.br\/","logo":{"@type":"ImageObject","inLanguage":"en-US","@id":"https:\/\/www.veracel.com.br\/#\/schema\/logo\/image\/","url":"https:\/\/www.veracel.com.br\/wp-content\/uploads\/2024\/08\/Ativo-1.png","contentUrl":"https:\/\/www.veracel.com.br\/wp-content\/uploads\/2024\/08\/Ativo-1.png","width":400,"height":121,"caption":"Veracel Celulose"},"image":{"@id":"https:\/\/www.veracel.com.br\/#\/schema\/logo\/image\/"},"sameAs":["https:\/\/www.instagram.com\/veracelcelulose","https:\/\/www.linkedin.com\/company\/veracelcelulose\/","https:\/\/www.youtube.com\/user\/CanalVeracel"]}]}},"_links":{"self":[{"href":"https:\/\/www.veracel.com.br\/en\/wp-json\/wp\/v2\/posts\/42298","targetHints":{"allow":["GET"]}}],"collection":[{"href":"https:\/\/www.veracel.com.br\/en\/wp-json\/wp\/v2\/posts"}],"about":[{"href":"https:\/\/www.veracel.com.br\/en\/wp-json\/wp\/v2\/types\/post"}],"author":[{"embeddable":true,"href":"https:\/\/www.veracel.com.br\/en\/wp-json\/wp\/v2\/users\/2"}],"replies":[{"embeddable":true,"href":"https:\/\/www.veracel.com.br\/en\/wp-json\/wp\/v2\/comments?post=42298"}],"version-history":[{"count":1,"href":"https:\/\/www.veracel.com.br\/en\/wp-json\/wp\/v2\/posts\/42298\/revisions"}],"predecessor-version":[{"id":42302,"href":"https:\/\/www.veracel.com.br\/en\/wp-json\/wp\/v2\/posts\/42298\/revisions\/42302"}],"wp:featuredmedia":[{"embeddable":true,"href":"https:\/\/www.veracel.com.br\/en\/wp-json\/wp\/v2\/media\/42303"}],"wp:attachment":[{"href":"https:\/\/www.veracel.com.br\/en\/wp-json\/wp\/v2\/media?parent=42298"}],"wp:term":[{"taxonomy":"category","embeddable":true,"href":"https:\/\/www.veracel.com.br\/en\/wp-json\/wp\/v2\/categories?post=42298"},{"taxonomy":"post_tag","embeddable":true,"href":"https:\/\/www.veracel.com.br\/en\/wp-json\/wp\/v2\/tags?post=42298"}],"curies":[{"name":"wp","href":"https:\/\/api.w.org\/{rel}","templated":true}]}}