{"id":42312,"date":"2025-11-12T16:25:25","date_gmt":"2025-11-12T19:25:25","guid":{"rendered":"https:\/\/www.veracel.com.br\/?p=42312"},"modified":"2025-11-12T16:29:47","modified_gmt":"2025-11-12T19:29:47","slug":"iucn-veracel-parceria-natureza-positiva","status":"publish","type":"post","link":"https:\/\/www.veracel.com.br\/en\/iucn-veracel-parceria-natureza-positiva\/","title":{"rendered":"IUCN e Veracel firmam parceria para promover avan\u00e7os Nature Positive no Brasil"},"content":{"rendered":"<p>A Veracel Celulose e a <strong><a href=\"https:\/\/iucn.org\/\" target=\"_blank\" rel=\"noopener\">Uni\u00e3o Internacional para a Conserva\u00e7\u00e3o da Natureza (IUCN)<\/a><\/strong> oficializaram uma parceria para desenvolver um Roteiro da Natureza. A iniciativa visa demonstrar como planta\u00e7\u00f5es mosaico de eucalipto podem gerar resultados mensur\u00e1veis e positivos para a natureza na Mata Atl\u00e2ntica brasileira.<\/p>\n<p>A colabora\u00e7\u00e3o examina como florestas de eucalipto bem manejadas podem contribuir para a <strong><a href=\"https:\/\/www.cbd.int\/nbsap\" target=\"_blank\" rel=\"noopener\">Estrat\u00e9gia e Plano de A\u00e7\u00e3o Nacional da Biodiversidade do Brasil (NBSAP)<\/a><\/strong> e as metas do <strong><a href=\"https:\/\/www.cbd.int\/gbf\" target=\"_blank\" rel=\"noopener\">Quadro Global de Biodiversidade Kunming-Montreal<\/a><\/strong>. Neste contexto, Veracel e IUCN compartilhar\u00e3o conhecimentos para desenvolver um roteiro que fortale\u00e7a a estrat\u00e9gia da Veracel para a natureza e forne\u00e7a evid\u00eancias cient\u00edficas de um impacto l\u00edquido positivo na biodiversidade.<\/p>\n<p>&nbsp;<\/p>\n<h2>Ferramentas cient\u00edficas para um impacto positivo na natureza<\/h2>\n<p>A Veracel se beneficiar\u00e1 das ferramentas e metodologias da IUCN, como a abordagem Resultados Naturais Positivos R\u00e1pidos e de Alta Integridade (IUCN RHINO) e a m\u00e9trica de Redu\u00e7\u00e3o de Amea\u00e7as e Restaura\u00e7\u00e3o de Esp\u00e9cies [STAR]. Esses recursos, somados aos aprendizados de outras parcerias da IUCN, ajudar\u00e3o a aprimorar pr\u00e1ticas empresariais sustent\u00e1veis e a tomada de decis\u00f5es para um futuro Positivo para a Natureza.<\/p>\n<blockquote><p>\u201c<em>A parceria com a IUCN refor\u00e7a o compromisso da Veracel de fundamentar nossa estrat\u00e9gia para a natureza na melhor ci\u00eancia dispon\u00edvel, garantindo que nossas a\u00e7\u00f5es contribuam significativamente para a conserva\u00e7\u00e3o da biodiversidade, resili\u00eancia clim\u00e1tica e desenvolvimento sustent\u00e1vel das comunidades<\/em>\u201d, comenta Luis Henrique Tapia, Diretor de Sustentabilidade e Assuntos Corporativos da Veracel.<\/p>\n<p>&nbsp;<\/p><\/blockquote>\n<h2>IUCN e empresas: uni\u00e3o entre ci\u00eancia e sustentabilidade<\/h2>\n<p>Reconhecida globalmente como l\u00edder em conserva\u00e7\u00e3o da natureza e uso sustent\u00e1vel dos recursos, a IUCN trabalha com empresas cujas abordagens s\u00e3o baseadas na ci\u00eancia para medir os impactos na biodiversidade.<\/p>\n<blockquote><p>&#8220;<em>Estamos entusiasmados em colaborar com a Veracel para demonstrar como a abordagem IUCN RHINO pode informar a tomada de decis\u00f5es Positivas para a Natureza, com base nos insights dos nossos pilotos com Stora Enso e Suzano. Ao combinar a ci\u00eancia da IUCN com a expertise florestal sustent\u00e1vel da Veracel, estamos mais pr\u00f3ximos de moldar um modelo onde a bioeconomia contribua significativamente para as metas globais de biodiversidade<\/em>&#8220;, afirma Martin Sneary, Diretor da Unidade de Neg\u00f3cios e Natureza da IUCN.<\/p><\/blockquote>\n<p>&nbsp;<\/p>\n<h2>A Mata Atl\u00e2ntica como modelo de conserva\u00e7\u00e3o da natureza<\/h2>\n<p>Gabriel Quijandr\u00eda, Diretor Regional da IUCN na Am\u00e9rica do Sul, acrescenta: &#8220;O reconhecimento da ONU da restaura\u00e7\u00e3o da Mata Atl\u00e2ntica como um modelo global promissor destaca o poder da a\u00e7\u00e3o coletiva pela natureza. \u00c0 medida que nos aproximamos da COP30 do Clima em Bel\u00e9m, \u00e9 encorajador ver a Veracel demonstrar lideran\u00e7a na constru\u00e7\u00e3o de um modelo florestal que apoie a recupera\u00e7\u00e3o desse ecossistema extraordin\u00e1rio.&#8221;<\/p>\n","protected":false},"excerpt":{"rendered":"<p>A Veracel Celulose e a Uni\u00e3o Internacional para a Conserva\u00e7\u00e3o da Natureza (IUCN) oficializaram uma parceria para desenvolver um Roteiro da Natureza. A iniciativa visa demonstrar como planta\u00e7\u00f5es mosaico de eucalipto podem gerar resultados mensur\u00e1veis e positivos para a natureza na Mata Atl\u00e2ntica brasileira. A colabora\u00e7\u00e3o examina como florestas de eucalipto bem manejadas podem contribuir [&hellip;]<\/p>\n","protected":false},"author":2,"featured_media":42316,"comment_status":"closed","ping_status":"closed","sticky":false,"template":"","format":"standard","meta":{"_acf_changed":false,"footnotes":"","_links_to":"","_links_to_target":""},"categories":[211,332],"tags":[],"class_list":["post-42312","post","type-post","status-publish","format-standard","has-post-thumbnail","hentry","category-noticias","category-sustentabilidade-veracel"],"acf":[],"yoast_head":"<!-- This site is optimized with the Yoast SEO Premium plugin v26.7 (Yoast SEO v27.4) - https:\/\/yoast.com\/product\/yoast-seo-premium-wordpress\/ -->\n<title>Veracel e IUCN: parceria para conserva\u00e7\u00e3o da natureza<\/title>\n<meta name=\"description\" content=\"A Veracel e a IUCN oficializam colabora\u00e7\u00e3o para fortalecer a conserva\u00e7\u00e3o da natureza com foco em pr\u00e1ticas florestais sustent\u00e1veis\" \/>\n<meta name=\"robots\" content=\"index, follow, max-snippet:-1, max-image-preview:large, max-video-preview:-1\" \/>\n<link rel=\"canonical\" href=\"https:\/\/www.veracel.com.br\/iucn-veracel-parceria-natureza-positiva\/\" \/>\n<meta property=\"og:locale\" content=\"en_US\" \/>\n<meta property=\"og:type\" content=\"article\" \/>\n<meta property=\"og:title\" content=\"IUCN e Veracel firmam parceria para promover avan\u00e7os Nature Positive no Brasil\" \/>\n<meta property=\"og:description\" content=\"A Veracel e a IUCN oficializam colabora\u00e7\u00e3o para fortalecer a conserva\u00e7\u00e3o da natureza com foco em pr\u00e1ticas florestais sustent\u00e1veis\" \/>\n<meta property=\"og:url\" content=\"https:\/\/www.veracel.com.br\/iucn-veracel-parceria-natureza-positiva\/\" \/>\n<meta property=\"og:site_name\" content=\"Veracel Celulose\" \/>\n<meta property=\"article:published_time\" content=\"2025-11-12T19:25:25+00:00\" \/>\n<meta property=\"article:modified_time\" content=\"2025-11-12T19:29:47+00:00\" \/>\n<meta property=\"og:image\" content=\"https:\/\/www.veracel.com.br\/wp-content\/uploads\/2025\/11\/veracel-iucn-conservacao-da-natureza.jpg\" \/>\n\t<meta property=\"og:image:width\" content=\"1200\" \/>\n\t<meta property=\"og:image:height\" content=\"800\" \/>\n\t<meta property=\"og:image:type\" content=\"image\/jpeg\" \/>\n<meta name=\"author\" content=\"saulo\" \/>\n<meta name=\"twitter:card\" content=\"summary_large_image\" \/>\n<meta name=\"twitter:label1\" content=\"Written by\" \/>\n\t<meta name=\"twitter:data1\" content=\"saulo\" \/>\n\t<meta name=\"twitter:label2\" content=\"Est. reading time\" \/>\n\t<meta name=\"twitter:data2\" content=\"2 minutes\" \/>\n<script type=\"application\/ld+json\" class=\"yoast-schema-graph\">{\"@context\":\"https:\\\/\\\/schema.org\",\"@graph\":[{\"@type\":\"WebPage\",\"@id\":\"https:\\\/\\\/www.veracel.com.br\\\/iucn-veracel-parceria-natureza-positiva\\\/\",\"url\":\"https:\\\/\\\/www.veracel.com.br\\\/iucn-veracel-parceria-natureza-positiva\\\/\",\"name\":\"Veracel e IUCN: parceria para conserva\u00e7\u00e3o da natureza\",\"isPartOf\":{\"@id\":\"https:\\\/\\\/www.veracel.com.br\\\/#website\"},\"primaryImageOfPage\":{\"@id\":\"https:\\\/\\\/www.veracel.com.br\\\/iucn-veracel-parceria-natureza-positiva\\\/#primaryimage\"},\"image\":{\"@id\":\"https:\\\/\\\/www.veracel.com.br\\\/iucn-veracel-parceria-natureza-positiva\\\/#primaryimage\"},\"thumbnailUrl\":\"https:\\\/\\\/www.veracel.com.br\\\/wp-content\\\/uploads\\\/2025\\\/11\\\/veracel-iucn-conservacao-da-natureza.jpg\",\"datePublished\":\"2025-11-12T19:25:25+00:00\",\"dateModified\":\"2025-11-12T19:29:47+00:00\",\"description\":\"A Veracel e a IUCN oficializam colabora\u00e7\u00e3o para fortalecer a conserva\u00e7\u00e3o da natureza com foco em pr\u00e1ticas florestais sustent\u00e1veis\",\"breadcrumb\":{\"@id\":\"https:\\\/\\\/www.veracel.com.br\\\/iucn-veracel-parceria-natureza-positiva\\\/#breadcrumb\"},\"inLanguage\":\"en-US\",\"potentialAction\":[{\"@type\":\"ReadAction\",\"target\":[\"https:\\\/\\\/www.veracel.com.br\\\/iucn-veracel-parceria-natureza-positiva\\\/\"]}]},{\"@type\":\"ImageObject\",\"inLanguage\":\"en-US\",\"@id\":\"https:\\\/\\\/www.veracel.com.br\\\/iucn-veracel-parceria-natureza-positiva\\\/#primaryimage\",\"url\":\"https:\\\/\\\/www.veracel.com.br\\\/wp-content\\\/uploads\\\/2025\\\/11\\\/veracel-iucn-conservacao-da-natureza.jpg\",\"contentUrl\":\"https:\\\/\\\/www.veracel.com.br\\\/wp-content\\\/uploads\\\/2025\\\/11\\\/veracel-iucn-conservacao-da-natureza.jpg\",\"width\":1200,\"height\":800},{\"@type\":\"BreadcrumbList\",\"@id\":\"https:\\\/\\\/www.veracel.com.br\\\/iucn-veracel-parceria-natureza-positiva\\\/#breadcrumb\",\"itemListElement\":[{\"@type\":\"ListItem\",\"position\":1,\"name\":\"Home\",\"item\":\"https:\\\/\\\/www.veracel.com.br\\\/\"},{\"@type\":\"ListItem\",\"position\":2,\"name\":\"Not\u00edcias\",\"item\":\"https:\\\/\\\/www.veracel.com.br\\\/noticias\\\/\"},{\"@type\":\"ListItem\",\"position\":3,\"name\":\"IUCN e Veracel firmam parceria para promover avan\u00e7os Nature Positive no Brasil\"}]},{\"@type\":\"WebSite\",\"@id\":\"https:\\\/\\\/www.veracel.com.br\\\/#website\",\"url\":\"https:\\\/\\\/www.veracel.com.br\\\/\",\"name\":\"Veracel Celulose\",\"description\":\"Quando crescemos juntos vamos muito mais longe\",\"publisher\":{\"@id\":\"https:\\\/\\\/www.veracel.com.br\\\/#organization\"},\"potentialAction\":[{\"@type\":\"SearchAction\",\"target\":{\"@type\":\"EntryPoint\",\"urlTemplate\":\"https:\\\/\\\/www.veracel.com.br\\\/?s={search_term_string}\"},\"query-input\":{\"@type\":\"PropertyValueSpecification\",\"valueRequired\":true,\"valueName\":\"search_term_string\"}}],\"inLanguage\":\"en-US\"},{\"@type\":\"Organization\",\"@id\":\"https:\\\/\\\/www.veracel.com.br\\\/#organization\",\"name\":\"Veracel Celulose\",\"url\":\"https:\\\/\\\/www.veracel.com.br\\\/\",\"logo\":{\"@type\":\"ImageObject\",\"inLanguage\":\"en-US\",\"@id\":\"https:\\\/\\\/www.veracel.com.br\\\/#\\\/schema\\\/logo\\\/image\\\/\",\"url\":\"https:\\\/\\\/www.veracel.com.br\\\/wp-content\\\/uploads\\\/2024\\\/08\\\/Ativo-1.png\",\"contentUrl\":\"https:\\\/\\\/www.veracel.com.br\\\/wp-content\\\/uploads\\\/2024\\\/08\\\/Ativo-1.png\",\"width\":400,\"height\":121,\"caption\":\"Veracel Celulose\"},\"image\":{\"@id\":\"https:\\\/\\\/www.veracel.com.br\\\/#\\\/schema\\\/logo\\\/image\\\/\"},\"sameAs\":[\"https:\\\/\\\/www.instagram.com\\\/veracelcelulose\",\"https:\\\/\\\/www.linkedin.com\\\/company\\\/veracelcelulose\\\/\",\"https:\\\/\\\/www.youtube.com\\\/user\\\/CanalVeracel\"]}]}<\/script>\n<!-- \/ Yoast SEO Premium plugin. -->","yoast_head_json":{"title":"Veracel e IUCN: parceria para conserva\u00e7\u00e3o da natureza","description":"A Veracel e a IUCN oficializam colabora\u00e7\u00e3o para fortalecer a conserva\u00e7\u00e3o da natureza com foco em pr\u00e1ticas florestais sustent\u00e1veis","robots":{"index":"index","follow":"follow","max-snippet":"max-snippet:-1","max-image-preview":"max-image-preview:large","max-video-preview":"max-video-preview:-1"},"canonical":"https:\/\/www.veracel.com.br\/iucn-veracel-parceria-natureza-positiva\/","og_locale":"en_US","og_type":"article","og_title":"IUCN e Veracel firmam parceria para promover avan\u00e7os Nature Positive no Brasil","og_description":"A Veracel e a IUCN oficializam colabora\u00e7\u00e3o para fortalecer a conserva\u00e7\u00e3o da natureza com foco em pr\u00e1ticas florestais sustent\u00e1veis","og_url":"https:\/\/www.veracel.com.br\/iucn-veracel-parceria-natureza-positiva\/","og_site_name":"Veracel Celulose","article_published_time":"2025-11-12T19:25:25+00:00","article_modified_time":"2025-11-12T19:29:47+00:00","og_image":[{"width":1200,"height":800,"url":"https:\/\/www.veracel.com.br\/wp-content\/uploads\/2025\/11\/veracel-iucn-conservacao-da-natureza.jpg","type":"image\/jpeg"}],"author":"saulo","twitter_card":"summary_large_image","twitter_misc":{"Written by":"saulo","Est. reading time":"2 minutes"},"schema":{"@context":"https:\/\/schema.org","@graph":[{"@type":"WebPage","@id":"https:\/\/www.veracel.com.br\/iucn-veracel-parceria-natureza-positiva\/","url":"https:\/\/www.veracel.com.br\/iucn-veracel-parceria-natureza-positiva\/","name":"Veracel e IUCN: parceria para conserva\u00e7\u00e3o da natureza","isPartOf":{"@id":"https:\/\/www.veracel.com.br\/#website"},"primaryImageOfPage":{"@id":"https:\/\/www.veracel.com.br\/iucn-veracel-parceria-natureza-positiva\/#primaryimage"},"image":{"@id":"https:\/\/www.veracel.com.br\/iucn-veracel-parceria-natureza-positiva\/#primaryimage"},"thumbnailUrl":"https:\/\/www.veracel.com.br\/wp-content\/uploads\/2025\/11\/veracel-iucn-conservacao-da-natureza.jpg","datePublished":"2025-11-12T19:25:25+00:00","dateModified":"2025-11-12T19:29:47+00:00","description":"A Veracel e a IUCN oficializam colabora\u00e7\u00e3o para fortalecer a conserva\u00e7\u00e3o da natureza com foco em pr\u00e1ticas florestais sustent\u00e1veis","breadcrumb":{"@id":"https:\/\/www.veracel.com.br\/iucn-veracel-parceria-natureza-positiva\/#breadcrumb"},"inLanguage":"en-US","potentialAction":[{"@type":"ReadAction","target":["https:\/\/www.veracel.com.br\/iucn-veracel-parceria-natureza-positiva\/"]}]},{"@type":"ImageObject","inLanguage":"en-US","@id":"https:\/\/www.veracel.com.br\/iucn-veracel-parceria-natureza-positiva\/#primaryimage","url":"https:\/\/www.veracel.com.br\/wp-content\/uploads\/2025\/11\/veracel-iucn-conservacao-da-natureza.jpg","contentUrl":"https:\/\/www.veracel.com.br\/wp-content\/uploads\/2025\/11\/veracel-iucn-conservacao-da-natureza.jpg","width":1200,"height":800},{"@type":"BreadcrumbList","@id":"https:\/\/www.veracel.com.br\/iucn-veracel-parceria-natureza-positiva\/#breadcrumb","itemListElement":[{"@type":"ListItem","position":1,"name":"Home","item":"https:\/\/www.veracel.com.br\/"},{"@type":"ListItem","position":2,"name":"Not\u00edcias","item":"https:\/\/www.veracel.com.br\/noticias\/"},{"@type":"ListItem","position":3,"name":"IUCN e Veracel firmam parceria para promover avan\u00e7os Nature Positive no Brasil"}]},{"@type":"WebSite","@id":"https:\/\/www.veracel.com.br\/#website","url":"https:\/\/www.veracel.com.br\/","name":"Veracel Celulose","description":"Quando crescemos juntos vamos muito mais longe","publisher":{"@id":"https:\/\/www.veracel.com.br\/#organization"},"potentialAction":[{"@type":"SearchAction","target":{"@type":"EntryPoint","urlTemplate":"https:\/\/www.veracel.com.br\/?s={search_term_string}"},"query-input":{"@type":"PropertyValueSpecification","valueRequired":true,"valueName":"search_term_string"}}],"inLanguage":"en-US"},{"@type":"Organization","@id":"https:\/\/www.veracel.com.br\/#organization","name":"Veracel Celulose","url":"https:\/\/www.veracel.com.br\/","logo":{"@type":"ImageObject","inLanguage":"en-US","@id":"https:\/\/www.veracel.com.br\/#\/schema\/logo\/image\/","url":"https:\/\/www.veracel.com.br\/wp-content\/uploads\/2024\/08\/Ativo-1.png","contentUrl":"https:\/\/www.veracel.com.br\/wp-content\/uploads\/2024\/08\/Ativo-1.png","width":400,"height":121,"caption":"Veracel Celulose"},"image":{"@id":"https:\/\/www.veracel.com.br\/#\/schema\/logo\/image\/"},"sameAs":["https:\/\/www.instagram.com\/veracelcelulose","https:\/\/www.linkedin.com\/company\/veracelcelulose\/","https:\/\/www.youtube.com\/user\/CanalVeracel"]}]}},"_links":{"self":[{"href":"https:\/\/www.veracel.com.br\/en\/wp-json\/wp\/v2\/posts\/42312","targetHints":{"allow":["GET"]}}],"collection":[{"href":"https:\/\/www.veracel.com.br\/en\/wp-json\/wp\/v2\/posts"}],"about":[{"href":"https:\/\/www.veracel.com.br\/en\/wp-json\/wp\/v2\/types\/post"}],"author":[{"embeddable":true,"href":"https:\/\/www.veracel.com.br\/en\/wp-json\/wp\/v2\/users\/2"}],"replies":[{"embeddable":true,"href":"https:\/\/www.veracel.com.br\/en\/wp-json\/wp\/v2\/comments?post=42312"}],"version-history":[{"count":3,"href":"https:\/\/www.veracel.com.br\/en\/wp-json\/wp\/v2\/posts\/42312\/revisions"}],"predecessor-version":[{"id":42315,"href":"https:\/\/www.veracel.com.br\/en\/wp-json\/wp\/v2\/posts\/42312\/revisions\/42315"}],"wp:featuredmedia":[{"embeddable":true,"href":"https:\/\/www.veracel.com.br\/en\/wp-json\/wp\/v2\/media\/42316"}],"wp:attachment":[{"href":"https:\/\/www.veracel.com.br\/en\/wp-json\/wp\/v2\/media?parent=42312"}],"wp:term":[{"taxonomy":"category","embeddable":true,"href":"https:\/\/www.veracel.com.br\/en\/wp-json\/wp\/v2\/categories?post=42312"},{"taxonomy":"post_tag","embeddable":true,"href":"https:\/\/www.veracel.com.br\/en\/wp-json\/wp\/v2\/tags?post=42312"}],"curies":[{"name":"wp","href":"https:\/\/api.w.org\/{rel}","templated":true}]}}