{"id":42606,"date":"2025-12-10T21:05:17","date_gmt":"2025-12-11T00:05:17","guid":{"rendered":"https:\/\/www.veracel.com.br\/?p=42606"},"modified":"2025-12-10T21:07:08","modified_gmt":"2025-12-11T00:07:08","slug":"chuvas-no-sul-da-bahia-monitoramento-de-microbacias-na-veracel","status":"publish","type":"post","link":"https:\/\/www.veracel.com.br\/en\/chuvas-no-sul-da-bahia-monitoramento-de-microbacias-na-veracel\/","title":{"rendered":"Chuvas no sul da Bahia: monitoramento de microbacias na Veracel"},"content":{"rendered":"<p>As <b>chuvas no sul da Bahia<\/b> s\u00e3o um tema de grande import\u00e2ncia, moldando a paisagem, a vida e a economia do nosso estado. Em um mundo onde a gest\u00e3o da \u00e1gua \u00e9 um desafio crescente, garantir que os recursos h\u00eddricos sejam preservados durante e ap\u00f3s os per\u00edodos de <b>chuvas<\/b> \u00e9 mais do que uma responsabilidade \u2013 \u00e9 um compromisso com o futuro. Aqui na Veracel, no cora\u00e7\u00e3o do sul da Bahia, levamos essa miss\u00e3o a s\u00e9rio. Mas como garantimos que nossa produ\u00e7\u00e3o de celulose convive em harmonia com os rios, especialmente diante da intensidade das <b>chuvas?<\/b><\/p>\n<p>A resposta est\u00e1 na ci\u00eancia, na tecnologia e em um monitoramento ambiental cont\u00ednuo.<\/p>\n<h2>Laborat\u00f3rios a C\u00e9u Aberto: entendendo o impacto das chuvas no sul da Bahia<\/h2>\n<p>Voc\u00ea j\u00e1 imaginou ter um laborat\u00f3rio do tamanho de uma floresta? \u00c9 o que fazemos com o m\u00e9todo das microbacias pareadas, uma abordagem cient\u00edfica que nos permite entender a rela\u00e7\u00e3o entre nossas florestas, o solo e a \u00e1gua, especialmente nos per\u00edodos de <b>chuvas no sul da Bahia<\/b>.<\/p>\n<p>Funciona assim: escolhemos duas bacias hidrogr\u00e1ficas vizinhas e semelhantes. Uma, coberta por mata nativa, serve como refer\u00eancia. A outra recebe nosso manejo florestal. Ambas s\u00e3o equipadas com sensores que medem continuamente o volume de \u00e1gua que entra e que sai, formando os rios. Ao comparar os dados, identificamos com precis\u00e3o o efeito do nosso manejo na disponibilidade de \u00e1gua, mostrando como uma gest\u00e3o florestal respons\u00e1vel pode ajudar a regular o fluxo dos rios e a otimizar o aproveitamento das<b> chuvas.<\/b><\/p>\n<h2>Mais de 20 anos de pesquisa sobre as chuvas no sul da Bahia<\/h2>\n<p>Nosso compromisso com a \u00e1gua \u00e9 de longa data. H\u00e1 mais de 20 anos, monitoramos microbacias para entender como diferentes regimes de <b>chuvas no sul da Bahia<\/b> influenciam o comportamento dos nossos plantios. Posicionamos nossos estudos em dois cen\u00e1rios: um mais \u00famido, pr\u00f3ximo ao litoral, e outro mais seco, no interior. Isso nos permite desenvolver um manejo adaptado \u00e0s diversas realidades das <b>chuvas<\/b>, garantindo a sustentabilidade h\u00eddrica em toda a nossa \u00e1rea de atua\u00e7\u00e3o.<\/p>\n<h2>Manejo inteligente: rios saud\u00e1veis, mesmo com a varia\u00e7\u00e3o das chuvas<\/h2>\n<p>Um dos resultados mais importantes do nosso monitoramento veio ap\u00f3s uma decis\u00e3o estrat\u00e9gica: em uma de nossas \u00e1reas de estudo, <b>reduzimos o plantio de eucalipto de 70% para 42%<\/b>, aumentando a \u00e1rea de vegeta\u00e7\u00e3o nativa. O que isso significou para a \u00e1gua, considerando o ciclo das <b>chuvas?<\/b><\/p>\n<p>Os dados mostraram que, mesmo em per\u00edodos com menos chuva, a quantidade de \u00e1gua que a bacia forneceu ao rio permaneceu est\u00e1vel. Isso prova que o equil\u00edbrio entre \u00e1reas produtivas e de conserva\u00e7\u00e3o cria uma paisagem mais resiliente e capaz de regular o fluxo h\u00eddrico, um fator crucial diante da variabilidade h\u00eddrica.<\/p>\n<h2>Crescer com responsabilidade: nosso compromisso com o futuro<\/h2>\n<p>O monitoramento cont\u00ednuo dessas microbacias permanece essencial, especialmente porque permitir\u00e1 avaliar, ao longo dos anos, como a composi\u00e7\u00e3o da vegeta\u00e7\u00e3o nativa e florestal influencia o regime h\u00eddrico e a resili\u00eancia ambiental. Trata-se de um investimento estrat\u00e9gico, que fortalece o conhecimento t\u00e9cnico e oferece base s\u00f3lida para a gest\u00e3o sustent\u00e1vel das florestas plantadas na Veracel.<\/p>\n<p>Ao cuidar das florestas, estamos cuidando da \u00e1gua. Esse \u00e9 o nosso jeito de fazer bioeconomia, gerando valor para a sociedade e garantindo um futuro mais sustent\u00e1vel para todos.<\/p>\n<p><b>Leia tamb\u00e9m:<\/b><\/p>\n<p><b>Veracel atinge seu menor \u00edndice de uso de \u00e1gua para a fabrica\u00e7\u00e3o de celulose<\/b><\/p>\n<p><a href=\"https:\/\/www.veracel.com.br\/veracel-atinge-seu-menor-indice-de-uso-de-agua-para-a-fabricacao-de-celulose\/\">https:\/\/www.veracel.com.br\/veracel-atinge-seu-menor-indice-de-uso-de-agua-para-a-fabricacao-de-celulose\/<\/a><\/p>\n<p><b>Monitoramento de bacias hidrogr\u00e1ficas feito pela Veracel alia prote\u00e7\u00e3o do meio ambiente e efici\u00eancia<\/b><\/p>\n<p><a href=\"https:\/\/www.veracel.com.br\/monitoramento-de-bacias-hidrograficas-feito-pela-veracel-alia-protecao-do-meio-ambiente-e-eficiencia\/\">https:\/\/www.veracel.com.br\/monitoramento-de-bacias-hidrograficas-feito-pela-veracel-alia-protecao-do-meio-ambiente-e-eficiencia\/<\/a><\/p>\n","protected":false},"excerpt":{"rendered":"<p>As chuvas no sul da Bahia s\u00e3o um tema de grande import\u00e2ncia, moldando a paisagem, a vida e a economia do nosso estado. Em um mundo onde a gest\u00e3o da \u00e1gua \u00e9 um desafio crescente, garantir que os recursos h\u00eddricos sejam preservados durante e ap\u00f3s os per\u00edodos de chuvas \u00e9 mais do que uma responsabilidade [&hellip;]<\/p>\n","protected":false},"author":2,"featured_media":29246,"comment_status":"closed","ping_status":"closed","sticky":false,"template":"","format":"standard","meta":{"_acf_changed":false,"footnotes":"","_links_to":"","_links_to_target":""},"categories":[332],"tags":[],"class_list":["post-42606","post","type-post","status-publish","format-standard","has-post-thumbnail","hentry","category-sustentabilidade-veracel"],"acf":[],"yoast_head":"<!-- This site is optimized with the Yoast SEO Premium plugin v26.7 (Yoast SEO v27.4) - https:\/\/yoast.com\/product\/yoast-seo-premium-wordpress\/ -->\n<title>Chuvas no sul da Bahia: monitoramento de microbacias na Veracel - Veracel Celulose<\/title>\n<meta name=\"description\" content=\"Entenda como o monitoramento constante das chuvas e das microbacias pela Veracel, permite uma gest\u00e3o sustent\u00e1vel das florestas plantadas.\" \/>\n<meta name=\"robots\" content=\"index, follow, max-snippet:-1, max-image-preview:large, max-video-preview:-1\" \/>\n<link rel=\"canonical\" href=\"https:\/\/www.veracel.com.br\/chuvas-no-sul-da-bahia-monitoramento-de-microbacias-na-veracel\/\" \/>\n<meta property=\"og:locale\" content=\"en_US\" \/>\n<meta property=\"og:type\" content=\"article\" \/>\n<meta property=\"og:title\" content=\"Chuvas no sul da Bahia: monitoramento de microbacias na Veracel\" \/>\n<meta property=\"og:description\" content=\"Entenda como o monitoramento constante das chuvas e das microbacias pela Veracel, permite uma gest\u00e3o sustent\u00e1vel das florestas plantadas.\" \/>\n<meta property=\"og:url\" content=\"https:\/\/www.veracel.com.br\/chuvas-no-sul-da-bahia-monitoramento-de-microbacias-na-veracel\/\" \/>\n<meta property=\"og:site_name\" content=\"Veracel Celulose\" \/>\n<meta property=\"article:published_time\" content=\"2025-12-11T00:05:17+00:00\" \/>\n<meta property=\"article:modified_time\" content=\"2025-12-11T00:07:08+00:00\" \/>\n<meta property=\"og:image\" content=\"https:\/\/www.veracel.com.br\/wp-content\/uploads\/2023\/03\/monitoramento-bacias-hidrograficas-veracel-celulose.jpg\" \/>\n\t<meta property=\"og:image:width\" content=\"1200\" \/>\n\t<meta property=\"og:image:height\" content=\"800\" \/>\n\t<meta property=\"og:image:type\" content=\"image\/jpeg\" \/>\n<meta name=\"author\" content=\"saulo\" \/>\n<meta name=\"twitter:card\" content=\"summary_large_image\" \/>\n<meta name=\"twitter:label1\" content=\"Written by\" \/>\n\t<meta name=\"twitter:data1\" content=\"saulo\" \/>\n\t<meta name=\"twitter:label2\" content=\"Est. reading time\" \/>\n\t<meta name=\"twitter:data2\" content=\"4 minutes\" \/>\n<script type=\"application\/ld+json\" class=\"yoast-schema-graph\">{\"@context\":\"https:\\\/\\\/schema.org\",\"@graph\":[{\"@type\":\"WebPage\",\"@id\":\"https:\\\/\\\/www.veracel.com.br\\\/chuvas-no-sul-da-bahia-monitoramento-de-microbacias-na-veracel\\\/\",\"url\":\"https:\\\/\\\/www.veracel.com.br\\\/chuvas-no-sul-da-bahia-monitoramento-de-microbacias-na-veracel\\\/\",\"name\":\"Chuvas no sul da Bahia: monitoramento de microbacias na Veracel - Veracel Celulose\",\"isPartOf\":{\"@id\":\"https:\\\/\\\/www.veracel.com.br\\\/#website\"},\"primaryImageOfPage\":{\"@id\":\"https:\\\/\\\/www.veracel.com.br\\\/chuvas-no-sul-da-bahia-monitoramento-de-microbacias-na-veracel\\\/#primaryimage\"},\"image\":{\"@id\":\"https:\\\/\\\/www.veracel.com.br\\\/chuvas-no-sul-da-bahia-monitoramento-de-microbacias-na-veracel\\\/#primaryimage\"},\"thumbnailUrl\":\"https:\\\/\\\/www.veracel.com.br\\\/wp-content\\\/uploads\\\/2023\\\/03\\\/monitoramento-bacias-hidrograficas-veracel-celulose.jpg\",\"datePublished\":\"2025-12-11T00:05:17+00:00\",\"dateModified\":\"2025-12-11T00:07:08+00:00\",\"description\":\"Entenda como o monitoramento constante das chuvas e das microbacias pela Veracel, permite uma gest\u00e3o sustent\u00e1vel das florestas plantadas.\",\"breadcrumb\":{\"@id\":\"https:\\\/\\\/www.veracel.com.br\\\/chuvas-no-sul-da-bahia-monitoramento-de-microbacias-na-veracel\\\/#breadcrumb\"},\"inLanguage\":\"en-US\",\"potentialAction\":[{\"@type\":\"ReadAction\",\"target\":[\"https:\\\/\\\/www.veracel.com.br\\\/chuvas-no-sul-da-bahia-monitoramento-de-microbacias-na-veracel\\\/\"]}]},{\"@type\":\"ImageObject\",\"inLanguage\":\"en-US\",\"@id\":\"https:\\\/\\\/www.veracel.com.br\\\/chuvas-no-sul-da-bahia-monitoramento-de-microbacias-na-veracel\\\/#primaryimage\",\"url\":\"https:\\\/\\\/www.veracel.com.br\\\/wp-content\\\/uploads\\\/2023\\\/03\\\/monitoramento-bacias-hidrograficas-veracel-celulose.jpg\",\"contentUrl\":\"https:\\\/\\\/www.veracel.com.br\\\/wp-content\\\/uploads\\\/2023\\\/03\\\/monitoramento-bacias-hidrograficas-veracel-celulose.jpg\",\"width\":1200,\"height\":800,\"caption\":\"Monitoramento de Bacias Hidrogr\u00e1ficas\"},{\"@type\":\"BreadcrumbList\",\"@id\":\"https:\\\/\\\/www.veracel.com.br\\\/chuvas-no-sul-da-bahia-monitoramento-de-microbacias-na-veracel\\\/#breadcrumb\",\"itemListElement\":[{\"@type\":\"ListItem\",\"position\":1,\"name\":\"Home\",\"item\":\"https:\\\/\\\/www.veracel.com.br\\\/\"},{\"@type\":\"ListItem\",\"position\":2,\"name\":\"Sustentabilidade na Veracel\",\"item\":\"https:\\\/\\\/www.veracel.com.br\\\/sustentabilidade-na-veracel\\\/\"},{\"@type\":\"ListItem\",\"position\":3,\"name\":\"Chuvas no sul da Bahia: monitoramento de microbacias na Veracel\"}]},{\"@type\":\"WebSite\",\"@id\":\"https:\\\/\\\/www.veracel.com.br\\\/#website\",\"url\":\"https:\\\/\\\/www.veracel.com.br\\\/\",\"name\":\"Veracel Celulose\",\"description\":\"Quando crescemos juntos vamos muito mais longe\",\"publisher\":{\"@id\":\"https:\\\/\\\/www.veracel.com.br\\\/#organization\"},\"potentialAction\":[{\"@type\":\"SearchAction\",\"target\":{\"@type\":\"EntryPoint\",\"urlTemplate\":\"https:\\\/\\\/www.veracel.com.br\\\/?s={search_term_string}\"},\"query-input\":{\"@type\":\"PropertyValueSpecification\",\"valueRequired\":true,\"valueName\":\"search_term_string\"}}],\"inLanguage\":\"en-US\"},{\"@type\":\"Organization\",\"@id\":\"https:\\\/\\\/www.veracel.com.br\\\/#organization\",\"name\":\"Veracel Celulose\",\"url\":\"https:\\\/\\\/www.veracel.com.br\\\/\",\"logo\":{\"@type\":\"ImageObject\",\"inLanguage\":\"en-US\",\"@id\":\"https:\\\/\\\/www.veracel.com.br\\\/#\\\/schema\\\/logo\\\/image\\\/\",\"url\":\"https:\\\/\\\/www.veracel.com.br\\\/wp-content\\\/uploads\\\/2024\\\/08\\\/Ativo-1.png\",\"contentUrl\":\"https:\\\/\\\/www.veracel.com.br\\\/wp-content\\\/uploads\\\/2024\\\/08\\\/Ativo-1.png\",\"width\":400,\"height\":121,\"caption\":\"Veracel Celulose\"},\"image\":{\"@id\":\"https:\\\/\\\/www.veracel.com.br\\\/#\\\/schema\\\/logo\\\/image\\\/\"},\"sameAs\":[\"https:\\\/\\\/www.instagram.com\\\/veracelcelulose\",\"https:\\\/\\\/www.linkedin.com\\\/company\\\/veracelcelulose\\\/\",\"https:\\\/\\\/www.youtube.com\\\/user\\\/CanalVeracel\"]}]}<\/script>\n<!-- \/ Yoast SEO Premium plugin. -->","yoast_head_json":{"title":"Chuvas no sul da Bahia: monitoramento de microbacias na Veracel - Veracel Celulose","description":"Entenda como o monitoramento constante das chuvas e das microbacias pela Veracel, permite uma gest\u00e3o sustent\u00e1vel das florestas plantadas.","robots":{"index":"index","follow":"follow","max-snippet":"max-snippet:-1","max-image-preview":"max-image-preview:large","max-video-preview":"max-video-preview:-1"},"canonical":"https:\/\/www.veracel.com.br\/chuvas-no-sul-da-bahia-monitoramento-de-microbacias-na-veracel\/","og_locale":"en_US","og_type":"article","og_title":"Chuvas no sul da Bahia: monitoramento de microbacias na Veracel","og_description":"Entenda como o monitoramento constante das chuvas e das microbacias pela Veracel, permite uma gest\u00e3o sustent\u00e1vel das florestas plantadas.","og_url":"https:\/\/www.veracel.com.br\/chuvas-no-sul-da-bahia-monitoramento-de-microbacias-na-veracel\/","og_site_name":"Veracel Celulose","article_published_time":"2025-12-11T00:05:17+00:00","article_modified_time":"2025-12-11T00:07:08+00:00","og_image":[{"width":1200,"height":800,"url":"https:\/\/www.veracel.com.br\/wp-content\/uploads\/2023\/03\/monitoramento-bacias-hidrograficas-veracel-celulose.jpg","type":"image\/jpeg"}],"author":"saulo","twitter_card":"summary_large_image","twitter_misc":{"Written by":"saulo","Est. reading time":"4 minutes"},"schema":{"@context":"https:\/\/schema.org","@graph":[{"@type":"WebPage","@id":"https:\/\/www.veracel.com.br\/chuvas-no-sul-da-bahia-monitoramento-de-microbacias-na-veracel\/","url":"https:\/\/www.veracel.com.br\/chuvas-no-sul-da-bahia-monitoramento-de-microbacias-na-veracel\/","name":"Chuvas no sul da Bahia: monitoramento de microbacias na Veracel - Veracel Celulose","isPartOf":{"@id":"https:\/\/www.veracel.com.br\/#website"},"primaryImageOfPage":{"@id":"https:\/\/www.veracel.com.br\/chuvas-no-sul-da-bahia-monitoramento-de-microbacias-na-veracel\/#primaryimage"},"image":{"@id":"https:\/\/www.veracel.com.br\/chuvas-no-sul-da-bahia-monitoramento-de-microbacias-na-veracel\/#primaryimage"},"thumbnailUrl":"https:\/\/www.veracel.com.br\/wp-content\/uploads\/2023\/03\/monitoramento-bacias-hidrograficas-veracel-celulose.jpg","datePublished":"2025-12-11T00:05:17+00:00","dateModified":"2025-12-11T00:07:08+00:00","description":"Entenda como o monitoramento constante das chuvas e das microbacias pela Veracel, permite uma gest\u00e3o sustent\u00e1vel das florestas plantadas.","breadcrumb":{"@id":"https:\/\/www.veracel.com.br\/chuvas-no-sul-da-bahia-monitoramento-de-microbacias-na-veracel\/#breadcrumb"},"inLanguage":"en-US","potentialAction":[{"@type":"ReadAction","target":["https:\/\/www.veracel.com.br\/chuvas-no-sul-da-bahia-monitoramento-de-microbacias-na-veracel\/"]}]},{"@type":"ImageObject","inLanguage":"en-US","@id":"https:\/\/www.veracel.com.br\/chuvas-no-sul-da-bahia-monitoramento-de-microbacias-na-veracel\/#primaryimage","url":"https:\/\/www.veracel.com.br\/wp-content\/uploads\/2023\/03\/monitoramento-bacias-hidrograficas-veracel-celulose.jpg","contentUrl":"https:\/\/www.veracel.com.br\/wp-content\/uploads\/2023\/03\/monitoramento-bacias-hidrograficas-veracel-celulose.jpg","width":1200,"height":800,"caption":"Monitoramento de Bacias Hidrogr\u00e1ficas"},{"@type":"BreadcrumbList","@id":"https:\/\/www.veracel.com.br\/chuvas-no-sul-da-bahia-monitoramento-de-microbacias-na-veracel\/#breadcrumb","itemListElement":[{"@type":"ListItem","position":1,"name":"Home","item":"https:\/\/www.veracel.com.br\/"},{"@type":"ListItem","position":2,"name":"Sustentabilidade na Veracel","item":"https:\/\/www.veracel.com.br\/sustentabilidade-na-veracel\/"},{"@type":"ListItem","position":3,"name":"Chuvas no sul da Bahia: monitoramento de microbacias na Veracel"}]},{"@type":"WebSite","@id":"https:\/\/www.veracel.com.br\/#website","url":"https:\/\/www.veracel.com.br\/","name":"Veracel Celulose","description":"Quando crescemos juntos vamos muito mais longe","publisher":{"@id":"https:\/\/www.veracel.com.br\/#organization"},"potentialAction":[{"@type":"SearchAction","target":{"@type":"EntryPoint","urlTemplate":"https:\/\/www.veracel.com.br\/?s={search_term_string}"},"query-input":{"@type":"PropertyValueSpecification","valueRequired":true,"valueName":"search_term_string"}}],"inLanguage":"en-US"},{"@type":"Organization","@id":"https:\/\/www.veracel.com.br\/#organization","name":"Veracel Celulose","url":"https:\/\/www.veracel.com.br\/","logo":{"@type":"ImageObject","inLanguage":"en-US","@id":"https:\/\/www.veracel.com.br\/#\/schema\/logo\/image\/","url":"https:\/\/www.veracel.com.br\/wp-content\/uploads\/2024\/08\/Ativo-1.png","contentUrl":"https:\/\/www.veracel.com.br\/wp-content\/uploads\/2024\/08\/Ativo-1.png","width":400,"height":121,"caption":"Veracel Celulose"},"image":{"@id":"https:\/\/www.veracel.com.br\/#\/schema\/logo\/image\/"},"sameAs":["https:\/\/www.instagram.com\/veracelcelulose","https:\/\/www.linkedin.com\/company\/veracelcelulose\/","https:\/\/www.youtube.com\/user\/CanalVeracel"]}]}},"_links":{"self":[{"href":"https:\/\/www.veracel.com.br\/en\/wp-json\/wp\/v2\/posts\/42606","targetHints":{"allow":["GET"]}}],"collection":[{"href":"https:\/\/www.veracel.com.br\/en\/wp-json\/wp\/v2\/posts"}],"about":[{"href":"https:\/\/www.veracel.com.br\/en\/wp-json\/wp\/v2\/types\/post"}],"author":[{"embeddable":true,"href":"https:\/\/www.veracel.com.br\/en\/wp-json\/wp\/v2\/users\/2"}],"replies":[{"embeddable":true,"href":"https:\/\/www.veracel.com.br\/en\/wp-json\/wp\/v2\/comments?post=42606"}],"version-history":[{"count":3,"href":"https:\/\/www.veracel.com.br\/en\/wp-json\/wp\/v2\/posts\/42606\/revisions"}],"predecessor-version":[{"id":42609,"href":"https:\/\/www.veracel.com.br\/en\/wp-json\/wp\/v2\/posts\/42606\/revisions\/42609"}],"wp:featuredmedia":[{"embeddable":true,"href":"https:\/\/www.veracel.com.br\/en\/wp-json\/wp\/v2\/media\/29246"}],"wp:attachment":[{"href":"https:\/\/www.veracel.com.br\/en\/wp-json\/wp\/v2\/media?parent=42606"}],"wp:term":[{"taxonomy":"category","embeddable":true,"href":"https:\/\/www.veracel.com.br\/en\/wp-json\/wp\/v2\/categories?post=42606"},{"taxonomy":"post_tag","embeddable":true,"href":"https:\/\/www.veracel.com.br\/en\/wp-json\/wp\/v2\/tags?post=42606"}],"curies":[{"name":"wp","href":"https:\/\/api.w.org\/{rel}","templated":true}]}}