{"id":42612,"date":"2025-12-12T15:04:36","date_gmt":"2025-12-12T18:04:36","guid":{"rendered":"https:\/\/www.veracel.com.br\/?p=42612"},"modified":"2025-12-17T08:31:06","modified_gmt":"2025-12-17T11:31:06","slug":"veracel-abre-o-seu-primeiro-edital-com-foco-em-acoes-de-responsabilidade-socioambiental","status":"publish","type":"post","link":"https:\/\/www.veracel.com.br\/en\/veracel-abre-o-seu-primeiro-edital-com-foco-em-acoes-de-responsabilidade-socioambiental\/","title":{"rendered":"Veracel abre o seu primeiro edital com foco em a\u00e7\u00f5es de responsabilidade socioambiental"},"content":{"rendered":"<p><em>Iniciativa ir\u00e1 selecionar at\u00e9 tr\u00eas projetos voltados ao fomento da literatura infantil. As iniciativas escolhidas receber\u00e3o um apoio financeiro de R$20 mil reais<\/em><\/p>\n<p>&nbsp;<\/p>\n<p>A Veracel Celulose anuncia o lan\u00e7amento de seu <strong>1\u00ba Edital de Responsabilidade Socioambiental<\/strong>, iniciativa in\u00e9dita voltada ao fomento da literatura infantil em 11 munic\u00edpios da Costa do Descobrimento, no sul da Bahia. O edital convida escritores, ilustradores, editoras, institui\u00e7\u00f5es educacionais, bibliotecas comunit\u00e1rias, coletivos culturais e demais agentes da cadeia do livro a inscreverem projetos que estimulem a cria\u00e7\u00e3o, distribui\u00e7\u00e3o e acesso \u00e0 literatura voltada ao p\u00fablico infantil.<\/p>\n<p>Nesta primeira edi\u00e7\u00e3o, tr\u00eas projetos ser\u00e3o selecionados, cada um com apoio financeiro de R$ 20 mil. O investimento total previsto \u00e9 de R$ 60 mil para 2026. As iniciativas devem ser executadas em um ou mais dos munic\u00edpios de atua\u00e7\u00e3o da empresa: Belmonte, Canavieiras, Eun\u00e1polis, Guaratinga, Itabela, Itagimirim, Itapebi, Mascote, Porto Seguro, Potiragu\u00e1 e Santa Cruz Cabr\u00e1lia.<\/p>\n<blockquote><p>\u201cA abertura do edital reafirma o nosso compromisso com o desenvolvimento territorial e com a promo\u00e7\u00e3o da leitura como ferramenta de inclus\u00e3o, diversidade, educa\u00e7\u00e3o e valoriza\u00e7\u00e3o da identidade regional\u201d, explica Izabel Bianchi, Coordenadora de Responsabilidade Social da Veracel. A iniciativa integra o eixo Educa\u00e7\u00e3o da estrat\u00e9gia de Investimento Social da empresa, que abrange a\u00e7\u00f5es formativas, culturais e de incentivo \u00e0 leitura para crian\u00e7as e jovens.<\/p><\/blockquote>\n<p>Os projetos podem ser inscritos em quatro categorias. Cria\u00e7\u00e3o e publica\u00e7\u00e3o de livros infantis, com foco em identidade local, diversidade, inclus\u00e3o e temas socioambientais; Media\u00e7\u00e3o e incentivo \u00e0 leitura, como conta\u00e7\u00e3o de hist\u00f3rias, rodas de leitura, clubes do livro e a\u00e7\u00f5es liter\u00e1rias; Forma\u00e7\u00e3o de mediadores e educadores e Infraestrutura para acesso \u00e0 leitura, incluindo bibliotecas comunit\u00e1rias e salas de leitura.<\/p>\n<p>O processo \u00e9 aberto para as inscri\u00e7\u00f5es de escritores e ilustradores baianos ou residentes na Bahia; editoras; coletivos liter\u00e1rios; bibliotecas comunit\u00e1rias; organiza\u00e7\u00f5es sociais; escolas e institui\u00e7\u00f5es de ensino. Cada proponente pode enviar at\u00e9 tr\u00eas projetos, mas apenas um poder\u00e1 ser selecionado.<\/p>\n<p>&nbsp;<\/p>\n<h2>Documentos para inscri\u00e7\u00e3o:<\/h2>\n<p><a href=\"https:\/\/www.veracel.com.br\/wp-content\/uploads\/2025\/12\/1o-Edital-de-Responsabilidade-Socioambiental-Veracel.pdf\" target=\"_blank\" rel=\"noopener\"><strong>1\u00ba Edital de Responsabilidade Socioambiental Veracel<\/strong><\/a><\/p>\n<p><a href=\"https:\/\/www.veracel.com.br\/wp-content\/uploads\/2025\/12\/Veracel-Caderno-de-Conformidade-1o-Edital-v.final_.pdf\" target=\"_blank\" rel=\"noopener\"><strong>Caderno de Conformidade<\/strong><\/a><\/p>\n<p><a href=\"https:\/\/www.veracel.com.br\/wp-content\/uploads\/2025\/12\/Veracel-Formulario-de-apresentacao-do-Relatorio-Final-1o-Edital-v.final_.pdf\" target=\"_blank\" rel=\"noopener\"><strong>Formul\u00e1rio de Apresenta\u00e7\u00e3o do Relat\u00f3rio Final<\/strong><\/a><\/p>\n<p><strong><a href=\"https:\/\/www.veracel.com.br\/wp-content\/uploads\/2025\/12\/Veracel-Formulario-de-apresentacao-de-projetos-1o-Edital-v.final_-1.pdf\" target=\"_blank\" rel=\"noopener\">Formul\u00e1rio de Apresenta\u00e7\u00e3o de Projetos<\/a><\/strong><\/p>\n<p>&nbsp;<\/p>\n<p>As inscri\u00e7\u00f5es devem ser enviadas exclusivamente para o e-mail <a href=\"mailto:edital.socioambiental@veracel.com.br\"><strong>edital.socioambiental@veracel.com.br<\/strong><\/a> at\u00e9 o dia 17\/12.<\/p>\n<p>&nbsp;<\/p>\n<p>&nbsp;<\/p>\n","protected":false},"excerpt":{"rendered":"<p>Iniciativa ir\u00e1 selecionar at\u00e9 tr\u00eas projetos voltados ao fomento da literatura infantil. As iniciativas escolhidas receber\u00e3o um apoio financeiro de R$20 mil reais &nbsp; A Veracel Celulose anuncia o lan\u00e7amento de seu 1\u00ba Edital de Responsabilidade Socioambiental, iniciativa in\u00e9dita voltada ao fomento da literatura infantil em 11 munic\u00edpios da Costa do Descobrimento, no sul da [&hellip;]<\/p>\n","protected":false},"author":2,"featured_media":0,"comment_status":"closed","ping_status":"closed","sticky":false,"template":"","format":"standard","meta":{"_acf_changed":false,"footnotes":"","_links_to":"","_links_to_target":""},"categories":[211,332],"tags":[],"class_list":["post-42612","post","type-post","status-publish","format-standard","hentry","category-noticias","category-sustentabilidade-veracel"],"acf":[],"yoast_head":"<!-- This site is optimized with the Yoast SEO Premium plugin v26.7 (Yoast SEO v27.4) - https:\/\/yoast.com\/product\/yoast-seo-premium-wordpress\/ -->\n<title>Edital Veracel: R$20 mil para Projetos de Literatura Infantil<\/title>\n<meta name=\"description\" content=\"Veracel lan\u00e7a edital para incentivar a literatura infantil. Ser\u00e3o selecionados at\u00e9 3 projetos, com apoio de R$ 20 mil cada.\" \/>\n<meta name=\"robots\" content=\"index, follow, max-snippet:-1, max-image-preview:large, max-video-preview:-1\" \/>\n<link rel=\"canonical\" href=\"https:\/\/www.veracel.com.br\/veracel-abre-o-seu-primeiro-edital-com-foco-em-acoes-de-responsabilidade-socioambiental\/\" \/>\n<meta property=\"og:locale\" content=\"en_US\" \/>\n<meta property=\"og:type\" content=\"article\" \/>\n<meta property=\"og:title\" content=\"Veracel abre o seu primeiro edital com foco em a\u00e7\u00f5es de responsabilidade socioambiental\" \/>\n<meta property=\"og:description\" content=\"Veracel lan\u00e7a edital para incentivar a literatura infantil. Ser\u00e3o selecionados at\u00e9 3 projetos, com apoio de R$ 20 mil cada.\" \/>\n<meta property=\"og:url\" content=\"https:\/\/www.veracel.com.br\/veracel-abre-o-seu-primeiro-edital-com-foco-em-acoes-de-responsabilidade-socioambiental\/\" \/>\n<meta property=\"og:site_name\" content=\"Veracel Celulose\" \/>\n<meta property=\"article:published_time\" content=\"2025-12-12T18:04:36+00:00\" \/>\n<meta property=\"article:modified_time\" content=\"2025-12-17T11:31:06+00:00\" \/>\n<meta name=\"author\" content=\"saulo\" \/>\n<meta name=\"twitter:card\" content=\"summary_large_image\" \/>\n<meta name=\"twitter:label1\" content=\"Written by\" \/>\n\t<meta name=\"twitter:data1\" content=\"saulo\" \/>\n\t<meta name=\"twitter:label2\" content=\"Est. reading time\" \/>\n\t<meta name=\"twitter:data2\" content=\"2 minutes\" \/>\n<script type=\"application\/ld+json\" class=\"yoast-schema-graph\">{\"@context\":\"https:\\\/\\\/schema.org\",\"@graph\":[{\"@type\":\"WebPage\",\"@id\":\"https:\\\/\\\/www.veracel.com.br\\\/veracel-abre-o-seu-primeiro-edital-com-foco-em-acoes-de-responsabilidade-socioambiental\\\/\",\"url\":\"https:\\\/\\\/www.veracel.com.br\\\/veracel-abre-o-seu-primeiro-edital-com-foco-em-acoes-de-responsabilidade-socioambiental\\\/\",\"name\":\"Edital Veracel: R$20 mil para Projetos de Literatura Infantil\",\"isPartOf\":{\"@id\":\"https:\\\/\\\/www.veracel.com.br\\\/#website\"},\"datePublished\":\"2025-12-12T18:04:36+00:00\",\"dateModified\":\"2025-12-17T11:31:06+00:00\",\"description\":\"Veracel lan\u00e7a edital para incentivar a literatura infantil. Ser\u00e3o selecionados at\u00e9 3 projetos, com apoio de R$ 20 mil cada.\",\"breadcrumb\":{\"@id\":\"https:\\\/\\\/www.veracel.com.br\\\/veracel-abre-o-seu-primeiro-edital-com-foco-em-acoes-de-responsabilidade-socioambiental\\\/#breadcrumb\"},\"inLanguage\":\"en-US\",\"potentialAction\":[{\"@type\":\"ReadAction\",\"target\":[\"https:\\\/\\\/www.veracel.com.br\\\/veracel-abre-o-seu-primeiro-edital-com-foco-em-acoes-de-responsabilidade-socioambiental\\\/\"]}]},{\"@type\":\"BreadcrumbList\",\"@id\":\"https:\\\/\\\/www.veracel.com.br\\\/veracel-abre-o-seu-primeiro-edital-com-foco-em-acoes-de-responsabilidade-socioambiental\\\/#breadcrumb\",\"itemListElement\":[{\"@type\":\"ListItem\",\"position\":1,\"name\":\"Home\",\"item\":\"https:\\\/\\\/www.veracel.com.br\\\/\"},{\"@type\":\"ListItem\",\"position\":2,\"name\":\"Not\u00edcias\",\"item\":\"https:\\\/\\\/www.veracel.com.br\\\/noticias\\\/\"},{\"@type\":\"ListItem\",\"position\":3,\"name\":\"Veracel abre o seu primeiro edital com foco em a\u00e7\u00f5es de responsabilidade socioambiental\"}]},{\"@type\":\"WebSite\",\"@id\":\"https:\\\/\\\/www.veracel.com.br\\\/#website\",\"url\":\"https:\\\/\\\/www.veracel.com.br\\\/\",\"name\":\"Veracel Celulose\",\"description\":\"Quando crescemos juntos vamos muito mais longe\",\"publisher\":{\"@id\":\"https:\\\/\\\/www.veracel.com.br\\\/#organization\"},\"potentialAction\":[{\"@type\":\"SearchAction\",\"target\":{\"@type\":\"EntryPoint\",\"urlTemplate\":\"https:\\\/\\\/www.veracel.com.br\\\/?s={search_term_string}\"},\"query-input\":{\"@type\":\"PropertyValueSpecification\",\"valueRequired\":true,\"valueName\":\"search_term_string\"}}],\"inLanguage\":\"en-US\"},{\"@type\":\"Organization\",\"@id\":\"https:\\\/\\\/www.veracel.com.br\\\/#organization\",\"name\":\"Veracel Celulose\",\"url\":\"https:\\\/\\\/www.veracel.com.br\\\/\",\"logo\":{\"@type\":\"ImageObject\",\"inLanguage\":\"en-US\",\"@id\":\"https:\\\/\\\/www.veracel.com.br\\\/#\\\/schema\\\/logo\\\/image\\\/\",\"url\":\"https:\\\/\\\/www.veracel.com.br\\\/wp-content\\\/uploads\\\/2024\\\/08\\\/Ativo-1.png\",\"contentUrl\":\"https:\\\/\\\/www.veracel.com.br\\\/wp-content\\\/uploads\\\/2024\\\/08\\\/Ativo-1.png\",\"width\":400,\"height\":121,\"caption\":\"Veracel Celulose\"},\"image\":{\"@id\":\"https:\\\/\\\/www.veracel.com.br\\\/#\\\/schema\\\/logo\\\/image\\\/\"},\"sameAs\":[\"https:\\\/\\\/www.instagram.com\\\/veracelcelulose\",\"https:\\\/\\\/www.linkedin.com\\\/company\\\/veracelcelulose\\\/\",\"https:\\\/\\\/www.youtube.com\\\/user\\\/CanalVeracel\"]}]}<\/script>\n<!-- \/ Yoast SEO Premium plugin. -->","yoast_head_json":{"title":"Edital Veracel: R$20 mil para Projetos de Literatura Infantil","description":"Veracel lan\u00e7a edital para incentivar a literatura infantil. Ser\u00e3o selecionados at\u00e9 3 projetos, com apoio de R$ 20 mil cada.","robots":{"index":"index","follow":"follow","max-snippet":"max-snippet:-1","max-image-preview":"max-image-preview:large","max-video-preview":"max-video-preview:-1"},"canonical":"https:\/\/www.veracel.com.br\/veracel-abre-o-seu-primeiro-edital-com-foco-em-acoes-de-responsabilidade-socioambiental\/","og_locale":"en_US","og_type":"article","og_title":"Veracel abre o seu primeiro edital com foco em a\u00e7\u00f5es de responsabilidade socioambiental","og_description":"Veracel lan\u00e7a edital para incentivar a literatura infantil. Ser\u00e3o selecionados at\u00e9 3 projetos, com apoio de R$ 20 mil cada.","og_url":"https:\/\/www.veracel.com.br\/veracel-abre-o-seu-primeiro-edital-com-foco-em-acoes-de-responsabilidade-socioambiental\/","og_site_name":"Veracel Celulose","article_published_time":"2025-12-12T18:04:36+00:00","article_modified_time":"2025-12-17T11:31:06+00:00","author":"saulo","twitter_card":"summary_large_image","twitter_misc":{"Written by":"saulo","Est. reading time":"2 minutes"},"schema":{"@context":"https:\/\/schema.org","@graph":[{"@type":"WebPage","@id":"https:\/\/www.veracel.com.br\/veracel-abre-o-seu-primeiro-edital-com-foco-em-acoes-de-responsabilidade-socioambiental\/","url":"https:\/\/www.veracel.com.br\/veracel-abre-o-seu-primeiro-edital-com-foco-em-acoes-de-responsabilidade-socioambiental\/","name":"Edital Veracel: R$20 mil para Projetos de Literatura Infantil","isPartOf":{"@id":"https:\/\/www.veracel.com.br\/#website"},"datePublished":"2025-12-12T18:04:36+00:00","dateModified":"2025-12-17T11:31:06+00:00","description":"Veracel lan\u00e7a edital para incentivar a literatura infantil. Ser\u00e3o selecionados at\u00e9 3 projetos, com apoio de R$ 20 mil cada.","breadcrumb":{"@id":"https:\/\/www.veracel.com.br\/veracel-abre-o-seu-primeiro-edital-com-foco-em-acoes-de-responsabilidade-socioambiental\/#breadcrumb"},"inLanguage":"en-US","potentialAction":[{"@type":"ReadAction","target":["https:\/\/www.veracel.com.br\/veracel-abre-o-seu-primeiro-edital-com-foco-em-acoes-de-responsabilidade-socioambiental\/"]}]},{"@type":"BreadcrumbList","@id":"https:\/\/www.veracel.com.br\/veracel-abre-o-seu-primeiro-edital-com-foco-em-acoes-de-responsabilidade-socioambiental\/#breadcrumb","itemListElement":[{"@type":"ListItem","position":1,"name":"Home","item":"https:\/\/www.veracel.com.br\/"},{"@type":"ListItem","position":2,"name":"Not\u00edcias","item":"https:\/\/www.veracel.com.br\/noticias\/"},{"@type":"ListItem","position":3,"name":"Veracel abre o seu primeiro edital com foco em a\u00e7\u00f5es de responsabilidade socioambiental"}]},{"@type":"WebSite","@id":"https:\/\/www.veracel.com.br\/#website","url":"https:\/\/www.veracel.com.br\/","name":"Veracel Celulose","description":"Quando crescemos juntos vamos muito mais longe","publisher":{"@id":"https:\/\/www.veracel.com.br\/#organization"},"potentialAction":[{"@type":"SearchAction","target":{"@type":"EntryPoint","urlTemplate":"https:\/\/www.veracel.com.br\/?s={search_term_string}"},"query-input":{"@type":"PropertyValueSpecification","valueRequired":true,"valueName":"search_term_string"}}],"inLanguage":"en-US"},{"@type":"Organization","@id":"https:\/\/www.veracel.com.br\/#organization","name":"Veracel Celulose","url":"https:\/\/www.veracel.com.br\/","logo":{"@type":"ImageObject","inLanguage":"en-US","@id":"https:\/\/www.veracel.com.br\/#\/schema\/logo\/image\/","url":"https:\/\/www.veracel.com.br\/wp-content\/uploads\/2024\/08\/Ativo-1.png","contentUrl":"https:\/\/www.veracel.com.br\/wp-content\/uploads\/2024\/08\/Ativo-1.png","width":400,"height":121,"caption":"Veracel Celulose"},"image":{"@id":"https:\/\/www.veracel.com.br\/#\/schema\/logo\/image\/"},"sameAs":["https:\/\/www.instagram.com\/veracelcelulose","https:\/\/www.linkedin.com\/company\/veracelcelulose\/","https:\/\/www.youtube.com\/user\/CanalVeracel"]}]}},"_links":{"self":[{"href":"https:\/\/www.veracel.com.br\/en\/wp-json\/wp\/v2\/posts\/42612","targetHints":{"allow":["GET"]}}],"collection":[{"href":"https:\/\/www.veracel.com.br\/en\/wp-json\/wp\/v2\/posts"}],"about":[{"href":"https:\/\/www.veracel.com.br\/en\/wp-json\/wp\/v2\/types\/post"}],"author":[{"embeddable":true,"href":"https:\/\/www.veracel.com.br\/en\/wp-json\/wp\/v2\/users\/2"}],"replies":[{"embeddable":true,"href":"https:\/\/www.veracel.com.br\/en\/wp-json\/wp\/v2\/comments?post=42612"}],"version-history":[{"count":5,"href":"https:\/\/www.veracel.com.br\/en\/wp-json\/wp\/v2\/posts\/42612\/revisions"}],"predecessor-version":[{"id":42633,"href":"https:\/\/www.veracel.com.br\/en\/wp-json\/wp\/v2\/posts\/42612\/revisions\/42633"}],"wp:attachment":[{"href":"https:\/\/www.veracel.com.br\/en\/wp-json\/wp\/v2\/media?parent=42612"}],"wp:term":[{"taxonomy":"category","embeddable":true,"href":"https:\/\/www.veracel.com.br\/en\/wp-json\/wp\/v2\/categories?post=42612"},{"taxonomy":"post_tag","embeddable":true,"href":"https:\/\/www.veracel.com.br\/en\/wp-json\/wp\/v2\/tags?post=42612"}],"curies":[{"name":"wp","href":"https:\/\/api.w.org\/{rel}","templated":true}]}}