{"id":42711,"date":"2026-01-20T18:46:29","date_gmt":"2026-01-20T21:46:29","guid":{"rendered":"https:\/\/www.veracel.com.br\/?p=42711"},"modified":"2026-01-22T17:11:16","modified_gmt":"2026-01-22T20:11:16","slug":"parada-geral-2026-da-veracel-1-200-empregos-temporarios-e-r-85-milhoes-na-economia","status":"publish","type":"post","link":"https:\/\/www.veracel.com.br\/en\/parada-geral-2026-da-veracel-1-200-empregos-temporarios-e-r-85-milhoes-na-economia\/","title":{"rendered":"Parada Geral 2026 da Veracel: 1.200 Empregos Tempor\u00e1rios e R$ 8,5 Milh\u00f5es na Economia"},"content":{"rendered":"<p><em>A parada geral 2006 da Veracel tem in\u00edcio no dia 26 de janeiro. Ela refor\u00e7a o compromisso cont\u00ednuo da Veracel com a seguran\u00e7a operacional, a confiabilidade de seus processos industriais e a sustentabilidade do neg\u00f3cio<\/em><\/p>\n<p>&nbsp;<\/p>\n<h2>Parada Geral come\u00e7a em 26 de janeiro com foco em seguran\u00e7a e confiabilidade<\/h2>\n<p>A Parada Geral 2026 da Veracel Celulose, que ter\u00e1 in\u00edcio no dia 26 de janeiro, deve gerar um impacto positivo significativo para a economia do sul da Bahia. Durante o per\u00edodo, a empresa prev\u00ea a contrata\u00e7\u00e3o direta de aproximadamente 1.200 profissionais, com prioridade para a m\u00e3o de obra local, al\u00e9m de um investimento estimado em R$ 8,5 milh\u00f5es em servi\u00e7os de transporte, alimenta\u00e7\u00e3o e hospedagem na regi\u00e3o.<\/p>\n<p>A mobiliza\u00e7\u00e3o envolve fornecedores e prestadores de servi\u00e7o de diferentes estados do Brasil e dos munic\u00edpios do entorno da f\u00e1brica, contribuindo para o fortalecimento da cadeia local e para a gera\u00e7\u00e3o de renda em setores estrat\u00e9gicos, como industrial, hotelaria, alimenta\u00e7\u00e3o e log\u00edstica. A Parada Geral \u00e9 considerada uma das principais iniciativas industriais da Veracel com reflexos diretos na economia regional, ao estimular a circula\u00e7\u00e3o de recursos e a contrata\u00e7\u00e3o tempor\u00e1ria de trabalhadores.<\/p>\n<p>\u201cAl\u00e9m do impacto socioecon\u00f4mico, a Parada Geral integra o compromisso cont\u00ednuo da Veracel com a seguran\u00e7a operacional, a confiabilidade de seus processos industriais e a sustentabilidade do neg\u00f3cio, assegurando a estabilidade da f\u00e1brica e a efici\u00eancia de longo prazo da opera\u00e7\u00e3o\u201d, explica Fabr\u00edcio Stange, diretor industrial da Veracel.<\/p>\n<p>&nbsp;<\/p>\n<p><a href=\"https:\/\/www.veracel.com.br\/suprimentossustentavel\/\"><strong>Cadastre-se no portal de fornecedores da Veracel Celulose<\/strong><\/a><\/p>\n<p><a href=\"https:\/\/www.veracel.com.br\/sustentabilidade\/operacoes-sustentaveis\/\"><strong>Saiba mais sobre as opera\u00e7\u00f5es sustent\u00e1veis da Veracel Celulose<\/strong><\/a><\/p>\n<p>&nbsp;<\/p>\n","protected":false},"excerpt":{"rendered":"<p>A parada geral 2006 da Veracel tem in\u00edcio no dia 26 de janeiro. Ela refor\u00e7a o compromisso cont\u00ednuo da Veracel com a seguran\u00e7a operacional, a confiabilidade de seus processos industriais e a sustentabilidade do neg\u00f3cio &nbsp; Parada Geral come\u00e7a em 26 de janeiro com foco em seguran\u00e7a e confiabilidade A Parada Geral 2026 da Veracel [&hellip;]<\/p>\n","protected":false},"author":2,"featured_media":42712,"comment_status":"closed","ping_status":"closed","sticky":false,"template":"","format":"standard","meta":{"_acf_changed":false,"footnotes":"","_links_to":"","_links_to_target":""},"categories":[271,211],"tags":[],"class_list":["post-42711","post","type-post","status-publish","format-standard","has-post-thumbnail","hentry","category-a-veracel","category-noticias"],"acf":[],"yoast_head":"<!-- This site is optimized with the Yoast SEO Premium plugin v26.7 (Yoast SEO v27.4) - https:\/\/yoast.com\/product\/yoast-seo-premium-wordpress\/ -->\n<title>Parada Geral 2026 da Veracel: Entenda os objetivos dessa a\u00e7\u00e3o<\/title>\n<meta name=\"description\" content=\"A Parada Geral 2026 da Veracel come\u00e7a em 26 de janeiro e deve gerar 1.200 empregos tempor\u00e1rios, movimentando R$ 8,5 milh\u00f5es na economia.\" \/>\n<meta name=\"robots\" content=\"index, follow, max-snippet:-1, max-image-preview:large, max-video-preview:-1\" \/>\n<link rel=\"canonical\" href=\"https:\/\/www.veracel.com.br\/parada-geral-2026-da-veracel-1-200-empregos-temporarios-e-r-85-milhoes-na-economia\/\" \/>\n<meta property=\"og:locale\" content=\"en_US\" \/>\n<meta property=\"og:type\" content=\"article\" \/>\n<meta property=\"og:title\" content=\"Parada Geral 2026 da Veracel: 1.200 Empregos Tempor\u00e1rios e R$ 8,5 Milh\u00f5es na Economia\" \/>\n<meta property=\"og:description\" content=\"A Parada Geral 2026 da Veracel come\u00e7a em 26 de janeiro e deve gerar 1.200 empregos tempor\u00e1rios, movimentando R$ 8,5 milh\u00f5es na economia.\" \/>\n<meta property=\"og:url\" content=\"https:\/\/www.veracel.com.br\/parada-geral-2026-da-veracel-1-200-empregos-temporarios-e-r-85-milhoes-na-economia\/\" \/>\n<meta property=\"og:site_name\" content=\"Veracel Celulose\" \/>\n<meta property=\"article:published_time\" content=\"2026-01-20T21:46:29+00:00\" \/>\n<meta property=\"article:modified_time\" content=\"2026-01-22T20:11:16+00:00\" \/>\n<meta property=\"og:image\" content=\"https:\/\/www.veracel.com.br\/wp-content\/uploads\/2026\/01\/parada-geral-2026-veracel-celulose.jpg\" \/>\n\t<meta property=\"og:image:width\" content=\"1200\" \/>\n\t<meta property=\"og:image:height\" content=\"600\" \/>\n\t<meta property=\"og:image:type\" content=\"image\/jpeg\" \/>\n<meta name=\"author\" content=\"saulo\" \/>\n<meta name=\"twitter:card\" content=\"summary_large_image\" \/>\n<meta name=\"twitter:label1\" content=\"Written by\" \/>\n\t<meta name=\"twitter:data1\" content=\"saulo\" \/>\n\t<meta name=\"twitter:label2\" content=\"Est. reading time\" \/>\n\t<meta name=\"twitter:data2\" content=\"2 minutes\" \/>\n<script type=\"application\/ld+json\" class=\"yoast-schema-graph\">{\"@context\":\"https:\\\/\\\/schema.org\",\"@graph\":[{\"@type\":\"WebPage\",\"@id\":\"https:\\\/\\\/www.veracel.com.br\\\/parada-geral-2026-da-veracel-1-200-empregos-temporarios-e-r-85-milhoes-na-economia\\\/\",\"url\":\"https:\\\/\\\/www.veracel.com.br\\\/parada-geral-2026-da-veracel-1-200-empregos-temporarios-e-r-85-milhoes-na-economia\\\/\",\"name\":\"Parada Geral 2026 da Veracel: Entenda os objetivos dessa a\u00e7\u00e3o\",\"isPartOf\":{\"@id\":\"https:\\\/\\\/www.veracel.com.br\\\/#website\"},\"primaryImageOfPage\":{\"@id\":\"https:\\\/\\\/www.veracel.com.br\\\/parada-geral-2026-da-veracel-1-200-empregos-temporarios-e-r-85-milhoes-na-economia\\\/#primaryimage\"},\"image\":{\"@id\":\"https:\\\/\\\/www.veracel.com.br\\\/parada-geral-2026-da-veracel-1-200-empregos-temporarios-e-r-85-milhoes-na-economia\\\/#primaryimage\"},\"thumbnailUrl\":\"https:\\\/\\\/www.veracel.com.br\\\/wp-content\\\/uploads\\\/2026\\\/01\\\/parada-geral-2026-veracel-celulose.jpg\",\"datePublished\":\"2026-01-20T21:46:29+00:00\",\"dateModified\":\"2026-01-22T20:11:16+00:00\",\"description\":\"A Parada Geral 2026 da Veracel come\u00e7a em 26 de janeiro e deve gerar 1.200 empregos tempor\u00e1rios, movimentando R$ 8,5 milh\u00f5es na economia.\",\"breadcrumb\":{\"@id\":\"https:\\\/\\\/www.veracel.com.br\\\/parada-geral-2026-da-veracel-1-200-empregos-temporarios-e-r-85-milhoes-na-economia\\\/#breadcrumb\"},\"inLanguage\":\"en-US\",\"potentialAction\":[{\"@type\":\"ReadAction\",\"target\":[\"https:\\\/\\\/www.veracel.com.br\\\/parada-geral-2026-da-veracel-1-200-empregos-temporarios-e-r-85-milhoes-na-economia\\\/\"]}]},{\"@type\":\"ImageObject\",\"inLanguage\":\"en-US\",\"@id\":\"https:\\\/\\\/www.veracel.com.br\\\/parada-geral-2026-da-veracel-1-200-empregos-temporarios-e-r-85-milhoes-na-economia\\\/#primaryimage\",\"url\":\"https:\\\/\\\/www.veracel.com.br\\\/wp-content\\\/uploads\\\/2026\\\/01\\\/parada-geral-2026-veracel-celulose.jpg\",\"contentUrl\":\"https:\\\/\\\/www.veracel.com.br\\\/wp-content\\\/uploads\\\/2026\\\/01\\\/parada-geral-2026-veracel-celulose.jpg\",\"width\":1200,\"height\":600},{\"@type\":\"BreadcrumbList\",\"@id\":\"https:\\\/\\\/www.veracel.com.br\\\/parada-geral-2026-da-veracel-1-200-empregos-temporarios-e-r-85-milhoes-na-economia\\\/#breadcrumb\",\"itemListElement\":[{\"@type\":\"ListItem\",\"position\":1,\"name\":\"Home\",\"item\":\"https:\\\/\\\/www.veracel.com.br\\\/\"},{\"@type\":\"ListItem\",\"position\":2,\"name\":\"Not\u00edcias\",\"item\":\"https:\\\/\\\/www.veracel.com.br\\\/noticias\\\/\"},{\"@type\":\"ListItem\",\"position\":3,\"name\":\"Parada Geral 2026 da Veracel: 1.200 Empregos Tempor\u00e1rios e R$ 8,5 Milh\u00f5es na Economia\"}]},{\"@type\":\"WebSite\",\"@id\":\"https:\\\/\\\/www.veracel.com.br\\\/#website\",\"url\":\"https:\\\/\\\/www.veracel.com.br\\\/\",\"name\":\"Veracel Celulose\",\"description\":\"Quando crescemos juntos vamos muito mais longe\",\"publisher\":{\"@id\":\"https:\\\/\\\/www.veracel.com.br\\\/#organization\"},\"potentialAction\":[{\"@type\":\"SearchAction\",\"target\":{\"@type\":\"EntryPoint\",\"urlTemplate\":\"https:\\\/\\\/www.veracel.com.br\\\/?s={search_term_string}\"},\"query-input\":{\"@type\":\"PropertyValueSpecification\",\"valueRequired\":true,\"valueName\":\"search_term_string\"}}],\"inLanguage\":\"en-US\"},{\"@type\":\"Organization\",\"@id\":\"https:\\\/\\\/www.veracel.com.br\\\/#organization\",\"name\":\"Veracel Celulose\",\"url\":\"https:\\\/\\\/www.veracel.com.br\\\/\",\"logo\":{\"@type\":\"ImageObject\",\"inLanguage\":\"en-US\",\"@id\":\"https:\\\/\\\/www.veracel.com.br\\\/#\\\/schema\\\/logo\\\/image\\\/\",\"url\":\"https:\\\/\\\/www.veracel.com.br\\\/wp-content\\\/uploads\\\/2024\\\/08\\\/Ativo-1.png\",\"contentUrl\":\"https:\\\/\\\/www.veracel.com.br\\\/wp-content\\\/uploads\\\/2024\\\/08\\\/Ativo-1.png\",\"width\":400,\"height\":121,\"caption\":\"Veracel Celulose\"},\"image\":{\"@id\":\"https:\\\/\\\/www.veracel.com.br\\\/#\\\/schema\\\/logo\\\/image\\\/\"},\"sameAs\":[\"https:\\\/\\\/www.instagram.com\\\/veracelcelulose\",\"https:\\\/\\\/www.linkedin.com\\\/company\\\/veracelcelulose\\\/\",\"https:\\\/\\\/www.youtube.com\\\/user\\\/CanalVeracel\"]}]}<\/script>\n<!-- \/ Yoast SEO Premium plugin. -->","yoast_head_json":{"title":"Parada Geral 2026 da Veracel: Entenda os objetivos dessa a\u00e7\u00e3o","description":"A Parada Geral 2026 da Veracel come\u00e7a em 26 de janeiro e deve gerar 1.200 empregos tempor\u00e1rios, movimentando R$ 8,5 milh\u00f5es na economia.","robots":{"index":"index","follow":"follow","max-snippet":"max-snippet:-1","max-image-preview":"max-image-preview:large","max-video-preview":"max-video-preview:-1"},"canonical":"https:\/\/www.veracel.com.br\/parada-geral-2026-da-veracel-1-200-empregos-temporarios-e-r-85-milhoes-na-economia\/","og_locale":"en_US","og_type":"article","og_title":"Parada Geral 2026 da Veracel: 1.200 Empregos Tempor\u00e1rios e R$ 8,5 Milh\u00f5es na Economia","og_description":"A Parada Geral 2026 da Veracel come\u00e7a em 26 de janeiro e deve gerar 1.200 empregos tempor\u00e1rios, movimentando R$ 8,5 milh\u00f5es na economia.","og_url":"https:\/\/www.veracel.com.br\/parada-geral-2026-da-veracel-1-200-empregos-temporarios-e-r-85-milhoes-na-economia\/","og_site_name":"Veracel Celulose","article_published_time":"2026-01-20T21:46:29+00:00","article_modified_time":"2026-01-22T20:11:16+00:00","og_image":[{"width":1200,"height":600,"url":"https:\/\/www.veracel.com.br\/wp-content\/uploads\/2026\/01\/parada-geral-2026-veracel-celulose.jpg","type":"image\/jpeg"}],"author":"saulo","twitter_card":"summary_large_image","twitter_misc":{"Written by":"saulo","Est. reading time":"2 minutes"},"schema":{"@context":"https:\/\/schema.org","@graph":[{"@type":"WebPage","@id":"https:\/\/www.veracel.com.br\/parada-geral-2026-da-veracel-1-200-empregos-temporarios-e-r-85-milhoes-na-economia\/","url":"https:\/\/www.veracel.com.br\/parada-geral-2026-da-veracel-1-200-empregos-temporarios-e-r-85-milhoes-na-economia\/","name":"Parada Geral 2026 da Veracel: Entenda os objetivos dessa a\u00e7\u00e3o","isPartOf":{"@id":"https:\/\/www.veracel.com.br\/#website"},"primaryImageOfPage":{"@id":"https:\/\/www.veracel.com.br\/parada-geral-2026-da-veracel-1-200-empregos-temporarios-e-r-85-milhoes-na-economia\/#primaryimage"},"image":{"@id":"https:\/\/www.veracel.com.br\/parada-geral-2026-da-veracel-1-200-empregos-temporarios-e-r-85-milhoes-na-economia\/#primaryimage"},"thumbnailUrl":"https:\/\/www.veracel.com.br\/wp-content\/uploads\/2026\/01\/parada-geral-2026-veracel-celulose.jpg","datePublished":"2026-01-20T21:46:29+00:00","dateModified":"2026-01-22T20:11:16+00:00","description":"A Parada Geral 2026 da Veracel come\u00e7a em 26 de janeiro e deve gerar 1.200 empregos tempor\u00e1rios, movimentando R$ 8,5 milh\u00f5es na economia.","breadcrumb":{"@id":"https:\/\/www.veracel.com.br\/parada-geral-2026-da-veracel-1-200-empregos-temporarios-e-r-85-milhoes-na-economia\/#breadcrumb"},"inLanguage":"en-US","potentialAction":[{"@type":"ReadAction","target":["https:\/\/www.veracel.com.br\/parada-geral-2026-da-veracel-1-200-empregos-temporarios-e-r-85-milhoes-na-economia\/"]}]},{"@type":"ImageObject","inLanguage":"en-US","@id":"https:\/\/www.veracel.com.br\/parada-geral-2026-da-veracel-1-200-empregos-temporarios-e-r-85-milhoes-na-economia\/#primaryimage","url":"https:\/\/www.veracel.com.br\/wp-content\/uploads\/2026\/01\/parada-geral-2026-veracel-celulose.jpg","contentUrl":"https:\/\/www.veracel.com.br\/wp-content\/uploads\/2026\/01\/parada-geral-2026-veracel-celulose.jpg","width":1200,"height":600},{"@type":"BreadcrumbList","@id":"https:\/\/www.veracel.com.br\/parada-geral-2026-da-veracel-1-200-empregos-temporarios-e-r-85-milhoes-na-economia\/#breadcrumb","itemListElement":[{"@type":"ListItem","position":1,"name":"Home","item":"https:\/\/www.veracel.com.br\/"},{"@type":"ListItem","position":2,"name":"Not\u00edcias","item":"https:\/\/www.veracel.com.br\/noticias\/"},{"@type":"ListItem","position":3,"name":"Parada Geral 2026 da Veracel: 1.200 Empregos Tempor\u00e1rios e R$ 8,5 Milh\u00f5es na Economia"}]},{"@type":"WebSite","@id":"https:\/\/www.veracel.com.br\/#website","url":"https:\/\/www.veracel.com.br\/","name":"Veracel Celulose","description":"Quando crescemos juntos vamos muito mais longe","publisher":{"@id":"https:\/\/www.veracel.com.br\/#organization"},"potentialAction":[{"@type":"SearchAction","target":{"@type":"EntryPoint","urlTemplate":"https:\/\/www.veracel.com.br\/?s={search_term_string}"},"query-input":{"@type":"PropertyValueSpecification","valueRequired":true,"valueName":"search_term_string"}}],"inLanguage":"en-US"},{"@type":"Organization","@id":"https:\/\/www.veracel.com.br\/#organization","name":"Veracel Celulose","url":"https:\/\/www.veracel.com.br\/","logo":{"@type":"ImageObject","inLanguage":"en-US","@id":"https:\/\/www.veracel.com.br\/#\/schema\/logo\/image\/","url":"https:\/\/www.veracel.com.br\/wp-content\/uploads\/2024\/08\/Ativo-1.png","contentUrl":"https:\/\/www.veracel.com.br\/wp-content\/uploads\/2024\/08\/Ativo-1.png","width":400,"height":121,"caption":"Veracel Celulose"},"image":{"@id":"https:\/\/www.veracel.com.br\/#\/schema\/logo\/image\/"},"sameAs":["https:\/\/www.instagram.com\/veracelcelulose","https:\/\/www.linkedin.com\/company\/veracelcelulose\/","https:\/\/www.youtube.com\/user\/CanalVeracel"]}]}},"_links":{"self":[{"href":"https:\/\/www.veracel.com.br\/en\/wp-json\/wp\/v2\/posts\/42711","targetHints":{"allow":["GET"]}}],"collection":[{"href":"https:\/\/www.veracel.com.br\/en\/wp-json\/wp\/v2\/posts"}],"about":[{"href":"https:\/\/www.veracel.com.br\/en\/wp-json\/wp\/v2\/types\/post"}],"author":[{"embeddable":true,"href":"https:\/\/www.veracel.com.br\/en\/wp-json\/wp\/v2\/users\/2"}],"replies":[{"embeddable":true,"href":"https:\/\/www.veracel.com.br\/en\/wp-json\/wp\/v2\/comments?post=42711"}],"version-history":[{"count":5,"href":"https:\/\/www.veracel.com.br\/en\/wp-json\/wp\/v2\/posts\/42711\/revisions"}],"predecessor-version":[{"id":42729,"href":"https:\/\/www.veracel.com.br\/en\/wp-json\/wp\/v2\/posts\/42711\/revisions\/42729"}],"wp:featuredmedia":[{"embeddable":true,"href":"https:\/\/www.veracel.com.br\/en\/wp-json\/wp\/v2\/media\/42712"}],"wp:attachment":[{"href":"https:\/\/www.veracel.com.br\/en\/wp-json\/wp\/v2\/media?parent=42711"}],"wp:term":[{"taxonomy":"category","embeddable":true,"href":"https:\/\/www.veracel.com.br\/en\/wp-json\/wp\/v2\/categories?post=42711"},{"taxonomy":"post_tag","embeddable":true,"href":"https:\/\/www.veracel.com.br\/en\/wp-json\/wp\/v2\/tags?post=42711"}],"curies":[{"name":"wp","href":"https:\/\/api.w.org\/{rel}","templated":true}]}}