{"id":43057,"date":"2026-04-28T17:29:16","date_gmt":"2026-04-28T20:29:16","guid":{"rendered":"https:\/\/www.veracel.com.br\/?p=43057"},"modified":"2026-04-30T14:35:46","modified_gmt":"2026-04-30T17:35:46","slug":"veracel-reforca-cultura-de-prevencao-e-investe-em-tecnologia-durante-o-abril-verde","status":"publish","type":"post","link":"https:\/\/www.veracel.com.br\/en\/veracel-reforca-cultura-de-prevencao-e-investe-em-tecnologia-durante-o-abril-verde\/","title":{"rendered":"Veracel refor\u00e7a cultura de preven\u00e7\u00e3o e investe em tecnologia durante o Abril Verde"},"content":{"rendered":"<p><em>Companhia promove integra\u00e7\u00e3o entre sa\u00fade, bem-estar e seguran\u00e7a, al\u00e9m de investimentos em tecnologia e a\u00e7\u00f5es no tr\u00e2nsito para reduzir riscos dentro e fora das opera\u00e7\u00f5es<\/em><\/p>\n<p>&nbsp;<\/p>\n<p>Durante o Abril Verde, m\u00eas dedicado \u00e0 conscientiza\u00e7\u00e3o da sa\u00fade e seguran\u00e7a no trabalho, a Veracel Celulose refor\u00e7a seu compromisso com a constru\u00e7\u00e3o de um ambiente cada vez mais seguro, sustent\u00e1vel e orientado \u00e0 preven\u00e7\u00e3o. Para a companhia, a seguran\u00e7a transcende protocolos e equipamentos: trata-se de uma pr\u00e1tica di\u00e1ria, sustentada por cultura, engajamento e melhoria cont\u00ednua.<\/p>\n<p>&nbsp;<\/p>\n<h2>Integra\u00e7\u00e3o entre sa\u00fade, bem-estar e seguran\u00e7a<\/h2>\n<p>Na empresa, a seguran\u00e7a est\u00e1 integrada \u00e0s \u00e1reas de sa\u00fade e bem-estar, formando uma estrat\u00e9gia robusta e de longo prazo. A abordagem considera desde fatores individuais, como aten\u00e7\u00e3o e condi\u00e7\u00f5es de sa\u00fade dos colaboradores, at\u00e9 processos operacionais, uso de tecnologias e qualidade dos equipamentos.<\/p>\n<p>&nbsp;<\/p>\n<blockquote><p>\u201cPrecisamos trabalhar a seguran\u00e7a todos os dias. Observar riscos, falar sobre o tema e agir de forma consciente no dia a dia. O Abril Verde ajuda a refor\u00e7ar essa mensagem e a ampliar a conscientiza\u00e7\u00e3o, mas a pr\u00e1tica precisa ser constante\u201d, afirma Samanta Neto, coordenadora de Sa\u00fade, Bem-Estar e Seguran\u00e7a do Trabalho da Veracel.<\/p>\n<p>&nbsp;<\/p><\/blockquote>\n<h2>Tecnologia e pr\u00e1ticas para preven\u00e7\u00e3o de riscos<\/h2>\n<p>Treinamentos, protocolos operacionais e tecnologias que auxiliam na identifica\u00e7\u00e3o e mitiga\u00e7\u00e3o de riscos s\u00e3o aplicados constantemente. Entre as iniciativas est\u00e3o sistemas de monitoramento, uso de equipamentos de prote\u00e7\u00e3o individual (EPIs) e programas estruturados de capacita\u00e7\u00e3o para colaboradores, parceiros e visitantes.<\/p>\n<p>Outro diferencial est\u00e1 na valoriza\u00e7\u00e3o do aprendizado cont\u00ednuo, seja por meio da an\u00e1lise de ocorr\u00eancias ou pela troca de experi\u00eancias com outras empresas e \u00e1reas internas. \u201cN\u00e3o buscamos culpados, buscamos entender onde o processo pode melhorar. Aprender com o que deu certo e com o que pode ser aprimorado \u00e9 fundamental para evoluir em seguran\u00e7a\u201d, explica Samanta.<\/p>\n<p>&nbsp;<\/p>\n<h2>Protagonismo dos colaboradores na seguran\u00e7a<\/h2>\n<p>A Veracel aposta fortemente no protagonismo dos colaboradores, incentivando a participa\u00e7\u00e3o ativa na constru\u00e7\u00e3o de um ambiente seguro. Programas como o <strong><a href=\"https:\/\/www.veracel.com.br\/programa-guardioes-da-vida\/\"><u>\u201cGuardi\u00f5es da Vida\u201d<\/u><\/a><\/strong> reconhecem atitudes preventivas, como o reporte de condi\u00e7\u00f5es inseguras e situa\u00e7\u00f5es de risco.<\/p>\n<p>&nbsp;<\/p>\n<blockquote><p>\u201cQuem est\u00e1 na opera\u00e7\u00e3o conhece profundamente as atividades. Por isso, damos protagonismo a essas pessoas, ouvimos suas percep\u00e7\u00f5es e trabalhamos juntos para construir processos mais seguros. Esse engajamento \u00e9 essencial para fortalecer a cultura de seguran\u00e7a\u201d, destaca.<\/p><\/blockquote>\n<p>&nbsp;<\/p>\n<h2>Seguran\u00e7a no tr\u00e2nsito: tecnologia, preven\u00e7\u00e3o e comportamento seguro<\/h2>\n<p>A seguran\u00e7a tamb\u00e9m \u00e9 uma prioridade nas opera\u00e7\u00f5es log\u00edsticas, especialmente no transporte de madeira e celulose, que envolve circula\u00e7\u00e3o intensa de ve\u00edculos pesados em rodovias. Para reduzir riscos e promover um tr\u00e2nsito mais seguro, a Veracel investe em tecnologia, capacita\u00e7\u00e3o e monitoramento constante dos condutores.<\/p>\n<p>Entre as principais iniciativas est\u00e1 o monitoramento em tempo real da frota, aliado a sistemas de telemetria e videomonitoramento que permitem identificar comportamentos de risco, como excesso de velocidade, distra\u00e7\u00f5es e sinais de fadiga. Quando detectadas situa\u00e7\u00f5es cr\u00edticas, os motoristas recebem alertas imediatos e s\u00e3o orientados a realizar pausas seguras.<\/p>\n<p>Al\u00e9m disso, a companhia promove treinamentos frequentes de dire\u00e7\u00e3o defensiva, campanhas de conscientiza\u00e7\u00e3o e ferramentas como rotogramas \u2014 que orientam os condutores sobre pontos de aten\u00e7\u00e3o ao longo das rotas \u2014 contribuindo para uma condu\u00e7\u00e3o mais segura e planejada.<\/p>\n<p>Outra frente relevante \u00e9 o uso de tecnologias embarcadas que monitoram sinais de cansa\u00e7o, como bocejos ou distra\u00e7\u00f5es, refor\u00e7ando a import\u00e2ncia do bem-estar do motorista para a preven\u00e7\u00e3o de acidentes.<\/p>\n<p>&nbsp;<\/p>\n<h2>Cultura de seguran\u00e7a al\u00e9m do Abril Verde<\/h2>\n<p>A companhia atua na transforma\u00e7\u00e3o cultural, promovendo di\u00e1logos constantes, treinamentos e iniciativas como a Semana Interna de Preven\u00e7\u00e3o de Acidentes do Trabalho (SIPAT), que engaja colaboradores e terceiros de forma criativa e participativa.<\/p>\n<p>Um dos princ\u00edpios refor\u00e7ados pela Veracel \u00e9 que a aus\u00eancia de acidentes n\u00e3o significa, necessariamente, um ambiente seguro. \u201cPrecisamos manter a vigil\u00e2ncia sempre. Seguran\u00e7a \u00e9 resultado de bons h\u00e1bitos e pr\u00e1ticas consistentes. Mesmo sem acidentes, \u00e9 fundamental analisar riscos e aprender continuamente\u201d, conclui Samanta.<\/p>\n<p>&nbsp;<\/p>\n<p><a href=\"https:\/\/www.veracel.com.br\/nosso-jeito\/\"><strong>Saiba mais sobre o jeito de ser Veracel Celulose<\/strong><\/a><\/p>\n<p><strong><a href=\"https:\/\/www.veracel.com.br\/sustentabilidade\/operacoes-sustentaveis\/\">Conhe\u00e7a as nossas opera\u00e7\u00f5es sustent\u00e1veis<\/a><\/strong><\/p>\n<p>&nbsp;<\/p>\n","protected":false},"excerpt":{"rendered":"<p>Companhia promove integra\u00e7\u00e3o entre sa\u00fade, bem-estar e seguran\u00e7a, al\u00e9m de investimentos em tecnologia e a\u00e7\u00f5es no tr\u00e2nsito para reduzir riscos dentro e fora das opera\u00e7\u00f5es &nbsp; Durante o Abril Verde, m\u00eas dedicado \u00e0 conscientiza\u00e7\u00e3o da sa\u00fade e seguran\u00e7a no trabalho, a Veracel Celulose refor\u00e7a seu compromisso com a constru\u00e7\u00e3o de um ambiente cada vez mais [&hellip;]<\/p>\n","protected":false},"author":2,"featured_media":43060,"comment_status":"closed","ping_status":"closed","sticky":false,"template":"","format":"standard","meta":{"_acf_changed":false,"footnotes":"","_links_to":"","_links_to_target":""},"categories":[271,211],"tags":[],"class_list":["post-43057","post","type-post","status-publish","format-standard","has-post-thumbnail","hentry","category-a-veracel","category-noticias"],"acf":[],"yoast_head":"<!-- This site is optimized with the Yoast SEO Premium plugin v26.7 (Yoast SEO v27.5) - https:\/\/yoast.com\/product\/yoast-seo-premium-wordpress\/ -->\n<title>Veracel refor\u00e7a seguran\u00e7a e preven\u00e7\u00e3o no Abril Verde<\/title>\n<meta name=\"description\" content=\"No Abril Verde, a Veracel destaca a\u00e7\u00f5es de seguran\u00e7a, tecnologia e preven\u00e7\u00e3o para reduzir riscos e fortalecer a cultura organizacional.\" \/>\n<meta name=\"robots\" content=\"index, follow, max-snippet:-1, max-image-preview:large, max-video-preview:-1\" \/>\n<link rel=\"canonical\" href=\"https:\/\/www.veracel.com.br\/veracel-reforca-cultura-de-prevencao-e-investe-em-tecnologia-durante-o-abril-verde\/\" \/>\n<meta property=\"og:locale\" content=\"en_US\" \/>\n<meta property=\"og:type\" content=\"article\" \/>\n<meta property=\"og:title\" content=\"Veracel refor\u00e7a cultura de preven\u00e7\u00e3o e investe em tecnologia durante o Abril Verde\" \/>\n<meta property=\"og:description\" content=\"No Abril Verde, a Veracel destaca a\u00e7\u00f5es de seguran\u00e7a, tecnologia e preven\u00e7\u00e3o para reduzir riscos e fortalecer a cultura organizacional.\" \/>\n<meta property=\"og:url\" content=\"https:\/\/www.veracel.com.br\/veracel-reforca-cultura-de-prevencao-e-investe-em-tecnologia-durante-o-abril-verde\/\" \/>\n<meta property=\"og:site_name\" content=\"Veracel Celulose\" \/>\n<meta property=\"article:published_time\" content=\"2026-04-28T20:29:16+00:00\" \/>\n<meta property=\"article:modified_time\" content=\"2026-04-30T17:35:46+00:00\" \/>\n<meta property=\"og:image\" content=\"https:\/\/www.veracel.com.br\/wp-content\/uploads\/2026\/04\/abril-verde-seguranca-veracel-celulose.jpg\" \/>\n\t<meta property=\"og:image:width\" content=\"1500\" \/>\n\t<meta property=\"og:image:height\" content=\"1000\" \/>\n\t<meta property=\"og:image:type\" content=\"image\/jpeg\" \/>\n<meta name=\"author\" content=\"saulo\" \/>\n<meta name=\"twitter:card\" content=\"summary_large_image\" \/>\n<meta name=\"twitter:label1\" content=\"Written by\" \/>\n\t<meta name=\"twitter:data1\" content=\"saulo\" \/>\n\t<meta name=\"twitter:label2\" content=\"Est. reading time\" \/>\n\t<meta name=\"twitter:data2\" content=\"4 minutes\" \/>\n<script type=\"application\/ld+json\" class=\"yoast-schema-graph\">{\"@context\":\"https:\\\/\\\/schema.org\",\"@graph\":[{\"@type\":\"WebPage\",\"@id\":\"https:\\\/\\\/www.veracel.com.br\\\/veracel-reforca-cultura-de-prevencao-e-investe-em-tecnologia-durante-o-abril-verde\\\/\",\"url\":\"https:\\\/\\\/www.veracel.com.br\\\/veracel-reforca-cultura-de-prevencao-e-investe-em-tecnologia-durante-o-abril-verde\\\/\",\"name\":\"Veracel refor\u00e7a seguran\u00e7a e preven\u00e7\u00e3o no Abril Verde\",\"isPartOf\":{\"@id\":\"https:\\\/\\\/www.veracel.com.br\\\/#website\"},\"primaryImageOfPage\":{\"@id\":\"https:\\\/\\\/www.veracel.com.br\\\/veracel-reforca-cultura-de-prevencao-e-investe-em-tecnologia-durante-o-abril-verde\\\/#primaryimage\"},\"image\":{\"@id\":\"https:\\\/\\\/www.veracel.com.br\\\/veracel-reforca-cultura-de-prevencao-e-investe-em-tecnologia-durante-o-abril-verde\\\/#primaryimage\"},\"thumbnailUrl\":\"https:\\\/\\\/www.veracel.com.br\\\/wp-content\\\/uploads\\\/2026\\\/04\\\/abril-verde-seguranca-veracel-celulose.jpg\",\"datePublished\":\"2026-04-28T20:29:16+00:00\",\"dateModified\":\"2026-04-30T17:35:46+00:00\",\"description\":\"No Abril Verde, a Veracel destaca a\u00e7\u00f5es de seguran\u00e7a, tecnologia e preven\u00e7\u00e3o para reduzir riscos e fortalecer a cultura organizacional.\",\"breadcrumb\":{\"@id\":\"https:\\\/\\\/www.veracel.com.br\\\/veracel-reforca-cultura-de-prevencao-e-investe-em-tecnologia-durante-o-abril-verde\\\/#breadcrumb\"},\"inLanguage\":\"en-US\",\"potentialAction\":[{\"@type\":\"ReadAction\",\"target\":[\"https:\\\/\\\/www.veracel.com.br\\\/veracel-reforca-cultura-de-prevencao-e-investe-em-tecnologia-durante-o-abril-verde\\\/\"]}]},{\"@type\":\"ImageObject\",\"inLanguage\":\"en-US\",\"@id\":\"https:\\\/\\\/www.veracel.com.br\\\/veracel-reforca-cultura-de-prevencao-e-investe-em-tecnologia-durante-o-abril-verde\\\/#primaryimage\",\"url\":\"https:\\\/\\\/www.veracel.com.br\\\/wp-content\\\/uploads\\\/2026\\\/04\\\/abril-verde-seguranca-veracel-celulose.jpg\",\"contentUrl\":\"https:\\\/\\\/www.veracel.com.br\\\/wp-content\\\/uploads\\\/2026\\\/04\\\/abril-verde-seguranca-veracel-celulose.jpg\",\"width\":1500,\"height\":1000},{\"@type\":\"BreadcrumbList\",\"@id\":\"https:\\\/\\\/www.veracel.com.br\\\/veracel-reforca-cultura-de-prevencao-e-investe-em-tecnologia-durante-o-abril-verde\\\/#breadcrumb\",\"itemListElement\":[{\"@type\":\"ListItem\",\"position\":1,\"name\":\"Home\",\"item\":\"https:\\\/\\\/www.veracel.com.br\\\/\"},{\"@type\":\"ListItem\",\"position\":2,\"name\":\"Not\u00edcias\",\"item\":\"https:\\\/\\\/www.veracel.com.br\\\/noticias\\\/\"},{\"@type\":\"ListItem\",\"position\":3,\"name\":\"Veracel refor\u00e7a cultura de preven\u00e7\u00e3o e investe em tecnologia durante o Abril Verde\"}]},{\"@type\":\"WebSite\",\"@id\":\"https:\\\/\\\/www.veracel.com.br\\\/#website\",\"url\":\"https:\\\/\\\/www.veracel.com.br\\\/\",\"name\":\"Veracel Celulose\",\"description\":\"Quando crescemos juntos vamos muito mais longe\",\"publisher\":{\"@id\":\"https:\\\/\\\/www.veracel.com.br\\\/#organization\"},\"potentialAction\":[{\"@type\":\"SearchAction\",\"target\":{\"@type\":\"EntryPoint\",\"urlTemplate\":\"https:\\\/\\\/www.veracel.com.br\\\/?s={search_term_string}\"},\"query-input\":{\"@type\":\"PropertyValueSpecification\",\"valueRequired\":true,\"valueName\":\"search_term_string\"}}],\"inLanguage\":\"en-US\"},{\"@type\":\"Organization\",\"@id\":\"https:\\\/\\\/www.veracel.com.br\\\/#organization\",\"name\":\"Veracel Celulose\",\"url\":\"https:\\\/\\\/www.veracel.com.br\\\/\",\"logo\":{\"@type\":\"ImageObject\",\"inLanguage\":\"en-US\",\"@id\":\"https:\\\/\\\/www.veracel.com.br\\\/#\\\/schema\\\/logo\\\/image\\\/\",\"url\":\"https:\\\/\\\/www.veracel.com.br\\\/wp-content\\\/uploads\\\/2024\\\/08\\\/Ativo-1.png\",\"contentUrl\":\"https:\\\/\\\/www.veracel.com.br\\\/wp-content\\\/uploads\\\/2024\\\/08\\\/Ativo-1.png\",\"width\":400,\"height\":121,\"caption\":\"Veracel Celulose\"},\"image\":{\"@id\":\"https:\\\/\\\/www.veracel.com.br\\\/#\\\/schema\\\/logo\\\/image\\\/\"},\"sameAs\":[\"https:\\\/\\\/www.instagram.com\\\/veracelcelulose\",\"https:\\\/\\\/www.linkedin.com\\\/company\\\/veracelcelulose\\\/\",\"https:\\\/\\\/www.youtube.com\\\/user\\\/CanalVeracel\"]}]}<\/script>\n<!-- \/ Yoast SEO Premium plugin. -->","yoast_head_json":{"title":"Veracel refor\u00e7a seguran\u00e7a e preven\u00e7\u00e3o no Abril Verde","description":"No Abril Verde, a Veracel destaca a\u00e7\u00f5es de seguran\u00e7a, tecnologia e preven\u00e7\u00e3o para reduzir riscos e fortalecer a cultura organizacional.","robots":{"index":"index","follow":"follow","max-snippet":"max-snippet:-1","max-image-preview":"max-image-preview:large","max-video-preview":"max-video-preview:-1"},"canonical":"https:\/\/www.veracel.com.br\/veracel-reforca-cultura-de-prevencao-e-investe-em-tecnologia-durante-o-abril-verde\/","og_locale":"en_US","og_type":"article","og_title":"Veracel refor\u00e7a cultura de preven\u00e7\u00e3o e investe em tecnologia durante o Abril Verde","og_description":"No Abril Verde, a Veracel destaca a\u00e7\u00f5es de seguran\u00e7a, tecnologia e preven\u00e7\u00e3o para reduzir riscos e fortalecer a cultura organizacional.","og_url":"https:\/\/www.veracel.com.br\/veracel-reforca-cultura-de-prevencao-e-investe-em-tecnologia-durante-o-abril-verde\/","og_site_name":"Veracel Celulose","article_published_time":"2026-04-28T20:29:16+00:00","article_modified_time":"2026-04-30T17:35:46+00:00","og_image":[{"width":1500,"height":1000,"url":"https:\/\/www.veracel.com.br\/wp-content\/uploads\/2026\/04\/abril-verde-seguranca-veracel-celulose.jpg","type":"image\/jpeg"}],"author":"saulo","twitter_card":"summary_large_image","twitter_misc":{"Written by":"saulo","Est. reading time":"4 minutes"},"schema":{"@context":"https:\/\/schema.org","@graph":[{"@type":"WebPage","@id":"https:\/\/www.veracel.com.br\/veracel-reforca-cultura-de-prevencao-e-investe-em-tecnologia-durante-o-abril-verde\/","url":"https:\/\/www.veracel.com.br\/veracel-reforca-cultura-de-prevencao-e-investe-em-tecnologia-durante-o-abril-verde\/","name":"Veracel refor\u00e7a seguran\u00e7a e preven\u00e7\u00e3o no Abril Verde","isPartOf":{"@id":"https:\/\/www.veracel.com.br\/#website"},"primaryImageOfPage":{"@id":"https:\/\/www.veracel.com.br\/veracel-reforca-cultura-de-prevencao-e-investe-em-tecnologia-durante-o-abril-verde\/#primaryimage"},"image":{"@id":"https:\/\/www.veracel.com.br\/veracel-reforca-cultura-de-prevencao-e-investe-em-tecnologia-durante-o-abril-verde\/#primaryimage"},"thumbnailUrl":"https:\/\/www.veracel.com.br\/wp-content\/uploads\/2026\/04\/abril-verde-seguranca-veracel-celulose.jpg","datePublished":"2026-04-28T20:29:16+00:00","dateModified":"2026-04-30T17:35:46+00:00","description":"No Abril Verde, a Veracel destaca a\u00e7\u00f5es de seguran\u00e7a, tecnologia e preven\u00e7\u00e3o para reduzir riscos e fortalecer a cultura organizacional.","breadcrumb":{"@id":"https:\/\/www.veracel.com.br\/veracel-reforca-cultura-de-prevencao-e-investe-em-tecnologia-durante-o-abril-verde\/#breadcrumb"},"inLanguage":"en-US","potentialAction":[{"@type":"ReadAction","target":["https:\/\/www.veracel.com.br\/veracel-reforca-cultura-de-prevencao-e-investe-em-tecnologia-durante-o-abril-verde\/"]}]},{"@type":"ImageObject","inLanguage":"en-US","@id":"https:\/\/www.veracel.com.br\/veracel-reforca-cultura-de-prevencao-e-investe-em-tecnologia-durante-o-abril-verde\/#primaryimage","url":"https:\/\/www.veracel.com.br\/wp-content\/uploads\/2026\/04\/abril-verde-seguranca-veracel-celulose.jpg","contentUrl":"https:\/\/www.veracel.com.br\/wp-content\/uploads\/2026\/04\/abril-verde-seguranca-veracel-celulose.jpg","width":1500,"height":1000},{"@type":"BreadcrumbList","@id":"https:\/\/www.veracel.com.br\/veracel-reforca-cultura-de-prevencao-e-investe-em-tecnologia-durante-o-abril-verde\/#breadcrumb","itemListElement":[{"@type":"ListItem","position":1,"name":"Home","item":"https:\/\/www.veracel.com.br\/"},{"@type":"ListItem","position":2,"name":"Not\u00edcias","item":"https:\/\/www.veracel.com.br\/noticias\/"},{"@type":"ListItem","position":3,"name":"Veracel refor\u00e7a cultura de preven\u00e7\u00e3o e investe em tecnologia durante o Abril Verde"}]},{"@type":"WebSite","@id":"https:\/\/www.veracel.com.br\/#website","url":"https:\/\/www.veracel.com.br\/","name":"Veracel Celulose","description":"Quando crescemos juntos vamos muito mais longe","publisher":{"@id":"https:\/\/www.veracel.com.br\/#organization"},"potentialAction":[{"@type":"SearchAction","target":{"@type":"EntryPoint","urlTemplate":"https:\/\/www.veracel.com.br\/?s={search_term_string}"},"query-input":{"@type":"PropertyValueSpecification","valueRequired":true,"valueName":"search_term_string"}}],"inLanguage":"en-US"},{"@type":"Organization","@id":"https:\/\/www.veracel.com.br\/#organization","name":"Veracel Celulose","url":"https:\/\/www.veracel.com.br\/","logo":{"@type":"ImageObject","inLanguage":"en-US","@id":"https:\/\/www.veracel.com.br\/#\/schema\/logo\/image\/","url":"https:\/\/www.veracel.com.br\/wp-content\/uploads\/2024\/08\/Ativo-1.png","contentUrl":"https:\/\/www.veracel.com.br\/wp-content\/uploads\/2024\/08\/Ativo-1.png","width":400,"height":121,"caption":"Veracel Celulose"},"image":{"@id":"https:\/\/www.veracel.com.br\/#\/schema\/logo\/image\/"},"sameAs":["https:\/\/www.instagram.com\/veracelcelulose","https:\/\/www.linkedin.com\/company\/veracelcelulose\/","https:\/\/www.youtube.com\/user\/CanalVeracel"]}]}},"_links":{"self":[{"href":"https:\/\/www.veracel.com.br\/en\/wp-json\/wp\/v2\/posts\/43057","targetHints":{"allow":["GET"]}}],"collection":[{"href":"https:\/\/www.veracel.com.br\/en\/wp-json\/wp\/v2\/posts"}],"about":[{"href":"https:\/\/www.veracel.com.br\/en\/wp-json\/wp\/v2\/types\/post"}],"author":[{"embeddable":true,"href":"https:\/\/www.veracel.com.br\/en\/wp-json\/wp\/v2\/users\/2"}],"replies":[{"embeddable":true,"href":"https:\/\/www.veracel.com.br\/en\/wp-json\/wp\/v2\/comments?post=43057"}],"version-history":[{"count":2,"href":"https:\/\/www.veracel.com.br\/en\/wp-json\/wp\/v2\/posts\/43057\/revisions"}],"predecessor-version":[{"id":43064,"href":"https:\/\/www.veracel.com.br\/en\/wp-json\/wp\/v2\/posts\/43057\/revisions\/43064"}],"wp:featuredmedia":[{"embeddable":true,"href":"https:\/\/www.veracel.com.br\/en\/wp-json\/wp\/v2\/media\/43060"}],"wp:attachment":[{"href":"https:\/\/www.veracel.com.br\/en\/wp-json\/wp\/v2\/media?parent=43057"}],"wp:term":[{"taxonomy":"category","embeddable":true,"href":"https:\/\/www.veracel.com.br\/en\/wp-json\/wp\/v2\/categories?post=43057"},{"taxonomy":"post_tag","embeddable":true,"href":"https:\/\/www.veracel.com.br\/en\/wp-json\/wp\/v2\/tags?post=43057"}],"curies":[{"name":"wp","href":"https:\/\/api.w.org\/{rel}","templated":true}]}}