{"id":43065,"date":"2026-04-30T14:47:10","date_gmt":"2026-04-30T17:47:10","guid":{"rendered":"https:\/\/www.veracel.com.br\/?p=43065"},"modified":"2026-04-30T15:04:06","modified_gmt":"2026-04-30T18:04:06","slug":"veracel-abre-inscricoes-para-projetos-sociais-culturais-e-esportivos","status":"publish","type":"post","link":"https:\/\/www.veracel.com.br\/en\/veracel-abre-inscricoes-para-projetos-sociais-culturais-e-esportivos\/","title":{"rendered":"Veracel abre inscri\u00e7\u00f5es para projetos sociais, culturais e esportivos em sua \u00e1rea de atua\u00e7\u00e3o"},"content":{"rendered":"<p><em>Institui\u00e7\u00f5es podem enviar propostas para receber apoio por meio da Lei de Incentivo at\u00e9 o dia 15 de maio<\/em><\/p>\n<p>&nbsp;<\/p>\n<p>A Veracel Celulose abriu, at\u00e9 o dia 15 de maio, o per\u00edodo para recebimento de propostas de projetos que poder\u00e3o receber apoio por meio da Lei de Incentivo \u00e0 Cultura, Lei de Incentivo ao Esporte e Fundo da Inf\u00e2ncia e Adolesc\u00eancia (FIA).<\/p>\n<p>A sele\u00e7\u00e3o priorizar\u00e1 iniciativas com atua\u00e7\u00e3o nos munic\u00edpios onde a empresa est\u00e1 presente, no Sul da Bahia e no Vale do Jequitinhonha (MG). O objetivo \u00e9 fortalecer a\u00e7\u00f5es locais voltadas \u00e0 inclus\u00e3o social, acesso \u00e0 cultura, esporte, prote\u00e7\u00e3o de crian\u00e7as e adolescentes e gera\u00e7\u00e3o de oportunidades.<\/p>\n<p>As institui\u00e7\u00f5es interessadas devem encaminhar os projetos exclusivamente para o e-mail <a href=\"mailto:demandas@veracel.com.br\"><strong>demandas@veracel.com.br<\/strong><\/a>\u00a0at\u00e9 o fim do prazo.<\/p>\n<p>&nbsp;<\/p>\n<h2>Vis\u00e3o estrat\u00e9gica da empresa<\/h2>\n<p>Segundo Alexandre Campbell de Mendon\u00e7a, gerente de Responsabilidade Social da Veracel Celulose, a proposta \u00e9 ampliar o alcance de iniciativas j\u00e1 desenvolvidas pela empresa nas comunidades e favorecer que parte dos impostos pagos pela empresa sejam aplicados diretamente na sua regi\u00e3o de atua\u00e7\u00e3o.<\/p>\n<p>\u201cOs mecanismos de incentivo fiscal podem acelerar projetos importantes para a popula\u00e7\u00e3o. Queremos aproximar essas oportunidades das organiza\u00e7\u00f5es locais e apoiar institui\u00e7\u00f5es que conhecem de perto as necessidades do territ\u00f3rio\u201d, afirma.<\/p>\n<p>O envio das propostas n\u00e3o garante aprova\u00e7\u00e3o ou repasse de recursos. Todos os projetos passar\u00e3o por an\u00e1lise interna da companhia, de acordo com crit\u00e9rios t\u00e9cnicos e exig\u00eancias legais.<\/p>\n<p>&nbsp;<\/p>\n<h2>Hist\u00f3rico de apoio a iniciativas locais<\/h2>\n<p>A abertura peri\u00f3dica para recebimento de projetos faz parte da estrat\u00e9gia social da empresa. Em 2026, a Veracel promoveu um <strong><a href=\"https:\/\/www.veracel.com.br\/veracel-workshop-projetos-sociais-leis-de-incentivo\/\">workshop sobre leis de incentivo<\/a><\/strong> para orientar organiza\u00e7\u00f5es interessadas em acessar esses mecanismos.<\/p>\n<p>No ano passado, lan\u00e7ou um <strong><a href=\"https:\/\/www.veracel.com.br\/veracel-abre-o-seu-primeiro-edital-com-foco-em-acoes-de-responsabilidade-socioambiental\/\">edital socioambiental<\/a><\/strong> voltado a projetos com impacto positivo nas comunidades da regi\u00e3o.<\/p>\n<p>A iniciativa ocorre em um momento de maior busca por fontes complementares de financiamento para projetos sociais e culturais, especialmente fora dos grandes centros, onde o acesso a recursos costuma ser mais limitado.<\/p>\n<p>&nbsp;<\/p>\n","protected":false},"excerpt":{"rendered":"<p>Institui\u00e7\u00f5es podem enviar propostas para receber apoio por meio da Lei de Incentivo at\u00e9 o dia 15 de maio &nbsp; A Veracel Celulose abriu, at\u00e9 o dia 15 de maio, o per\u00edodo para recebimento de propostas de projetos que poder\u00e3o receber apoio por meio da Lei de Incentivo \u00e0 Cultura, Lei de Incentivo ao Esporte [&hellip;]<\/p>\n","protected":false},"author":2,"featured_media":43066,"comment_status":"closed","ping_status":"closed","sticky":false,"template":"","format":"standard","meta":{"_acf_changed":false,"footnotes":"","_links_to":"","_links_to_target":""},"categories":[211,332],"tags":[],"class_list":["post-43065","post","type-post","status-publish","format-standard","has-post-thumbnail","hentry","category-noticias","category-sustentabilidade-veracel"],"acf":[],"yoast_head":"<!-- This site is optimized with the Yoast SEO Premium plugin v26.7 (Yoast SEO v27.5) - https:\/\/yoast.com\/product\/yoast-seo-premium-wordpress\/ -->\n<title>Veracel abre inscri\u00e7\u00f5es para projetos de Lei de Incentivo<\/title>\n<meta name=\"description\" content=\"Veracel abre inscri\u00e7\u00f5es para projetos sociais, culturais e esportivos com apoio via leis de incentivo. Prazo vai at\u00e9 15 de maio.\" \/>\n<meta name=\"robots\" content=\"index, follow, max-snippet:-1, max-image-preview:large, max-video-preview:-1\" \/>\n<link rel=\"canonical\" href=\"https:\/\/www.veracel.com.br\/veracel-abre-inscricoes-para-projetos-sociais-culturais-e-esportivos\/\" \/>\n<meta property=\"og:locale\" content=\"en_US\" \/>\n<meta property=\"og:type\" content=\"article\" \/>\n<meta property=\"og:title\" content=\"Veracel abre inscri\u00e7\u00f5es para projetos sociais, culturais e esportivos em sua \u00e1rea de atua\u00e7\u00e3o\" \/>\n<meta property=\"og:description\" content=\"Veracel abre inscri\u00e7\u00f5es para projetos sociais, culturais e esportivos com apoio via leis de incentivo. Prazo vai at\u00e9 15 de maio.\" \/>\n<meta property=\"og:url\" content=\"https:\/\/www.veracel.com.br\/veracel-abre-inscricoes-para-projetos-sociais-culturais-e-esportivos\/\" \/>\n<meta property=\"og:site_name\" content=\"Veracel Celulose\" \/>\n<meta property=\"article:published_time\" content=\"2026-04-30T17:47:10+00:00\" \/>\n<meta property=\"article:modified_time\" content=\"2026-04-30T18:04:06+00:00\" \/>\n<meta property=\"og:image\" content=\"https:\/\/www.veracel.com.br\/wp-content\/uploads\/2026\/04\/projetos-lei-de-incentivo-fiscal.jpg\" \/>\n\t<meta property=\"og:image:width\" content=\"1500\" \/>\n\t<meta property=\"og:image:height\" content=\"844\" \/>\n\t<meta property=\"og:image:type\" content=\"image\/jpeg\" \/>\n<meta name=\"author\" content=\"saulo\" \/>\n<meta name=\"twitter:card\" content=\"summary_large_image\" \/>\n<meta name=\"twitter:label1\" content=\"Written by\" \/>\n\t<meta name=\"twitter:data1\" content=\"saulo\" \/>\n\t<meta name=\"twitter:label2\" content=\"Est. reading time\" \/>\n\t<meta name=\"twitter:data2\" content=\"2 minutes\" \/>\n<script type=\"application\/ld+json\" class=\"yoast-schema-graph\">{\"@context\":\"https:\\\/\\\/schema.org\",\"@graph\":[{\"@type\":\"WebPage\",\"@id\":\"https:\\\/\\\/www.veracel.com.br\\\/veracel-abre-inscricoes-para-projetos-sociais-culturais-e-esportivos\\\/\",\"url\":\"https:\\\/\\\/www.veracel.com.br\\\/veracel-abre-inscricoes-para-projetos-sociais-culturais-e-esportivos\\\/\",\"name\":\"Veracel abre inscri\u00e7\u00f5es para projetos de Lei de Incentivo\",\"isPartOf\":{\"@id\":\"https:\\\/\\\/www.veracel.com.br\\\/#website\"},\"primaryImageOfPage\":{\"@id\":\"https:\\\/\\\/www.veracel.com.br\\\/veracel-abre-inscricoes-para-projetos-sociais-culturais-e-esportivos\\\/#primaryimage\"},\"image\":{\"@id\":\"https:\\\/\\\/www.veracel.com.br\\\/veracel-abre-inscricoes-para-projetos-sociais-culturais-e-esportivos\\\/#primaryimage\"},\"thumbnailUrl\":\"https:\\\/\\\/www.veracel.com.br\\\/wp-content\\\/uploads\\\/2026\\\/04\\\/projetos-lei-de-incentivo-fiscal.jpg\",\"datePublished\":\"2026-04-30T17:47:10+00:00\",\"dateModified\":\"2026-04-30T18:04:06+00:00\",\"description\":\"Veracel abre inscri\u00e7\u00f5es para projetos sociais, culturais e esportivos com apoio via leis de incentivo. Prazo vai at\u00e9 15 de maio.\",\"breadcrumb\":{\"@id\":\"https:\\\/\\\/www.veracel.com.br\\\/veracel-abre-inscricoes-para-projetos-sociais-culturais-e-esportivos\\\/#breadcrumb\"},\"inLanguage\":\"en-US\",\"potentialAction\":[{\"@type\":\"ReadAction\",\"target\":[\"https:\\\/\\\/www.veracel.com.br\\\/veracel-abre-inscricoes-para-projetos-sociais-culturais-e-esportivos\\\/\"]}]},{\"@type\":\"ImageObject\",\"inLanguage\":\"en-US\",\"@id\":\"https:\\\/\\\/www.veracel.com.br\\\/veracel-abre-inscricoes-para-projetos-sociais-culturais-e-esportivos\\\/#primaryimage\",\"url\":\"https:\\\/\\\/www.veracel.com.br\\\/wp-content\\\/uploads\\\/2026\\\/04\\\/projetos-lei-de-incentivo-fiscal.jpg\",\"contentUrl\":\"https:\\\/\\\/www.veracel.com.br\\\/wp-content\\\/uploads\\\/2026\\\/04\\\/projetos-lei-de-incentivo-fiscal.jpg\",\"width\":1500,\"height\":844},{\"@type\":\"BreadcrumbList\",\"@id\":\"https:\\\/\\\/www.veracel.com.br\\\/veracel-abre-inscricoes-para-projetos-sociais-culturais-e-esportivos\\\/#breadcrumb\",\"itemListElement\":[{\"@type\":\"ListItem\",\"position\":1,\"name\":\"Home\",\"item\":\"https:\\\/\\\/www.veracel.com.br\\\/\"},{\"@type\":\"ListItem\",\"position\":2,\"name\":\"Not\u00edcias\",\"item\":\"https:\\\/\\\/www.veracel.com.br\\\/noticias\\\/\"},{\"@type\":\"ListItem\",\"position\":3,\"name\":\"Veracel abre inscri\u00e7\u00f5es para projetos sociais, culturais e esportivos em sua \u00e1rea de atua\u00e7\u00e3o\"}]},{\"@type\":\"WebSite\",\"@id\":\"https:\\\/\\\/www.veracel.com.br\\\/#website\",\"url\":\"https:\\\/\\\/www.veracel.com.br\\\/\",\"name\":\"Veracel Celulose\",\"description\":\"Quando crescemos juntos vamos muito mais longe\",\"publisher\":{\"@id\":\"https:\\\/\\\/www.veracel.com.br\\\/#organization\"},\"potentialAction\":[{\"@type\":\"SearchAction\",\"target\":{\"@type\":\"EntryPoint\",\"urlTemplate\":\"https:\\\/\\\/www.veracel.com.br\\\/?s={search_term_string}\"},\"query-input\":{\"@type\":\"PropertyValueSpecification\",\"valueRequired\":true,\"valueName\":\"search_term_string\"}}],\"inLanguage\":\"en-US\"},{\"@type\":\"Organization\",\"@id\":\"https:\\\/\\\/www.veracel.com.br\\\/#organization\",\"name\":\"Veracel Celulose\",\"url\":\"https:\\\/\\\/www.veracel.com.br\\\/\",\"logo\":{\"@type\":\"ImageObject\",\"inLanguage\":\"en-US\",\"@id\":\"https:\\\/\\\/www.veracel.com.br\\\/#\\\/schema\\\/logo\\\/image\\\/\",\"url\":\"https:\\\/\\\/www.veracel.com.br\\\/wp-content\\\/uploads\\\/2024\\\/08\\\/Ativo-1.png\",\"contentUrl\":\"https:\\\/\\\/www.veracel.com.br\\\/wp-content\\\/uploads\\\/2024\\\/08\\\/Ativo-1.png\",\"width\":400,\"height\":121,\"caption\":\"Veracel Celulose\"},\"image\":{\"@id\":\"https:\\\/\\\/www.veracel.com.br\\\/#\\\/schema\\\/logo\\\/image\\\/\"},\"sameAs\":[\"https:\\\/\\\/www.instagram.com\\\/veracelcelulose\",\"https:\\\/\\\/www.linkedin.com\\\/company\\\/veracelcelulose\\\/\",\"https:\\\/\\\/www.youtube.com\\\/user\\\/CanalVeracel\"]}]}<\/script>\n<!-- \/ Yoast SEO Premium plugin. -->","yoast_head_json":{"title":"Veracel abre inscri\u00e7\u00f5es para projetos de Lei de Incentivo","description":"Veracel abre inscri\u00e7\u00f5es para projetos sociais, culturais e esportivos com apoio via leis de incentivo. Prazo vai at\u00e9 15 de maio.","robots":{"index":"index","follow":"follow","max-snippet":"max-snippet:-1","max-image-preview":"max-image-preview:large","max-video-preview":"max-video-preview:-1"},"canonical":"https:\/\/www.veracel.com.br\/veracel-abre-inscricoes-para-projetos-sociais-culturais-e-esportivos\/","og_locale":"en_US","og_type":"article","og_title":"Veracel abre inscri\u00e7\u00f5es para projetos sociais, culturais e esportivos em sua \u00e1rea de atua\u00e7\u00e3o","og_description":"Veracel abre inscri\u00e7\u00f5es para projetos sociais, culturais e esportivos com apoio via leis de incentivo. Prazo vai at\u00e9 15 de maio.","og_url":"https:\/\/www.veracel.com.br\/veracel-abre-inscricoes-para-projetos-sociais-culturais-e-esportivos\/","og_site_name":"Veracel Celulose","article_published_time":"2026-04-30T17:47:10+00:00","article_modified_time":"2026-04-30T18:04:06+00:00","og_image":[{"width":1500,"height":844,"url":"https:\/\/www.veracel.com.br\/wp-content\/uploads\/2026\/04\/projetos-lei-de-incentivo-fiscal.jpg","type":"image\/jpeg"}],"author":"saulo","twitter_card":"summary_large_image","twitter_misc":{"Written by":"saulo","Est. reading time":"2 minutes"},"schema":{"@context":"https:\/\/schema.org","@graph":[{"@type":"WebPage","@id":"https:\/\/www.veracel.com.br\/veracel-abre-inscricoes-para-projetos-sociais-culturais-e-esportivos\/","url":"https:\/\/www.veracel.com.br\/veracel-abre-inscricoes-para-projetos-sociais-culturais-e-esportivos\/","name":"Veracel abre inscri\u00e7\u00f5es para projetos de Lei de Incentivo","isPartOf":{"@id":"https:\/\/www.veracel.com.br\/#website"},"primaryImageOfPage":{"@id":"https:\/\/www.veracel.com.br\/veracel-abre-inscricoes-para-projetos-sociais-culturais-e-esportivos\/#primaryimage"},"image":{"@id":"https:\/\/www.veracel.com.br\/veracel-abre-inscricoes-para-projetos-sociais-culturais-e-esportivos\/#primaryimage"},"thumbnailUrl":"https:\/\/www.veracel.com.br\/wp-content\/uploads\/2026\/04\/projetos-lei-de-incentivo-fiscal.jpg","datePublished":"2026-04-30T17:47:10+00:00","dateModified":"2026-04-30T18:04:06+00:00","description":"Veracel abre inscri\u00e7\u00f5es para projetos sociais, culturais e esportivos com apoio via leis de incentivo. Prazo vai at\u00e9 15 de maio.","breadcrumb":{"@id":"https:\/\/www.veracel.com.br\/veracel-abre-inscricoes-para-projetos-sociais-culturais-e-esportivos\/#breadcrumb"},"inLanguage":"en-US","potentialAction":[{"@type":"ReadAction","target":["https:\/\/www.veracel.com.br\/veracel-abre-inscricoes-para-projetos-sociais-culturais-e-esportivos\/"]}]},{"@type":"ImageObject","inLanguage":"en-US","@id":"https:\/\/www.veracel.com.br\/veracel-abre-inscricoes-para-projetos-sociais-culturais-e-esportivos\/#primaryimage","url":"https:\/\/www.veracel.com.br\/wp-content\/uploads\/2026\/04\/projetos-lei-de-incentivo-fiscal.jpg","contentUrl":"https:\/\/www.veracel.com.br\/wp-content\/uploads\/2026\/04\/projetos-lei-de-incentivo-fiscal.jpg","width":1500,"height":844},{"@type":"BreadcrumbList","@id":"https:\/\/www.veracel.com.br\/veracel-abre-inscricoes-para-projetos-sociais-culturais-e-esportivos\/#breadcrumb","itemListElement":[{"@type":"ListItem","position":1,"name":"Home","item":"https:\/\/www.veracel.com.br\/"},{"@type":"ListItem","position":2,"name":"Not\u00edcias","item":"https:\/\/www.veracel.com.br\/noticias\/"},{"@type":"ListItem","position":3,"name":"Veracel abre inscri\u00e7\u00f5es para projetos sociais, culturais e esportivos em sua \u00e1rea de atua\u00e7\u00e3o"}]},{"@type":"WebSite","@id":"https:\/\/www.veracel.com.br\/#website","url":"https:\/\/www.veracel.com.br\/","name":"Veracel Celulose","description":"Quando crescemos juntos vamos muito mais longe","publisher":{"@id":"https:\/\/www.veracel.com.br\/#organization"},"potentialAction":[{"@type":"SearchAction","target":{"@type":"EntryPoint","urlTemplate":"https:\/\/www.veracel.com.br\/?s={search_term_string}"},"query-input":{"@type":"PropertyValueSpecification","valueRequired":true,"valueName":"search_term_string"}}],"inLanguage":"en-US"},{"@type":"Organization","@id":"https:\/\/www.veracel.com.br\/#organization","name":"Veracel Celulose","url":"https:\/\/www.veracel.com.br\/","logo":{"@type":"ImageObject","inLanguage":"en-US","@id":"https:\/\/www.veracel.com.br\/#\/schema\/logo\/image\/","url":"https:\/\/www.veracel.com.br\/wp-content\/uploads\/2024\/08\/Ativo-1.png","contentUrl":"https:\/\/www.veracel.com.br\/wp-content\/uploads\/2024\/08\/Ativo-1.png","width":400,"height":121,"caption":"Veracel Celulose"},"image":{"@id":"https:\/\/www.veracel.com.br\/#\/schema\/logo\/image\/"},"sameAs":["https:\/\/www.instagram.com\/veracelcelulose","https:\/\/www.linkedin.com\/company\/veracelcelulose\/","https:\/\/www.youtube.com\/user\/CanalVeracel"]}]}},"_links":{"self":[{"href":"https:\/\/www.veracel.com.br\/en\/wp-json\/wp\/v2\/posts\/43065","targetHints":{"allow":["GET"]}}],"collection":[{"href":"https:\/\/www.veracel.com.br\/en\/wp-json\/wp\/v2\/posts"}],"about":[{"href":"https:\/\/www.veracel.com.br\/en\/wp-json\/wp\/v2\/types\/post"}],"author":[{"embeddable":true,"href":"https:\/\/www.veracel.com.br\/en\/wp-json\/wp\/v2\/users\/2"}],"replies":[{"embeddable":true,"href":"https:\/\/www.veracel.com.br\/en\/wp-json\/wp\/v2\/comments?post=43065"}],"version-history":[{"count":5,"href":"https:\/\/www.veracel.com.br\/en\/wp-json\/wp\/v2\/posts\/43065\/revisions"}],"predecessor-version":[{"id":43072,"href":"https:\/\/www.veracel.com.br\/en\/wp-json\/wp\/v2\/posts\/43065\/revisions\/43072"}],"wp:featuredmedia":[{"embeddable":true,"href":"https:\/\/www.veracel.com.br\/en\/wp-json\/wp\/v2\/media\/43066"}],"wp:attachment":[{"href":"https:\/\/www.veracel.com.br\/en\/wp-json\/wp\/v2\/media?parent=43065"}],"wp:term":[{"taxonomy":"category","embeddable":true,"href":"https:\/\/www.veracel.com.br\/en\/wp-json\/wp\/v2\/categories?post=43065"},{"taxonomy":"post_tag","embeddable":true,"href":"https:\/\/www.veracel.com.br\/en\/wp-json\/wp\/v2\/tags?post=43065"}],"curies":[{"name":"wp","href":"https:\/\/api.w.org\/{rel}","templated":true}]}}